{"id":96777,"date":"2021-05-06T08:00:15","date_gmt":"2021-05-06T13:00:15","guid":{"rendered":"https:\/\/www.uv.mx\/prensa\/?p=96777"},"modified":"2021-05-06T12:43:10","modified_gmt":"2021-05-06T17:43:10","slug":"el-mecsicano-llega-a-casa-del-lago-uv","status":"publish","type":"post","link":"https:\/\/www.uv.mx\/prensa\/cultura\/el-mecsicano-llega-a-casa-del-lago-uv\/","title":{"rendered":"<em>El Mecsicano<\/em> llega a Casa del Lago UV"},"content":{"rendered":"<ul>\n<li data-leveltext=\"\uf0b7\" data-font=\"Symbol\" data-listid=\"1\" data-aria-posinset=\"1\" data-aria-level=\"1\"><i><span data-contrast=\"auto\">Se presentar\u00e1 los fines de semana, del 8 al 23 de mayo<\/span><\/i><i><span data-contrast=\"auto\">, a las 18:00 horas<\/span><\/i><span data-ccp-props=\"{&quot;134233279&quot;:true}\">\u00a0<\/span><\/li>\n<li data-leveltext=\"\uf0b7\" data-font=\"Symbol\" data-listid=\"1\" data-aria-posinset=\"2\" data-aria-level=\"1\"><i><span data-contrast=\"auto\">La entrada es gratui<\/span><\/i><i><span data-contrast=\"auto\">ta, con cupo limitado a 50 personas\u00a0<\/span><\/i><span data-ccp-props=\"{&quot;134233279&quot;:true}\">\u00a0<\/span><\/li>\n<\/ul>\n<div id=\"attachment_96778\" style=\"width: 730px\" class=\"wp-caption aligncenter\"><a href=\"https:\/\/www.uv.mx\/prensa\/files\/2021\/05\/060521-Orteuv-1.jpg\"><img aria-describedby=\"caption-attachment-96778\" decoding=\"async\" loading=\"lazy\" class=\"size-full wp-image-96778\" src=\"https:\/\/www.uv.mx\/prensa\/files\/2021\/05\/060521-Orteuv-1.jpg\" alt=\"\" width=\"720\" height=\"480\" srcset=\"https:\/\/www.uv.mx\/prensa\/files\/2021\/05\/060521-Orteuv-1.jpg 720w, https:\/\/www.uv.mx\/prensa\/files\/2021\/05\/060521-Orteuv-1-300x200.jpg 300w\" sizes=\"(max-width: 720px) 100vw, 720px\" \/><\/a><p id=\"caption-attachment-96778\" class=\"wp-caption-text\">La obra es apta para toda la familia y se presenta en el formato de teatro de calle, para lograr un contacto en vivo con el p\u00fablico, manteniendo la sana distancia<\/p><\/div>\n<p>&nbsp;<\/p>\n<p><b><i><span data-contrast=\"auto\">Karina de la Paz Reyes D\u00edaz<\/span><\/i><\/b><span data-ccp-props=\"{}\">\u00a0<\/span><\/p>\n<p><b><i><span data-contrast=\"auto\">06\/05\/2021, Xalapa, Ver.-<\/span><\/i><\/b> <i><span data-contrast=\"auto\">El Mecsicano<\/span><\/i><span data-contrast=\"auto\">, <\/span><span data-contrast=\"auto\">obra <\/span><span data-contrast=\"auto\">de l<\/span><span data-contrast=\"auto\">a <a href=\"http:\/\/www.organizacionteatral.com.mx\/\" target=\"_blank\" rel=\"noopener\">Compa\u00f1\u00eda Titular de Teatro<\/a> de la Universidad Veracruzana<\/span><span data-contrast=\"auto\"> (<\/span><i><span data-contrast=\"auto\">O<\/span><\/i><i><span data-contrast=\"auto\">rteuv<\/span><\/i><span data-contrast=\"auto\">)<\/span><span data-contrast=\"auto\">,<\/span><span data-contrast=\"auto\"> se presentar\u00e1 <\/span><span data-contrast=\"auto\">los fines de semana de mayo<\/span><span data-contrast=\"auto\"> en<\/span><span data-contrast=\"auto\"> la<\/span><span data-contrast=\"auto\"> Casa del Lago<\/span><span data-contrast=\"auto\"> UV<\/span><span data-contrast=\"auto\">, a las 18:00 horas<\/span><span data-contrast=\"auto\">. La entrada ser\u00e1 gratuita, con cupo limitado y todas las medidas sanitarias<\/span><span data-contrast=\"auto\"> en atenci\u00f3n a la pandemia por la<\/span> <span data-contrast=\"auto\">Covid<\/span><span data-contrast=\"auto\">-19.<\/span><span data-ccp-props=\"{}\">\u00a0<\/span><\/p>\n<p style=\"text-align: left\"><span data-contrast=\"auto\">Esta pieza teatral fue escrita<\/span><span data-contrast=\"auto\"> por Luis Enrique Guti\u00e9rrez Ortiz Monasterio<\/span><span data-contrast=\"auto\">, <\/span><span data-contrast=\"auto\">miembro del S<\/span><span data-contrast=\"auto\">istema <\/span><span data-contrast=\"auto\">N<\/span><span data-contrast=\"auto\">acional de <\/span><span data-contrast=\"auto\">C<\/span><span data-contrast=\"auto\">readores de <\/span><span data-contrast=\"auto\">A<\/span><span data-contrast=\"auto\">rte<\/span> <span data-contrast=\"auto\">del <\/span><span data-contrast=\"auto\">Fondo Nacional <\/span><span data-contrast=\"auto\">para la Cultura y las Artes,<\/span><span data-contrast=\"auto\"> y <\/span><span data-contrast=\"auto\">es <\/span><span data-contrast=\"auto\">dirigida por Yoruba Romero<\/span><span data-contrast=\"auto\">, <\/span><span data-contrast=\"auto\">p<\/span><span data-contrast=\"none\">roduc<\/span><span data-contrast=\"none\">tor <\/span><span data-contrast=\"none\">Ejecutivo<\/span><span data-contrast=\"none\"> de la <\/span><span data-contrast=\"none\">c<\/span><span data-contrast=\"none\">ompa\u00f1\u00eda.<\/span><span data-contrast=\"auto\"> La temporada iniciar\u00e1 el s\u00e1bado 8 de mayo <\/span><span data-contrast=\"auto\">a las 18:00 horas en Foro A<\/span><span data-contrast=\"auto\">bierto \u201cMiguel V\u00e9lez\u201d de Casa del Lago UV<\/span><span data-contrast=\"auto\">, y concluir\u00e1 el 23.<\/span><span data-ccp-props=\"{&quot;335559731&quot;:708}\">\u00a0<\/span><\/p>\n<p><i><span data-contrast=\"auto\">El Mecsicano<\/span><\/i><span data-contrast=\"auto\"> es apta<\/span><span data-contrast=\"auto\"> para toda la familia<\/span><span data-contrast=\"auto\"> y <\/span><span data-contrast=\"auto\">se presenta en el formato de teatro de calle para lograr <\/span><span data-contrast=\"auto\">un <\/span><span data-contrast=\"auto\">contacto en vivo con el p\u00fablico<\/span><span data-contrast=\"auto\">, <\/span><span data-contrast=\"auto\">manteniendo la sana distancia. En e<\/span><span data-contrast=\"auto\">lla<\/span><span data-contrast=\"auto\"> participan cinco actores en escena: Ana Mar\u00eda Aguilar, Roberto Enr\u00edquez, Yair Gamboa, Pablos Becerra y Karem Manzur, alternando con Iris Ladr\u00f3n de Guevara.<\/span><span data-ccp-props=\"{&quot;335559731&quot;:708}\">\u00a0<\/span><\/p>\n<p><span data-contrast=\"auto\">\u201cC<\/span><span data-contrast=\"auto\">uenta la historia de los mejores amigos del mundo: cuatro ni\u00f1os y un perro, toda su vida est\u00e1 alrededor de jugar futbol. Ellos viven en alg\u00fan poblado de M\u00e9xico en el que los adultos emigran a los Estados Unidos. Un d\u00eda, el Kike comienza a actuar muy extra\u00f1o: contra todo pron\u00f3stico, su padre volvi\u00f3 al pueblo y le ha metido la idea de que los Estados Unidos son mucho mejor<\/span> <span data-contrast=\"auto\">que M\u00e9xico.<\/span><span data-ccp-props=\"{&quot;335559731&quot;:708}\">\u00a0<\/span><\/p>\n<p><span data-contrast=\"auto\">\u201d<\/span><span data-contrast=\"auto\">El padre le ha prometido que se lo <\/span><span data-contrast=\"auto\">llevar\u00e1<\/span><span data-contrast=\"auto\"> con \u00e9l de regreso y <\/span><span data-contrast=\"auto\">al <\/span><span data-contrast=\"auto\">Kike se<\/span><span data-contrast=\"auto\"> le<\/span><span data-contrast=\"auto\"> ha metido en la cabeza que \u00e9l es un gringo y es superior a sus amigos. Esto provoca una fractura en el grupo de amigos y los enfrenta en un grave conflicto que se terminar\u00e1 decidiendo en la cancha de futbol. Lo que no saben los ni\u00f1os es que en el fondo lo que se est\u00e1 jugando es el sentido de la identidad y, sobre todo, el de la amistad<\/span><span data-contrast=\"auto\">\u201d, se lee en la sinopsis<\/span><span data-contrast=\"auto\">.<\/span><span data-ccp-props=\"{&quot;335559731&quot;:708}\">\u00a0<\/span><\/p>\n<p><span data-contrast=\"auto\">Cabe remarcar que l<\/span><span data-contrast=\"auto\">a entrada es gratuita y el cupo de cada funci\u00f3n es limitado a 50 personas<\/span><span data-contrast=\"auto\">,<\/span><span data-contrast=\"auto\"> por lo que <\/span><span data-contrast=\"auto\">la <\/span><i><span data-contrast=\"auto\">Orteuv<\/span><\/i><span data-contrast=\"auto\"> recom<\/span><span data-contrast=\"auto\">ienda<\/span> <span data-contrast=\"auto\">llegar con anticipaci\u00f3n.<\/span><span data-contrast=\"auto\"> Asimismo, es preciso <\/span><span data-contrast=\"auto\">se\u00f1alar\u00a0<\/span><span data-contrast=\"auto\">que<\/span><span data-contrast=\"auto\"> las funciones presenciales se realizar\u00e1n bajo estrictos pro<\/span><span data-contrast=\"auto\">tocolos de seguridad sanitaria.<\/span><span data-ccp-props=\"{&quot;335559731&quot;:708}\">\u00a0<\/span><\/p>\n<p>&nbsp;<\/p>\n<div id=\"attachment_96779\" style=\"width: 321px\" class=\"wp-caption aligncenter\"><a href=\"https:\/\/www.uv.mx\/prensa\/files\/2021\/05\/060521-Orteuv.jpg\"><img aria-describedby=\"caption-attachment-96779\" decoding=\"async\" loading=\"lazy\" class=\"size-full wp-image-96779\" src=\"https:\/\/www.uv.mx\/prensa\/files\/2021\/05\/060521-Orteuv.jpg\" alt=\"\" width=\"311\" height=\"481\" srcset=\"https:\/\/www.uv.mx\/prensa\/files\/2021\/05\/060521-Orteuv.jpg 311w, https:\/\/www.uv.mx\/prensa\/files\/2021\/05\/060521-Orteuv-194x300.jpg 194w\" sizes=\"(max-width: 311px) 100vw, 311px\" \/><\/a><p id=\"caption-attachment-96779\" class=\"wp-caption-text\"><span class=\"TextRun SCXW264579206 BCX4\" lang=\"ES-MX\" xml:lang=\"ES-MX\" data-contrast=\"auto\"><span class=\"NormalTextRun SCXW264579206 BCX4\">La entrada es libre, con cupo limitado<\/span><\/span><span class=\"EOP SCXW264579206 BCX4\" data-ccp-props=\"{}\">\u00a0<\/span><\/p><\/div>\n","protected":false},"excerpt":{"rendered":"<p>La obra teatral es apta para toda la familia y se presenta en el formato de teatro de calle, para lograr un contacto en vivo con el p\u00fablico, manteniendo la sana distancia<\/p>\n","protected":false},"author":1508,"featured_media":96780,"comment_status":"closed","ping_status":"closed","sticky":false,"template":"","format":"standard","meta":[],"categories":[11,47,61],"tags":[],"_links":{"self":[{"href":"https:\/\/www.uv.mx\/prensa\/wp-json\/wp\/v2\/posts\/96777"}],"collection":[{"href":"https:\/\/www.uv.mx\/prensa\/wp-json\/wp\/v2\/posts"}],"about":[{"href":"https:\/\/www.uv.mx\/prensa\/wp-json\/wp\/v2\/types\/post"}],"author":[{"embeddable":true,"href":"https:\/\/www.uv.mx\/prensa\/wp-json\/wp\/v2\/users\/1508"}],"replies":[{"embeddable":true,"href":"https:\/\/www.uv.mx\/prensa\/wp-json\/wp\/v2\/comments?post=96777"}],"version-history":[{"count":1,"href":"https:\/\/www.uv.mx\/prensa\/wp-json\/wp\/v2\/posts\/96777\/revisions"}],"predecessor-version":[{"id":96856,"href":"https:\/\/www.uv.mx\/prensa\/wp-json\/wp\/v2\/posts\/96777\/revisions\/96856"}],"wp:featuredmedia":[{"embeddable":true,"href":"https:\/\/www.uv.mx\/prensa\/wp-json\/wp\/v2\/media\/96780"}],"wp:attachment":[{"href":"https:\/\/www.uv.mx\/prensa\/wp-json\/wp\/v2\/media?parent=96777"}],"wp:term":[{"taxonomy":"category","embeddable":true,"href":"https:\/\/www.uv.mx\/prensa\/wp-json\/wp\/v2\/categories?post=96777"},{"taxonomy":"post_tag","embeddable":true,"href":"https:\/\/www.uv.mx\/prensa\/wp-json\/wp\/v2\/tags?post=96777"}],"curies":[{"name":"wp","href":"https:\/\/api.w.org\/{rel}","templated":true}]}}