{"id":96790,"date":"2021-05-05T20:47:19","date_gmt":"2021-05-06T01:47:19","guid":{"rendered":"https:\/\/www.uv.mx\/prensa\/?p=96790"},"modified":"2021-05-06T10:48:38","modified_gmt":"2021-05-06T15:48:38","slug":"inicio-iv-coloquio-internacional-intelectuales-migracion-y-exilio-en-iberoamerica","status":"publish","type":"post","link":"https:\/\/www.uv.mx\/prensa\/general\/inicio-iv-coloquio-internacional-intelectuales-migracion-y-exilio-en-iberoamerica\/","title":{"rendered":"Inici\u00f3 IV Coloquio Internacional \u201cIntelectuales, migraci\u00f3n y exilio en Iberoam\u00e9rica\u201d"},"content":{"rendered":"<ul>\n<li data-leveltext=\"\uf0b7\" data-font=\"Symbol\" data-listid=\"5\" data-aria-posinset=\"1\" data-aria-level=\"1\"><i><span data-contrast=\"auto\">A <\/span><\/i><i><span data-contrast=\"auto\">l<\/span><\/i><i><span data-contrast=\"auto\">o largo de tres d\u00edas, investigadores de <\/span><\/i><i><span data-contrast=\"auto\">i<\/span><\/i><i><span data-contrast=\"auto\">nstituciones de <\/span><\/i><i><span data-contrast=\"auto\">e<\/span><\/i><i><span data-contrast=\"auto\">ducaci\u00f3n <\/span><\/i><i><span data-contrast=\"auto\">superior de todo el pa\u00eds<\/span><\/i> <i><span data-contrast=\"auto\">expondr\u00e1n <\/span><\/i><i><span data-contrast=\"auto\">el legado que artistas y escritores dejaron en la regi\u00f3n que los recibi\u00f3 tras ser exiliados de sus lugares de origen<\/span><\/i><span data-ccp-props=\"{}\">\u00a0<\/span><\/li>\n<\/ul>\n<p>&nbsp;<\/p>\n<div id=\"attachment_96792\" style=\"width: 730px\" class=\"wp-caption aligncenter\"><a href=\"https:\/\/www.uv.mx\/prensa\/files\/2021\/05\/050521-Migracion-3.jpg\"><img aria-describedby=\"caption-attachment-96792\" decoding=\"async\" loading=\"lazy\" class=\"size-full wp-image-96792\" src=\"https:\/\/www.uv.mx\/prensa\/files\/2021\/05\/050521-Migracion-3.jpg\" alt=\"\" width=\"720\" height=\"480\" srcset=\"https:\/\/www.uv.mx\/prensa\/files\/2021\/05\/050521-Migracion-3.jpg 720w, https:\/\/www.uv.mx\/prensa\/files\/2021\/05\/050521-Migracion-3-300x200.jpg 300w\" sizes=\"(max-width: 720px) 100vw, 720px\" \/><\/a><p id=\"caption-attachment-96792\" class=\"wp-caption-text\">Eliud Santiago Aparicio <span data-contrast=\"auto\">present\u00f3 la ponencia <\/span><span data-contrast=\"auto\">\u201cLos extranjeros en M\u00e9xico. Una xenofilia selectiva y las guerras internacionales (1821-1839)\u201d<\/span><\/p><\/div>\n<p>&nbsp;<\/p>\n<p><b><i><span data-contrast=\"auto\">Carlos Hugo Hermida Rosales<\/span><\/i><\/b><span data-ccp-props=\"{}\">\u00a0<\/span><\/p>\n<p><b><i><span data-contrast=\"auto\">05\/05\/<\/span><\/i><\/b><b><i><span data-contrast=\"auto\">202<\/span><\/i><\/b><b><i><span data-contrast=\"auto\">1,<\/span><\/i><\/b>\u00a0<b><i><span data-contrast=\"auto\">Xalapa, Ver.<\/span><\/i><\/b> <span data-contrast=\"auto\">El<a href=\"https:\/\/www.uv.mx\/iihs\/\" target=\"_blank\" rel=\"noopener\"> Instituto de Investigaciones Hist\u00f3rico-Sociales<\/a> (IIH-S)<\/span><span data-contrast=\"auto\">, el Centro de Estudios de la Cultura y la Comunicaci\u00f3n (CECC)<\/span><span data-contrast=\"auto\"> y la Facultad de Historia<\/span><span data-contrast=\"auto\"> de <\/span><span data-contrast=\"auto\">l<\/span><span data-contrast=\"auto\">a Universidad Veracruzana (UV), <\/span><span data-contrast=\"auto\">inauguraron el 5 de mayo <\/span><span data-contrast=\"auto\">en <\/span><span data-contrast=\"auto\">conjunto con <\/span><span data-contrast=\"auto\">el proyecto de investigaci\u00f3n PAPIIT IG 400420 \u201cDin\u00e1mica de los exilios en Latinoam\u00e9rica\u201d de la Universidad Nacional Aut\u00f3noma de M\u00e9xico (UNAM), el IV Coloquio Internacional \u201cIntelectuales, migraci\u00f3n y exilio en Iberoam\u00e9rica\u201d.\u00a0<\/span><span data-ccp-props=\"{}\">\u00a0<\/span><\/p>\n<p><span data-contrast=\"auto\">El acto fue encabezado <\/span><span data-contrast=\"auto\">por <\/span><span data-contrast=\"auto\">Ra\u00fal Romero Ram\u00edrez, dire<\/span><span data-contrast=\"auto\">ctor de la Facultad de Historia,<\/span> <span data-contrast=\"auto\">acompa\u00f1ado <\/span><span data-contrast=\"auto\">por Adalberto Santana<\/span><span data-contrast=\"auto\">,<\/span><span data-contrast=\"auto\"> de la UNAM<\/span><span data-contrast=\"auto\">,<\/span> <span data-contrast=\"auto\">y <\/span><span data-contrast=\"auto\">Rogelio de la Mora<\/span><span data-contrast=\"auto\"> Valencia, del IIH-S<\/span><span data-contrast=\"auto\">, adem\u00e1s de investigadores, acad\u00e9micos y estudiantes.\u00a0<\/span><span data-ccp-props=\"{&quot;335559731&quot;:708}\">\u00a0<\/span><\/p>\n<p><span data-contrast=\"auto\">Ra\u00fal Romero mencion\u00f3 que este coloquio tendr\u00e1 un gran valor tanto par<\/span><span data-contrast=\"auto\">a los acad\u00e9micos que participan<\/span><span data-contrast=\"auto\"> como para los alumnos que asistir\u00e1n a las conferencias virtuales que abordar\u00e1n temas <\/span><span data-contrast=\"auto\">de<\/span><span data-contrast=\"auto\"> intelectualidad, estudios culturales <\/span><span data-contrast=\"auto\">e<\/span><span data-contrast=\"auto\"> historia actual.\u00a0<\/span><span data-ccp-props=\"{&quot;335559731&quot;:708}\">\u00a0<\/span><\/p>\n<p><span data-contrast=\"auto\">Posterior a la inauguraci\u00f3n<\/span> <span data-contrast=\"auto\">tuvo lugar <\/span><span data-contrast=\"auto\">la mesa \u201cExilio intelectual\u201d, en la que participaron <\/span><span data-contrast=\"auto\">Eliud<\/span><span data-contrast=\"auto\"> Santiago Aparicio<\/span><span data-contrast=\"auto\">, docente de la <\/span><span data-contrast=\"auto\">Universidad Aut\u00f3noma Metropolitana-Iztapalapa; Morelos Torres<\/span><span data-contrast=\"auto\">,<\/span><span data-contrast=\"auto\"> de la Universidad de Guanajuato<\/span><span data-contrast=\"auto\">; <\/span><span data-contrast=\"auto\">Ernesto Josu\u00e9 Mendoza<\/span><span data-contrast=\"auto\">,<\/span><span data-contrast=\"auto\"> del Centro de Investigaci\u00f3n y Docencia Econ\u00f3micas<\/span><span data-contrast=\"auto\">,<\/span><span data-contrast=\"auto\"> y <\/span><span data-contrast=\"auto\">Dulze<\/span><span data-contrast=\"auto\"> P\u00e9rez Aguirre<\/span><span data-contrast=\"auto\">, de la Universidad Aut\u00f3noma de Aguascalientes<\/span><span data-contrast=\"auto\">, moderados<\/span> <span data-contrast=\"auto\">por Rub\u00e9n Torres Mart\u00ednez<\/span><span data-contrast=\"auto\">,<\/span><span data-contrast=\"auto\"> de la UNAM.<\/span><span data-ccp-props=\"{&quot;335559731&quot;:708}\">\u00a0<\/span><\/p>\n<p><span data-contrast=\"auto\">Eliud<\/span><span data-contrast=\"auto\"> Santiago<\/span><span data-contrast=\"auto\"> present\u00f3 la ponencia <\/span><span data-contrast=\"auto\">\u201cLos extranjeros en M\u00e9xico. Una xenofilia selectiva y las guerras internacionales (1821-1839)\u201d<\/span><span data-contrast=\"auto\">, en la que explic\u00f3 que en los primeros a\u00f1os de independencia el pa\u00eds recibi\u00f3 a espa\u00f1oles inmigrantes que escapaban del gobierno de Fernando VII, a quien consideraban absolutista.<\/span><span data-ccp-props=\"{&quot;335559731&quot;:708}\">\u00a0<\/span><\/p>\n<p><span data-contrast=\"auto\">Coment\u00f3 que en esta inmigraci\u00f3n no existi\u00f3 una pol\u00edtica de brazos abiertos, sino una desconfianza generalizada alimentada por <\/span><span data-contrast=\"auto\">300 a\u00f1os de dominio colonial y una guerra encarnizada cuyas heridas a\u00fan no cicatrizaban.\u00a0<\/span><span data-ccp-props=\"{&quot;335559731&quot;:708}\">\u00a0<\/span><\/p>\n<p>&nbsp;<\/p>\n<div id=\"attachment_96794\" style=\"width: 730px\" class=\"wp-caption aligncenter\"><a href=\"https:\/\/www.uv.mx\/prensa\/files\/2021\/05\/050521-Migracion-1.jpg\"><img aria-describedby=\"caption-attachment-96794\" decoding=\"async\" loading=\"lazy\" class=\"size-full wp-image-96794\" src=\"https:\/\/www.uv.mx\/prensa\/files\/2021\/05\/050521-Migracion-1.jpg\" alt=\"\" width=\"720\" height=\"480\" srcset=\"https:\/\/www.uv.mx\/prensa\/files\/2021\/05\/050521-Migracion-1.jpg 720w, https:\/\/www.uv.mx\/prensa\/files\/2021\/05\/050521-Migracion-1-300x200.jpg 300w\" sizes=\"(max-width: 720px) 100vw, 720px\" \/><\/a><p id=\"caption-attachment-96794\" class=\"wp-caption-text\">Morelos Torres abord\u00f3 la vida de Jos\u00e9 Rosas Moreno, quien forj\u00f3 una gran carrera como activista<\/p><\/div>\n<p>&nbsp;<\/p>\n<p><span data-contrast=\"auto\">Mencion\u00f3 que en los primeros a\u00f1os de<\/span><span data-contrast=\"auto\">l<\/span><span data-contrast=\"auto\"> M\u00e9xico independiente, <\/span><span data-contrast=\"auto\">el<\/span><span data-contrast=\"auto\"> gobierno pretendi\u00f3 reactivar la econom\u00eda con el arribo de extranjeros, pero a su vez desconfi\u00f3 de los que proced\u00edan de pa\u00edses que no reconoc\u00edan la independencia nacional como Espa\u00f1a.\u00a0<\/span><span data-ccp-props=\"{&quot;335559731&quot;:708}\">\u00a0<\/span><\/p>\n<p><span data-contrast=\"auto\">Morelos Torres <\/span><span data-contrast=\"auto\">particip<\/span><span data-contrast=\"auto\">\u00f3<\/span><span data-contrast=\"auto\"> con el tema <\/span><span data-contrast=\"auto\">\u201cJos\u00e9 Rosas Moreno: exilios vitales y redes intelectuales de un pol\u00edgrafo mexicano en el siglo XIX\u201d<\/span><span data-contrast=\"auto\">.<\/span><span data-ccp-props=\"{&quot;335559731&quot;:708}\">\u00a0<\/span><\/p>\n<p><span data-contrast=\"auto\">C<\/span><span data-contrast=\"auto\">omparti\u00f3 que Rosas Moreno fue un escritor liberal nativo de Guanajuato que sufri\u00f3 exilios pol\u00edticos en <\/span><span data-contrast=\"auto\">el <\/span><span data-contrast=\"auto\">gobierno de Antonio L\u00f3pez de Santa Anna<\/span><span data-contrast=\"auto\"> y durante la segunda intervenci\u00f3n francesa en M\u00e9xico.<\/span><span data-ccp-props=\"{&quot;335559731&quot;:708}\">\u00a0<\/span><\/p>\n<p><span data-contrast=\"auto\">F<\/span><span data-contrast=\"auto\">ue miembro de la<\/span> <span data-contrast=\"auto\">S<\/span><span data-contrast=\"auto\">ociedad Mexicana de Geograf\u00eda y Estad\u00edstica<\/span><span data-contrast=\"auto\"> y <\/span><span data-contrast=\"auto\">la Sociedad <\/span><span data-contrast=\"auto\">Literaria El Porvenir, <\/span><span data-contrast=\"auto\">el Liceo Hidalgo, adem\u00e1s de presidente honorario de la Sociedad de Ense\u00f1anza Popular de Le\u00f3n, instituci\u00f3n que sosten\u00eda <\/span><span data-contrast=\"auto\">m\u00e1s<\/span><span data-contrast=\"auto\"> de 10 escuelas gratuitas para artesanos.\u00a0<\/span><span data-ccp-props=\"{&quot;335559731&quot;:708}\">\u00a0<\/span><\/p>\n<p><span data-contrast=\"auto\">\u201cEste escritor fue un ejemplo de los intelectuales que debieron cambiar de residencia a lo largo de su existencia para salvaguardar su integridad\u201d, enunci\u00f3.\u00a0<\/span><span data-ccp-props=\"{&quot;335559731&quot;:708}\">\u00a0<\/span><\/p>\n<p>&nbsp;<\/p>\n<div id=\"attachment_96791\" style=\"width: 730px\" class=\"wp-caption aligncenter\"><a href=\"https:\/\/www.uv.mx\/prensa\/files\/2021\/05\/050521-Migracion-4.jpg\"><img aria-describedby=\"caption-attachment-96791\" decoding=\"async\" loading=\"lazy\" class=\"size-full wp-image-96791\" src=\"https:\/\/www.uv.mx\/prensa\/files\/2021\/05\/050521-Migracion-4.jpg\" alt=\"\" width=\"720\" height=\"480\" srcset=\"https:\/\/www.uv.mx\/prensa\/files\/2021\/05\/050521-Migracion-4.jpg 720w, https:\/\/www.uv.mx\/prensa\/files\/2021\/05\/050521-Migracion-4-300x200.jpg 300w\" sizes=\"(max-width: 720px) 100vw, 720px\" \/><\/a><p id=\"caption-attachment-96791\" class=\"wp-caption-text\"><span class=\"TextRun SCXW83724876 BCX4\" lang=\"ES-MX\" xml:lang=\"ES-MX\" data-contrast=\"auto\"><span class=\"NormalTextRun SCXW83724876 BCX4\">Ernesto Josu\u00e9 Mendoza<\/span><\/span><span class=\"EOP SCXW83724876 BCX4\" data-ccp-props=\"{}\">\u00a0habl\u00f3 sobre el legado de Vicente S\u00e1enz<\/span><\/p><\/div>\n<p>&nbsp;<\/p>\n<p><span data-contrast=\"auto\">Ernesto Josu\u00e9 Mendoza<\/span><span data-contrast=\"auto\"> expuso <\/span><span data-contrast=\"auto\">\u201cSocialismo, unionismo y antifascismo en el trabajo ensay\u00edstico de Vicente S\u00e1enz (1943-1946)\u201d<\/span><span data-contrast=\"auto\">, <\/span><span data-contrast=\"auto\">en <\/span><span data-contrast=\"auto\">donde<\/span><span data-contrast=\"auto\"> abord\u00f3 el activismo de este escritor, ensayista y activista costarricense.\u00a0<\/span><span data-ccp-props=\"{&quot;335559731&quot;:708}\">\u00a0<\/span><\/p>\n<p><span data-contrast=\"auto\">Mencion\u00f3 que <\/span><span data-contrast=\"auto\">Vicente S\u00e1enz<\/span><span data-contrast=\"auto\"> fue un<\/span><span data-contrast=\"auto\"> intelectual itinerante que pas\u00f3<\/span><span data-contrast=\"auto\"> la mayor parte de su vida fuera de su pa\u00eds natal, en <\/span><span data-contrast=\"auto\">naciones<\/span><span data-contrast=\"auto\"> como M\u00e9xico y Estados Unidos, en donde redact\u00f3 sus primeros libros de corte antimperialista.<\/span><span data-ccp-props=\"{&quot;335559731&quot;:708}\">\u00a0<\/span><\/p>\n<p><span data-contrast=\"auto\">Declar\u00f3 que este escritor abog\u00f3 por la uni\u00f3n centroamericana como la mejor forma para defenderse contra ambiciones extranjeras de colonizaci\u00f3n.\u00a0<\/span><span data-ccp-props=\"{&quot;335559731&quot;:708}\">\u00a0<\/span><\/p>\n<p><span data-contrast=\"auto\">Dulze<\/span><span data-contrast=\"auto\"> P\u00e9rez colabor\u00f3 con la exposici\u00f3n \u201cLa obra mural de Jos\u00e9 <\/span><span data-contrast=\"auto\">Renau<\/span><span data-contrast=\"auto\"> en el exilio en M\u00e9xico y en la Rep\u00fablica Democr\u00e1tica Alemana\u201d<\/span><span data-contrast=\"auto\">, <\/span><span data-contrast=\"auto\">en la que explic\u00f3 que este pintor valenciano lleg\u00f3 a <\/span><span data-contrast=\"auto\">la naci\u00f3n <\/span><span data-contrast=\"auto\">como exiliado pol\u00edtico a finales de marzo de 1939.<\/span><span data-ccp-props=\"{&quot;335559731&quot;:708}\">\u00a0<\/span><\/p>\n<p><span data-contrast=\"auto\">Afirm\u00f3 que uno de los <\/span><span data-contrast=\"auto\">motivos por los que escogi\u00f3 <\/span><span data-contrast=\"auto\">a<\/span><span data-contrast=\"auto\">l pa\u00eds para residir fue su inter\u00e9s por el muralismo nacional, que descubri\u00f3 a trav\u00e9s de David Alfaro Siqueiros, quien lo invit\u00f3 a colaborar con \u00e9l.\u00a0<\/span><span data-ccp-props=\"{&quot;335559731&quot;:708}\">\u00a0<\/span><\/p>\n<p><span data-contrast=\"auto\">E<\/span><span data-contrast=\"auto\">stos dos pintores conformaron el Equipo Internacional de Artes Pl\u00e1sticas, <\/span><span data-contrast=\"auto\">en el que tambi\u00e9n participaron los <\/span><span data-contrast=\"auto\">mexicanos Antonio Pujol y Luis Arenal, y los espa\u00f1oles exiliados Miguel Prieto y Antonio Rodr\u00edguez Luna.<\/span><span data-ccp-props=\"{&quot;335559731&quot;:708}\">\u00a0<\/span><\/p>\n<p>&nbsp;<\/p>\n<div id=\"attachment_96793\" style=\"width: 730px\" class=\"wp-caption aligncenter\"><a href=\"https:\/\/www.uv.mx\/prensa\/files\/2021\/05\/050521-Migracion-2.jpg\"><img aria-describedby=\"caption-attachment-96793\" decoding=\"async\" loading=\"lazy\" class=\"size-full wp-image-96793\" src=\"https:\/\/www.uv.mx\/prensa\/files\/2021\/05\/050521-Migracion-2.jpg\" alt=\"\" width=\"720\" height=\"480\" srcset=\"https:\/\/www.uv.mx\/prensa\/files\/2021\/05\/050521-Migracion-2.jpg 720w, https:\/\/www.uv.mx\/prensa\/files\/2021\/05\/050521-Migracion-2-300x200.jpg 300w\" sizes=\"(max-width: 720px) 100vw, 720px\" \/><\/a><p id=\"caption-attachment-96793\" class=\"wp-caption-text\">La obra de Jos\u00e9 Renau fue el tema expuesto por Dulze P\u00e9rez<\/p><\/div>\n","protected":false},"excerpt":{"rendered":"<p>Este coloquio tendr\u00e1 un gran valor, tanto para los acad\u00e9micos que participan como para los alumnos que sigan las conferencias virtuales<\/p>\n","protected":false},"author":1508,"featured_media":96795,"comment_status":"closed","ping_status":"closed","sticky":false,"template":"","format":"standard","meta":[],"categories":[1],"tags":[],"_links":{"self":[{"href":"https:\/\/www.uv.mx\/prensa\/wp-json\/wp\/v2\/posts\/96790"}],"collection":[{"href":"https:\/\/www.uv.mx\/prensa\/wp-json\/wp\/v2\/posts"}],"about":[{"href":"https:\/\/www.uv.mx\/prensa\/wp-json\/wp\/v2\/types\/post"}],"author":[{"embeddable":true,"href":"https:\/\/www.uv.mx\/prensa\/wp-json\/wp\/v2\/users\/1508"}],"replies":[{"embeddable":true,"href":"https:\/\/www.uv.mx\/prensa\/wp-json\/wp\/v2\/comments?post=96790"}],"version-history":[{"count":1,"href":"https:\/\/www.uv.mx\/prensa\/wp-json\/wp\/v2\/posts\/96790\/revisions"}],"predecessor-version":[{"id":96807,"href":"https:\/\/www.uv.mx\/prensa\/wp-json\/wp\/v2\/posts\/96790\/revisions\/96807"}],"wp:featuredmedia":[{"embeddable":true,"href":"https:\/\/www.uv.mx\/prensa\/wp-json\/wp\/v2\/media\/96795"}],"wp:attachment":[{"href":"https:\/\/www.uv.mx\/prensa\/wp-json\/wp\/v2\/media?parent=96790"}],"wp:term":[{"taxonomy":"category","embeddable":true,"href":"https:\/\/www.uv.mx\/prensa\/wp-json\/wp\/v2\/categories?post=96790"},{"taxonomy":"post_tag","embeddable":true,"href":"https:\/\/www.uv.mx\/prensa\/wp-json\/wp\/v2\/tags?post=96790"}],"curies":[{"name":"wp","href":"https:\/\/api.w.org\/{rel}","templated":true}]}}