{"id":96797,"date":"2021-05-07T08:00:32","date_gmt":"2021-05-07T13:00:32","guid":{"rendered":"https:\/\/www.uv.mx\/prensa\/?p=96797"},"modified":"2021-11-08T08:44:41","modified_gmt":"2021-11-08T14:44:41","slug":"el-libro-de-los-dioses-una-apuesta-por-el-cuento-bernardo-esquinca","status":"publish","type":"post","link":"https:\/\/www.uv.mx\/prensa\/banner\/el-libro-de-los-dioses-una-apuesta-por-el-cuento-bernardo-esquinca\/","title":{"rendered":"<em>El libro de los dioses<\/em>, una apuesta por el cuento: Bernardo Esquinca"},"content":{"rendered":"<style type=\"text\/css\">\n  blockquote p { color: #28519b; font-family: helvetica; font-size: 1.4em; }<br \/><\/style>\n<ul>\n<li data-leveltext=\"\uf0b7\" data-font=\"Symbol\" data-listid=\"2\" data-aria-posinset=\"1\" data-aria-level=\"1\"><i><span data-contrast=\"auto\">Fue presentado en el marco de la 1\u00aa Feria Internacional del Libro Universitario Virtual<\/span><\/i><span data-ccp-props=\"{&quot;134233279&quot;:true,&quot;201341983&quot;:0,&quot;335559739&quot;:160,&quot;335559740&quot;:240}\">\u00a0<\/span><\/li>\n<li data-leveltext=\"\uf0b7\" data-font=\"Symbol\" data-listid=\"2\" data-aria-posinset=\"2\" data-aria-level=\"1\"><i><span data-contrast=\"auto\">\u201c<\/span><\/i><i><span data-contrast=\"auto\">Q<\/span><\/i><i><span data-contrast=\"auto\">uer\u00eda imaginar c\u00f3mo ser\u00e1 la presencia y el flujo de estos dioses primigenios en la esc\u00e9ptica actualidad urbana<\/span><\/i><i><span data-contrast=\"auto\">\u201d<\/span><\/i><span data-ccp-props=\"{&quot;134233279&quot;:true,&quot;201341983&quot;:0,&quot;335559739&quot;:160,&quot;335559740&quot;:240}\">\u00a0<\/span><\/li>\n<\/ul>\n<p><span data-ccp-props=\"{&quot;201341983&quot;:0,&quot;335559739&quot;:160,&quot;335559740&quot;:240}\">\u00a0<\/span><\/p>\n<div id=\"attachment_96800\" style=\"width: 732px\" class=\"wp-caption aligncenter\"><a href=\"https:\/\/www.uv.mx\/prensa\/files\/2021\/05\/040521-PAOLA-Libro-de-los-dioses-100k.jpg\"><img aria-describedby=\"caption-attachment-96800\" decoding=\"async\" loading=\"lazy\" class=\"size-full wp-image-96800\" src=\"https:\/\/www.uv.mx\/prensa\/files\/2021\/05\/040521-PAOLA-Libro-de-los-dioses-100k.jpg\" alt=\"Carlos Rojas, Bernardo Esquinca y Mariana Carbajal, en la presentaci\u00f3n del libro en la FILU Virtual \" width=\"722\" height=\"406\" srcset=\"https:\/\/www.uv.mx\/prensa\/files\/2021\/05\/040521-PAOLA-Libro-de-los-dioses-100k.jpg 722w, https:\/\/www.uv.mx\/prensa\/files\/2021\/05\/040521-PAOLA-Libro-de-los-dioses-100k-300x169.jpg 300w\" sizes=\"(max-width: 722px) 100vw, 722px\" \/><\/a><p id=\"caption-attachment-96800\" class=\"wp-caption-text\">Carlos Rojas, Bernardo Esquinca y Mariana Carbajal, en la presentaci\u00f3n del libro en la FILU Virtual<\/p><\/div>\n<p>&nbsp;<\/p>\n<blockquote><p><span class=\"TextRun SCXW8991134 BCX8\" lang=\"ES-419\" xml:lang=\"ES-419\" data-contrast=\"auto\"><span class=\"NormalTextRun SCXW8991134 BCX8\">\u201cEscribirlo fue un proceso interesante, porque a veces los cuentos son bajo encargo, pero en este caso los 13 cuentos no fueron un encargo, fue un libro hecho con la voluntad de apostar por el cuento\u201d<\/span><\/span><span class=\"TextRun SCXW8991134 BCX8\" lang=\"ES-419\" xml:lang=\"ES-419\" data-contrast=\"auto\"><span class=\"NormalTextRun SCXW8991134 BCX8\">, se\u00f1al\u00f3 el autor<\/span><\/span><span class=\"EOP SCXW8991134 BCX8\" data-ccp-props=\"{&quot;201341983&quot;:0,&quot;335559739&quot;:160,&quot;335559740&quot;:240}\">\u00a0<\/span><\/p><\/blockquote>\n<p>&nbsp;<\/p>\n<p><b><i><span data-contrast=\"auto\">Paola Cort\u00e9s P\u00e9rez<\/span><\/i><\/b><\/p>\n<p><b><i><span data-contrast=\"auto\">0<\/span><\/i><\/b><b><i><span data-contrast=\"auto\">7<\/span><\/i><\/b><b><i><span data-contrast=\"auto\">\/05\/2021, Xalapa,\u00a0<\/span><\/i><\/b><b><i><span data-contrast=\"auto\">Ver.-<\/span><\/i><\/b><span data-contrast=\"auto\">\u00a0<\/span><i><span data-contrast=\"auto\">El libro de los dioses<\/span><\/i><span data-contrast=\"auto\">, publicado por Almad\u00eda,\u00a0<\/span><span data-contrast=\"auto\">fue hecho con la voluntad de apostar por el cuento, expres\u00f3 su autor Bernardo Esquinca<\/span><span data-contrast=\"auto\">, durante la presentaci\u00f3n del mismo en la 1\u00aa Feria Internacional del Li<\/span><span data-contrast=\"auto\">bro Universitario (FILU<\/span><span data-contrast=\"auto\">)\u00a0<\/span><span data-contrast=\"auto\">Virtual<\/span><span data-contrast=\"auto\">,<\/span><span data-contrast=\"auto\">\u00a0<\/span><span data-contrast=\"auto\">organizada por la Universidad Veracruzana (UV)<\/span><span data-contrast=\"auto\">, en la cual tambi\u00e9n participaron\u00a0<\/span><span data-contrast=\"auto\">Carlos Rojas, acad\u00e9mico de esta casa de estudios<\/span><span data-contrast=\"auto\">, y\u00a0<\/span><span data-contrast=\"auto\">Mariana Carbajal, profesora de educaci\u00f3n media superior.<\/span><span data-ccp-props=\"{&quot;201341983&quot;:0,&quot;335559739&quot;:160,&quot;335559740&quot;:240}\">\u00a0<\/span><\/p>\n<p><span data-contrast=\"auto\">Carlos Rojas<\/span><span data-contrast=\"auto\">\u00a0dijo\u00a0<\/span><span data-contrast=\"auto\">que despu\u00e9s de realizar la lectura de\u00a0<\/span><i><span data-contrast=\"auto\">El libro de los\u00a0<\/span><\/i><i><span data-contrast=\"auto\">dioses<\/span><\/i><span data-contrast=\"auto\">\u00a0se sinti\u00f3\u00a0<\/span><span data-contrast=\"auto\">impactado\u00a0<\/span><span data-contrast=\"auto\">por\u00a0<\/span><span data-contrast=\"auto\">la\u00a0<\/span><span data-contrast=\"auto\">agilidad que tiene Bernardo Esquinca\u00a0<\/span><span data-contrast=\"auto\">al moverse entre muchas religiones<\/span><span data-contrast=\"auto\">,\u00a0<\/span><span data-contrast=\"auto\">mitolog\u00edas, panteones, desde los dioses sumerios hasta los griegos.<\/span><span data-ccp-props=\"{&quot;201341983&quot;:0,&quot;335559731&quot;:708,&quot;335559739&quot;:160,&quot;335559740&quot;:240}\">\u00a0<\/span><\/p>\n<p><span data-contrast=\"auto\">\u201cMi lectura y\u00a0<\/span><span data-contrast=\"auto\">primera reacci\u00f3n fue pensar que Bernardo est\u00e1 reinventando la mitolog\u00eda y el erotismo, lo que permite llegar a much\u00edsimos p\u00fablicos.<\/span><span data-contrast=\"auto\">\u201d<\/span><span data-ccp-props=\"{&quot;201341983&quot;:0,&quot;335559731&quot;:708,&quot;335559739&quot;:160,&quot;335559740&quot;:240}\">\u00a0<\/span><\/p>\n<p><span data-contrast=\"auto\">Bernardo Esquinca cont\u00f3 que el proceso de escritura le llev\u00f3 seis a\u00f1os<\/span><span data-contrast=\"auto\">\u00a0por dos cuestiones principales: el nacimiento de su hija y\u00a0<\/span><span data-contrast=\"auto\">quer\u00eda hacer una apuesta fuerte por el cuento.<\/span><span data-ccp-props=\"{&quot;201341983&quot;:0,&quot;335559731&quot;:708,&quot;335559739&quot;:160,&quot;335559740&quot;:240}\">\u00a0<\/span><\/p>\n<p><span data-contrast=\"auto\">\u201cE<\/span><span data-contrast=\"auto\">scribirlo fue un proceso interesante, porque a veces los cuentos son bajo encargo, pero en este caso los 13 cuentos no\u00a0<\/span><span data-contrast=\"auto\">fueron un encargo, fue un libro hecho con la voluntad de apostar por el cuento.<\/span><span data-ccp-props=\"{&quot;201341983&quot;:0,&quot;335559731&quot;:708,&quot;335559739&quot;:160,&quot;335559740&quot;:240}\">\u00a0<\/span><\/p>\n<p><span data-contrast=\"auto\">\u201d<\/span><span data-contrast=\"auto\">Aunque\u00a0tambi\u00e9n hago novela, siento que vivimos\u00a0<\/span><span data-contrast=\"auto\">en medio de un reinado \u2013<\/span><span data-contrast=\"auto\">un tanto absurdo<\/span><span data-contrast=\"auto\">\u2013<\/span><span data-contrast=\"auto\">\u00a0de la novela por cuestiones comerciales mal entendidas,\u00a0<\/span><span data-contrast=\"auto\">que probablemente vienen m\u00e1s de Espa\u00f1a por las editoriales transnacionales que por una necesidad del mercado mexicano, donde la tradici\u00f3n del cuento en autores y lectores es\u00a0<\/span><span data-contrast=\"auto\">muy antigua y amplia.\u201d<\/span><span data-ccp-props=\"{&quot;201341983&quot;:0,&quot;335559731&quot;:708,&quot;335559739&quot;:160,&quot;335559740&quot;:240}\">\u00a0<\/span><\/p>\n<p><span data-contrast=\"auto\">Al\u00a0<\/span><span data-contrast=\"auto\">preguntar<\/span><span data-contrast=\"auto\">le\u00a0<\/span><span data-contrast=\"auto\">\u00bfa qu\u00e9 dioses\u00a0<\/span><span data-contrast=\"auto\">lleg\u00f3<\/span><span data-contrast=\"auto\">\u00a0a adorar, seguir o rechazar\u00a0<\/span><span data-contrast=\"auto\">d<\/span><span data-contrast=\"auto\">urante el proceso de escritura<\/span><span data-contrast=\"auto\">\u201d<\/span><span data-contrast=\"auto\">,\u00a0<\/span><span data-contrast=\"auto\">Bernardo Esquinca\u00a0<\/span><span data-contrast=\"auto\">comparti\u00f3 que su crianza en sus primeros a\u00f1os fue\u00a0<\/span><span data-contrast=\"auto\">en\u00a0<\/span><span data-contrast=\"auto\">Guadalajara\u00a0<\/span><span data-contrast=\"auto\">\u2013<\/span><span data-contrast=\"auto\">ciudad\u00a0<\/span><span data-contrast=\"auto\">conservadora<\/span><span data-contrast=\"auto\">\u2013<\/span><span data-contrast=\"auto\">\u00a0y sus padres eran muy creyentes<\/span><span data-contrast=\"auto\">, por lo que fue educado bajo esos preceptos.<\/span><span data-ccp-props=\"{&quot;201341983&quot;:0,&quot;335559731&quot;:708,&quot;335559739&quot;:160,&quot;335559740&quot;:240}\">\u00a0<\/span><\/p>\n<p><span data-contrast=\"auto\">\u201cGracias a esa ense\u00f1anza puedo escribir sobre\u00a0<\/span><span data-contrast=\"auto\">el\u00a0<\/span><span data-contrast=\"auto\">terror<\/span><span data-contrast=\"auto\">\u00a0y lo sobrenatural<\/span><span data-contrast=\"auto\">, dif\u00edcilmente puede hacerse si no crees o no fuiste educado\u00a0<\/span><span data-contrast=\"auto\">sobre la existencia\u00a0<\/span><span data-contrast=\"auto\">de un m\u00e1s all\u00e1, un cielo, un infierno, demonios<\/span><span data-contrast=\"auto\">.\u201d<\/span><span data-ccp-props=\"{&quot;201341983&quot;:0,&quot;335559731&quot;:708,&quot;335559739&quot;:160,&quot;335559740&quot;:240}\">\u00a0<\/span><\/p>\n<p><span data-contrast=\"auto\">Cont\u00f3\u00a0<\/span><span data-contrast=\"auto\">que siempre le han atra\u00eddo los dioses primitivos<\/span><span data-contrast=\"auto\">, los que tomaron y reciclaron las religiones que vinieron despu\u00e9s<\/span><span data-contrast=\"auto\">;<\/span><span data-contrast=\"auto\">\u00a0con este libro quer\u00eda imaginar\u00a0<\/span><span data-contrast=\"auto\">c\u00f3mo ser\u00e1 la presencia y el flujo de estos dioses primigenios en la esc\u00e9ptica actualidad urbana, donde no<\/span><span data-contrast=\"auto\">\u00a0<\/span><span data-contrast=\"auto\">permea una sola re<\/span><span data-contrast=\"auto\">ligi\u00f3n.<\/span><span data-ccp-props=\"{&quot;201341983&quot;:0,&quot;335559731&quot;:708,&quot;335559739&quot;:160,&quot;335559740&quot;:240}\">\u00a0<\/span><\/p>\n","protected":false},"excerpt":{"rendered":"<p>\u201cMi lectura y primera reacci\u00f3n fue pensar que Bernardo est\u00e1 reinventando la mitolog\u00eda y el erotismo, lo que permite llegar a much\u00edsimos p\u00fablicos\u201d: Carlos Rojas  <\/p>\n","protected":false},"author":1775,"featured_media":96799,"comment_status":"closed","ping_status":"closed","sticky":false,"template":"","format":"standard","meta":[],"categories":[5128,61],"tags":[1921,750,2724,903,2726,2727,2725,2729,2723,258,586,2728,1023,454],"_links":{"self":[{"href":"https:\/\/www.uv.mx\/prensa\/wp-json\/wp\/v2\/posts\/96797"}],"collection":[{"href":"https:\/\/www.uv.mx\/prensa\/wp-json\/wp\/v2\/posts"}],"about":[{"href":"https:\/\/www.uv.mx\/prensa\/wp-json\/wp\/v2\/types\/post"}],"author":[{"embeddable":true,"href":"https:\/\/www.uv.mx\/prensa\/wp-json\/wp\/v2\/users\/1775"}],"replies":[{"embeddable":true,"href":"https:\/\/www.uv.mx\/prensa\/wp-json\/wp\/v2\/comments?post=96797"}],"version-history":[{"count":1,"href":"https:\/\/www.uv.mx\/prensa\/wp-json\/wp\/v2\/posts\/96797\/revisions"}],"predecessor-version":[{"id":96802,"href":"https:\/\/www.uv.mx\/prensa\/wp-json\/wp\/v2\/posts\/96797\/revisions\/96802"}],"wp:featuredmedia":[{"embeddable":true,"href":"https:\/\/www.uv.mx\/prensa\/wp-json\/wp\/v2\/media\/96799"}],"wp:attachment":[{"href":"https:\/\/www.uv.mx\/prensa\/wp-json\/wp\/v2\/media?parent=96797"}],"wp:term":[{"taxonomy":"category","embeddable":true,"href":"https:\/\/www.uv.mx\/prensa\/wp-json\/wp\/v2\/categories?post=96797"},{"taxonomy":"post_tag","embeddable":true,"href":"https:\/\/www.uv.mx\/prensa\/wp-json\/wp\/v2\/tags?post=96797"}],"curies":[{"name":"wp","href":"https:\/\/api.w.org\/{rel}","templated":true}]}}