{"id":96986,"date":"2021-05-07T20:47:56","date_gmt":"2021-05-08T01:47:56","guid":{"rendered":"https:\/\/www.uv.mx\/prensa\/?p=96986"},"modified":"2021-05-12T12:07:51","modified_gmt":"2021-05-12T17:07:51","slug":"webinario-de-arqueologia-y-radiomas-recibieron-premio-la-ciencia-y-el-hombre","status":"publish","type":"post","link":"https:\/\/www.uv.mx\/prensa\/banner\/webinario-de-arqueologia-y-radiomas-recibieron-premio-la-ciencia-y-el-hombre\/","title":{"rendered":"Webinario de Arqueolog\u00eda\u00a0y\u00a0RadioM\u00e1s\u00a0recibieron Premio La Ciencia y el Hombre\u00a0\u00a0"},"content":{"rendered":"<ul>\n<li data-leveltext=\"\uf0b7\" data-font=\"Symbol\" data-listid=\"1\" data-aria-posinset=\"1\" data-aria-level=\"1\"><i><span data-contrast=\"auto\">\u201cEste reconocimiento considera a la ciencia como el elemento primordial de la cultura de nuestro tiempo\u201d: Sara Ladr\u00f3n de Guevara<\/span><\/i><span data-ccp-props=\"{&quot;134233279&quot;:true,&quot;201341983&quot;:0,&quot;335559739&quot;:160,&quot;335559740&quot;:240}\">\u00a0<\/span><\/li>\n<li data-leveltext=\"\uf0b7\" data-font=\"Symbol\" data-listid=\"1\" data-aria-posinset=\"2\" data-aria-level=\"1\"><i><span data-contrast=\"auto\">\u201c<\/span><\/i><i><span data-contrast=\"auto\">El reconocimiento\u00a0<\/span><\/i><i><span data-contrast=\"auto\">es\u00a0<\/span><\/i><i><span data-contrast=\"auto\">para el esfuerzo colaborativo de miles de personas que logramos hacer comunidad de aprendizaje en medio de la crisis<\/span><\/i><i><span data-contrast=\"auto\">\u201d: Lourdes Budar<\/span><\/i><span data-ccp-props=\"{&quot;134233279&quot;:true,&quot;201341983&quot;:0,&quot;335559739&quot;:160,&quot;335559740&quot;:240}\">\u00a0<\/span><\/li>\n<\/ul>\n<p><span data-ccp-props=\"{&quot;201341983&quot;:0,&quot;335559739&quot;:160,&quot;335559740&quot;:240}\">\u00a0<\/span><\/p>\n<div id=\"attachment_96988\" style=\"width: 732px\" class=\"wp-caption aligncenter\"><a href=\"https:\/\/www.uv.mx\/prensa\/files\/2021\/05\/070521-PAOLA-La-ciencia-y-el-hombre-1.jpg\"><img aria-describedby=\"caption-attachment-96988\" decoding=\"async\" loading=\"lazy\" class=\"size-full wp-image-96988\" src=\"https:\/\/www.uv.mx\/prensa\/files\/2021\/05\/070521-PAOLA-La-ciencia-y-el-hombre-1.jpg\" alt=\"\" width=\"722\" height=\"482\" srcset=\"https:\/\/www.uv.mx\/prensa\/files\/2021\/05\/070521-PAOLA-La-ciencia-y-el-hombre-1.jpg 722w, https:\/\/www.uv.mx\/prensa\/files\/2021\/05\/070521-PAOLA-La-ciencia-y-el-hombre-1-300x200.jpg 300w\" sizes=\"(max-width: 722px) 100vw, 722px\" \/><\/a><p id=\"caption-attachment-96988\" class=\"wp-caption-text\">Autoridades universitarias junto con los galardonados con el Premio La Ciencia y el Hombre<\/p><\/div>\n<p><span data-ccp-props=\"{&quot;201341983&quot;:0,&quot;335559739&quot;:160,&quot;335559740&quot;:240}\">\u00a0<\/span><\/p>\n<p><b><i><span data-contrast=\"auto\">Paola Cort\u00e9s P\u00e9rez<\/span><\/i><\/b><span data-ccp-props=\"{&quot;201341983&quot;:0,&quot;335559739&quot;:160,&quot;335559740&quot;:240}\">\u00a0<\/span><\/p>\n<p><b><i><span data-contrast=\"auto\">07\/05\/2021, Xalapa, Ver.-<\/span><\/i><\/b><span data-contrast=\"auto\">\u00a0<\/span><span data-contrast=\"auto\">La Universidad Veracruzana (UV), a trav\u00e9s de la <a href=\"https:\/\/www.uv.mx\/cienciauv\/\" target=\"_blank\" rel=\"noopener\">Direcci\u00f3n General de Comunicaci\u00f3n de la Ciencia<\/a> (DGCC), entreg\u00f3 los premios La Ciencia y el Hombre 2020 y 2021 al programa de RadioM\u00e1s\u00a0<\/span><i><span data-contrast=\"auto\">El show de la Tierra<\/span><\/i><span data-contrast=\"auto\">\u00a0y al Webinario Internacional\u00a0<\/span><span data-contrast=\"auto\">de Arqueolog\u00eda<\/span><span data-contrast=\"auto\">\u00a0(WIA)<\/span><span data-contrast=\"auto\">, respectivamente, en el marco de la 1\u00aa Feria Internacional del Libro Universitario Virtual 2021 (FILUV).<\/span><span data-ccp-props=\"{&quot;201341983&quot;:0,&quot;335559739&quot;:160,&quot;335559740&quot;:240}\">\u00a0<\/span><\/p>\n<p><span data-contrast=\"auto\">La ceremonia de premiaci\u00f3n tuvo lugar la tarde del viernes 7 de mayo en la Sala de Juntas de Rector\u00eda, con la asistencia de la rectora de la UV, Sara Ladr\u00f3n de Guevara;\u00a0<\/span><span data-contrast=\"auto\">la secretaria acad\u00e9mica, Magdalena Hern\u00e1ndez Alarc\u00f3n;\u00a0<\/span><span data-contrast=\"auto\">el secretario de Administraci\u00f3n y\u00a0<\/span><span data-contrast=\"auto\">Finanzas, Salvador Tapia Spinoso; el secretario de Desarrollo Institucional, Octavio Ochoa Contreras.<\/span><span data-ccp-props=\"{&quot;201341983&quot;:0,&quot;335559731&quot;:708,&quot;335559739&quot;:160,&quot;335559740&quot;:240}\">\u00a0<\/span><\/p>\n<p><span data-contrast=\"auto\">La\u00a0<\/span><span data-contrast=\"auto\">R<\/span><span data-contrast=\"auto\">ectora<\/span><span data-contrast=\"auto\">\u00a0dijo que\u00a0<\/span><span data-contrast=\"auto\">la participaci\u00f3n de las mujeres en las ediciones 2020 y 2021 del Premio La Ciencia y el Hombre ha sido destacada y abrumadora<\/span><span data-contrast=\"auto\">, mujeres l\u00edderes que est\u00e1n al frente de un equipo de trabajo grande.<\/span><span data-ccp-props=\"{&quot;201341983&quot;:0,&quot;335559731&quot;:708,&quot;335559739&quot;:160,&quot;335559740&quot;:240}\">\u00a0<\/span><\/p>\n<p><span data-contrast=\"auto\">\u201cCelebro y destaco que esta casa de estudios est\u00e9 siempre en la primera l\u00ednea de la discusi\u00f3n acerca de la ciencia, su importancia y trascendencia social.\u201d<\/span><span data-ccp-props=\"{&quot;201341983&quot;:0,&quot;335559731&quot;:708,&quot;335559739&quot;:160,&quot;335559740&quot;:240}\">\u00a0<\/span><\/p>\n<p><span data-contrast=\"auto\">Este\u00a0<\/span><span data-contrast=\"auto\">reconocimiento<\/span><span data-contrast=\"auto\">, coment\u00f3,\u00a0<\/span><span data-contrast=\"auto\">considera a la ciencia como el elemento primordial de la cultura de nuestro tiempo; socializarla contribuye<\/span><span data-contrast=\"auto\">\u00a0a acrecentar la conciencia social acerca de la importancia del quehacer cient\u00edfico y tecnol\u00f3gico en\u00a0<\/span><span data-contrast=\"auto\">el<\/span><span data-contrast=\"auto\">\u00a0pa\u00eds.<\/span><span data-ccp-props=\"{&quot;201341983&quot;:0,&quot;335559731&quot;:708,&quot;335559739&quot;:160,&quot;335559740&quot;:240}\">\u00a0<\/span><\/p>\n<p><span data-contrast=\"auto\">\u201cSe otorga\u00a0<\/span><span data-contrast=\"auto\">este premio con la intenci\u00f3n de<\/span><span data-contrast=\"auto\">\u00a0hermanarse con aquellos proyectos<\/span><span data-contrast=\"auto\">\u00a0que alientan, quienes a<\/span><span data-contrast=\"auto\">\u00a0<\/span><span data-contrast=\"auto\">trav\u00e9s de la ciencia buscan hacer de este mundo, un mundo mejor.\u201d<\/span><span data-ccp-props=\"{&quot;201341983&quot;:0,&quot;335559731&quot;:708,&quot;335559739&quot;:160,&quot;335559740&quot;:240}\">\u00a0<\/span><\/p>\n<p>&nbsp;<\/p>\n<div id=\"attachment_96989\" style=\"width: 732px\" class=\"wp-caption aligncenter\"><a href=\"https:\/\/www.uv.mx\/prensa\/files\/2021\/05\/070521-PAOLA-La-ciencia-y-el-hombre-2.jpg\"><img aria-describedby=\"caption-attachment-96989\" decoding=\"async\" loading=\"lazy\" class=\"size-full wp-image-96989\" src=\"https:\/\/www.uv.mx\/prensa\/files\/2021\/05\/070521-PAOLA-La-ciencia-y-el-hombre-2.jpg\" alt=\"\" width=\"722\" height=\"482\" srcset=\"https:\/\/www.uv.mx\/prensa\/files\/2021\/05\/070521-PAOLA-La-ciencia-y-el-hombre-2.jpg 722w, https:\/\/www.uv.mx\/prensa\/files\/2021\/05\/070521-PAOLA-La-ciencia-y-el-hombre-2-300x200.jpg 300w\" sizes=\"(max-width: 722px) 100vw, 722px\" \/><\/a><p id=\"caption-attachment-96989\" class=\"wp-caption-text\">La rectora Sara Ladr\u00f3n de Guevara dijo que la participaci\u00f3n de las mujeres en este premio ha sido destacada<\/p><\/div>\n<p>&nbsp;<\/p>\n<p><span data-contrast=\"auto\">La entrega del premio inici\u00f3 con el homenaje p\u00f3stumo a Manuel Mart\u00ednez Morales, quien fuera el director general de Comunicaci\u00f3n de la Ciencia, investigador y divulgador incansable de la ciencia.<\/span><span data-ccp-props=\"{&quot;201341983&quot;:0,&quot;335559731&quot;:708,&quot;335559739&quot;:160,&quot;335559740&quot;:240}\">\u00a0<\/span><\/p>\n<p><span data-contrast=\"auto\">Elvira Morgado Viveros,\u00a0<\/span><span data-contrast=\"auto\">titular de la DGCC<\/span><span data-contrast=\"auto\">,\u00a0<\/span><span data-contrast=\"auto\">dijo que la ciencia\u00a0<\/span><span data-contrast=\"auto\">no es s\u00f3lo un conjunto de conocimientos\u00a0<\/span><span data-contrast=\"auto\">que<\/span><span data-contrast=\"auto\">\u00a0reunimos y ordenamos para entender los fen\u00f3menos naturales, tambi\u00e9n es una forma de ver el mundo y es la que m\u00e1s nos acerca a un verdadero entendimiento de la realidad.<\/span><span data-ccp-props=\"{&quot;201341983&quot;:0,&quot;335559731&quot;:708,&quot;335559739&quot;:160,&quot;335559740&quot;:240}\">\u00a0<\/span><\/p>\n<p><span data-contrast=\"auto\">Record\u00f3 que en el a\u00f1o 2010 el comit\u00e9 editorial de la revista\u00a0<\/span><i><span data-contrast=\"auto\">La Ciencia y el Hombre<\/span><\/i><span data-contrast=\"auto\">\u00a0instituy\u00f3 el premio, que actualmente reconoce a la diversidad de actividades de divulgaci\u00f3n de la ciencia que contribuyen a la construcci\u00f3n de la cultura cient\u00edfica en nuestro estado. Hasta la fecha se han entregado 10 galardones.<\/span><span data-ccp-props=\"{&quot;201341983&quot;:0,&quot;335559731&quot;:708,&quot;335559739&quot;:160,&quot;335559740&quot;:240}\">\u00a0<\/span><\/p>\n<p><span data-contrast=\"auto\">\u201cCon este premio constatamos que\u00a0<\/span><i><span data-contrast=\"auto\">La Ciencia y el Hombre<\/span><\/i><span data-contrast=\"auto\">\u00a0reconoce a todas las ciencias y a la diversidad de oportunidades<\/span><span data-contrast=\"auto\">\u00a0para comunicarla<\/span><span data-contrast=\"auto\">s.\u201d<\/span><span data-ccp-props=\"{&quot;201341983&quot;:0,&quot;335559731&quot;:708,&quot;335559739&quot;:160,&quot;335559740&quot;:240}\">\u00a0<\/span><\/p>\n<p><span data-contrast=\"auto\">A<\/span><span data-contrast=\"auto\">\u00ed<\/span><span data-contrast=\"auto\">da Pozos Villanueva, editora responsable de la revista universitaria\u00a0<\/span><i><span data-contrast=\"auto\">La Ciencia y el Hombre<\/span><\/i><span data-contrast=\"auto\">, present\u00f3 el Premio La Ciencia y el Hombre 2020 al programa\u00a0<\/span><i><span data-contrast=\"auto\">El Show de la Tierra<\/span><\/i><span data-contrast=\"auto\">, del que expres\u00f3: \u201c<\/span><span data-contrast=\"auto\">hace<\/span><span data-contrast=\"auto\">r un show sobre ciencia se antoja\u00a0<\/span><span data-contrast=\"auto\">una tarea bien divertida<\/span><span data-contrast=\"auto\">, pero sin duda se requiere de mucho<\/span><span data-contrast=\"auto\">\u00a0ingenio y creatividad, se necesitar\u00e1n acr\u00f3batas, contorsionistas, equilibrista<\/span><span data-contrast=\"auto\">s<\/span><span data-contrast=\"auto\">, escapista<\/span><span data-contrast=\"auto\">s<\/span><span data-contrast=\"auto\">, magos, malabarista<\/span><span data-contrast=\"auto\">s<\/span><span data-contrast=\"auto\">, ventr\u00edlocuo<\/span><span data-contrast=\"auto\">s<\/span><span data-contrast=\"auto\">, titiriteros, todos ellos trabajando al un\u00edsono para lograr un gran espect\u00e1culo que al mismo tiempo que divierta nos ense\u00f1e sobre ciencia\u201d.<\/span><span data-ccp-props=\"{&quot;201341983&quot;:0,&quot;335559731&quot;:708,&quot;335559739&quot;:160,&quot;335559740&quot;:240}\">\u00a0<\/span><\/p>\n<p>&nbsp;<\/p>\n<div id=\"attachment_96990\" style=\"width: 732px\" class=\"wp-caption aligncenter\"><a href=\"https:\/\/www.uv.mx\/prensa\/files\/2021\/05\/070521-PAOLA-La-ciencia-y-el-hombre-3.jpg\"><img aria-describedby=\"caption-attachment-96990\" decoding=\"async\" loading=\"lazy\" class=\"size-full wp-image-96990\" src=\"https:\/\/www.uv.mx\/prensa\/files\/2021\/05\/070521-PAOLA-La-ciencia-y-el-hombre-3.jpg\" alt=\"\" width=\"722\" height=\"482\" srcset=\"https:\/\/www.uv.mx\/prensa\/files\/2021\/05\/070521-PAOLA-La-ciencia-y-el-hombre-3.jpg 722w, https:\/\/www.uv.mx\/prensa\/files\/2021\/05\/070521-PAOLA-La-ciencia-y-el-hombre-3-300x200.jpg 300w\" sizes=\"(max-width: 722px) 100vw, 722px\" \/><\/a><p id=\"caption-attachment-96990\" class=\"wp-caption-text\">Lourdes Budar recibi\u00f3 el premio a nombre de todo el equipo del Webinario Internacional de Arqueolog\u00eda<\/p><\/div>\n<p>&nbsp;<\/p>\n<p><span data-contrast=\"auto\">Isela Pacheco Cabrera, conductora\u00a0<\/span><span data-contrast=\"auto\">del programa,\u00a0<\/span><span data-contrast=\"auto\">agrade<\/span><span data-contrast=\"auto\">ci\u00f3 a la Universidad y a la DGCC por el reconocimiento, \u201c<\/span><span data-contrast=\"auto\">nos vamos con alegr\u00eda y con la tarea de seguir<\/span><span data-contrast=\"auto\">nos reinventando, evolucionando y de continuar estando a la altura de la audiencia, de los grupos<\/span><span data-contrast=\"auto\">\u00a0y de los libres pensadores que han hecho del <em>Show de la Tierra<\/em> un<\/span><span data-contrast=\"auto\">a<\/span><span data-contrast=\"auto\">\u00a0tregua para pensar, sentir, so\u00f1ar y para hablarle al o\u00eddo al planeta\u201d.<\/span><span data-ccp-props=\"{&quot;201341983&quot;:0,&quot;335559731&quot;:708,&quot;335559739&quot;:160,&quot;335559740&quot;:240}\">\u00a0<\/span><\/p>\n<p><span data-contrast=\"auto\">La presentaci\u00f3n del Premio La Ciencia y el Hombre 2021 estuvo a cargo de Virginia Arieta Baizabal, investigadora del Instituto de Antropolog\u00eda.<\/span><span data-ccp-props=\"{&quot;201341983&quot;:0,&quot;335559731&quot;:708,&quot;335559739&quot;:160,&quot;335559740&quot;:240}\">\u00a0<\/span><\/p>\n<p><span data-contrast=\"auto\">Lourdes Budar Jim\u00e9nez, directora de la Universidad Veracruzana Intercultural (UVI), recibi\u00f3 el premio a nombre de todo el equipo organizador del Webinario Internacional de Arqueolog\u00eda<\/span><span data-contrast=\"auto\">\u00a0(WIA)<\/span><span data-contrast=\"auto\">, y coment\u00f3 que\u00a0<\/span><span data-contrast=\"auto\">el \u00e9xito\u00a0<\/span><span data-contrast=\"auto\">de dicho evento<\/span><span data-contrast=\"auto\">\u00a0puede entenderse como<\/span><span data-contrast=\"auto\">\u00a0el resultado de la cooperaci\u00f3n, la voluntad y esfuerzo\u00a0<\/span><span data-contrast=\"auto\">conjunto de todas y todos los participantes que en mitad de la pandem<\/span><span data-contrast=\"auto\">ia aport\u00f3<\/span><span data-contrast=\"auto\">\u00a0<\/span><span data-contrast=\"auto\">tiempo\u00a0<\/span><span data-contrast=\"auto\">y saberes en beneficio\u00a0<\/span><span data-contrast=\"auto\">del conocimiento compartido<\/span><span data-contrast=\"auto\">.<\/span><span data-ccp-props=\"{&quot;201341983&quot;:0,&quot;335559731&quot;:708,&quot;335559739&quot;:160,&quot;335559740&quot;:240}\">\u00a0<\/span><\/p>\n<p><span data-contrast=\"auto\">\u201c<\/span><span data-contrast=\"auto\">El reconocimiento que<\/span><span data-contrast=\"auto\">\u00a0entrega<\/span><span data-contrast=\"auto\">\u00a0la revista\u00a0<\/span><i><span data-contrast=\"auto\">La Ciencia y el Hombre<\/span><\/i><span data-contrast=\"auto\">\u00a0no es para la iniciativa de Lourdes Budar, sino para el Webinario Internacional de Arqueolog\u00eda, es un reconocimiento para el esfuerzo colaborativo de miles de personas que logramos hacer comunidad de aprendizaje en medio de la crisis.\u201d<\/span><span data-ccp-props=\"{&quot;201341983&quot;:0,&quot;335559731&quot;:708,&quot;335559739&quot;:160,&quot;335559740&quot;:240}\">\u00a0<\/span><\/p>\n<p><span data-contrast=\"auto\">En la premiaci\u00f3n tambi\u00e9n estuvieron presentes el director general de la Editorial de la UV, Edgar Garc\u00eda Valencia; el director gener<\/span><span data-contrast=\"auto\">al de Comunicaci\u00f3n Universitaria<\/span><span data-contrast=\"auto\">, Raciel Mart\u00ednez G\u00f3mez; el coordinador general de la FILUV, Germ\u00e1n Mart\u00ednez Aceves, y el su<\/span><span data-contrast=\"auto\">bdirector de RadioM<\/span><span data-contrast=\"auto\">\u00e1s<\/span><span data-contrast=\"auto\">, Randy Ram\u00edrez.<\/span><span data-ccp-props=\"{&quot;201341983&quot;:0,&quot;335559731&quot;:708,&quot;335559739&quot;:160,&quot;335559740&quot;:240}\">\u00a0<\/span><\/p>\n<p><span data-contrast=\"auto\">A trav\u00e9s de la plataforma digital\u00a0<\/span><i><span data-contrast=\"auto\">ZoomUV<\/span><\/i><span data-contrast=\"auto\">\u00a0y\u00a0<\/span><i><span data-contrast=\"auto\">Faebook\u00a0<\/span><\/i><i><span data-contrast=\"auto\">Live<\/span><\/i><span data-contrast=\"auto\">\u00a0<\/span><span data-contrast=\"auto\">siguieron<\/span><span data-contrast=\"auto\">\u00a0la premiaci\u00f3n los vicerrectores de las regiones Coatzacoalcos-Min<\/span><span data-contrast=\"auto\">atitl\u00e1n, Orizaba-C\u00f3rdoba, Poza Rica-Tuxpa<\/span><span data-contrast=\"auto\">n y Veracruz; as\u00ed como directores generales acad\u00e9micos, administrativos y operativos.<\/span><span data-ccp-props=\"{&quot;201341983&quot;:0,&quot;335559731&quot;:708,&quot;335559739&quot;:160,&quot;335559740&quot;:240}\">\u00a0<\/span><\/p>\n<p><span data-ccp-props=\"{&quot;201341983&quot;:0,&quot;335559739&quot;:160,&quot;335559740&quot;:240}\">\u00a0<\/span><\/p>\n<div id=\"attachment_96991\" style=\"width: 732px\" class=\"wp-caption aligncenter\"><a href=\"https:\/\/www.uv.mx\/prensa\/files\/2021\/05\/070521-PAOLA-La-ciencia-y-el-hombre-4.jpg\"><img aria-describedby=\"caption-attachment-96991\" decoding=\"async\" loading=\"lazy\" class=\"size-full wp-image-96991\" src=\"https:\/\/www.uv.mx\/prensa\/files\/2021\/05\/070521-PAOLA-La-ciencia-y-el-hombre-4.jpg\" alt=\"\" width=\"722\" height=\"482\" srcset=\"https:\/\/www.uv.mx\/prensa\/files\/2021\/05\/070521-PAOLA-La-ciencia-y-el-hombre-4.jpg 722w, https:\/\/www.uv.mx\/prensa\/files\/2021\/05\/070521-PAOLA-La-ciencia-y-el-hombre-4-300x200.jpg 300w\" sizes=\"(max-width: 722px) 100vw, 722px\" \/><\/a><p id=\"caption-attachment-96991\" class=\"wp-caption-text\">Todo el equipo del programa\u00a0<em>El show de la Tierra<\/em> recibi\u00f3 el galard\u00f3n<\/p><\/div>\n","protected":false},"excerpt":{"rendered":"<p>\u201cEste reconocimiento considera a la ciencia como el elemento primordial de la cultura de nuestro tiempo\u201d: Sara Ladr\u00f3n de Guevara\u00a0<\/p>\n","protected":false},"author":1869,"featured_media":96987,"comment_status":"closed","ping_status":"closed","sticky":false,"template":"","format":"standard","meta":[],"categories":[61],"tags":[],"_links":{"self":[{"href":"https:\/\/www.uv.mx\/prensa\/wp-json\/wp\/v2\/posts\/96986"}],"collection":[{"href":"https:\/\/www.uv.mx\/prensa\/wp-json\/wp\/v2\/posts"}],"about":[{"href":"https:\/\/www.uv.mx\/prensa\/wp-json\/wp\/v2\/types\/post"}],"author":[{"embeddable":true,"href":"https:\/\/www.uv.mx\/prensa\/wp-json\/wp\/v2\/users\/1869"}],"replies":[{"embeddable":true,"href":"https:\/\/www.uv.mx\/prensa\/wp-json\/wp\/v2\/comments?post=96986"}],"version-history":[{"count":1,"href":"https:\/\/www.uv.mx\/prensa\/wp-json\/wp\/v2\/posts\/96986\/revisions"}],"predecessor-version":[{"id":97062,"href":"https:\/\/www.uv.mx\/prensa\/wp-json\/wp\/v2\/posts\/96986\/revisions\/97062"}],"wp:featuredmedia":[{"embeddable":true,"href":"https:\/\/www.uv.mx\/prensa\/wp-json\/wp\/v2\/media\/96987"}],"wp:attachment":[{"href":"https:\/\/www.uv.mx\/prensa\/wp-json\/wp\/v2\/media?parent=96986"}],"wp:term":[{"taxonomy":"category","embeddable":true,"href":"https:\/\/www.uv.mx\/prensa\/wp-json\/wp\/v2\/categories?post=96986"},{"taxonomy":"post_tag","embeddable":true,"href":"https:\/\/www.uv.mx\/prensa\/wp-json\/wp\/v2\/tags?post=96986"}],"curies":[{"name":"wp","href":"https:\/\/api.w.org\/{rel}","templated":true}]}}