{"id":97325,"date":"2021-05-17T15:53:33","date_gmt":"2021-05-17T20:53:33","guid":{"rendered":"https:\/\/www.uv.mx\/prensa\/?p=97325"},"modified":"2021-05-17T15:57:24","modified_gmt":"2021-05-17T20:57:24","slug":"tercera-acreditacion-para-trabajo-social-de-la-uv-en-minatitlan","status":"publish","type":"post","link":"https:\/\/www.uv.mx\/prensa\/regiones\/coatzacoalcos\/tercera-acreditacion-para-trabajo-social-de-la-uv-en-minatitlan\/","title":{"rendered":"Tercera acreditaci\u00f3n para Trabajo Social  de la UV en Minatitl\u00e1n"},"content":{"rendered":"<ul>\n<li data-leveltext=\"\u25cf\" data-font=\"Arial, Arial_MSFontService, sans-serif\" data-listid=\"1\" data-aria-posinset=\"1\" data-aria-level=\"1\"><i><span data-contrast=\"auto\">Al seguir ofreciendo un programa de calidad, est\u00e1n sentando las bases firmes que nos demanda la nueva realidad, afirm\u00f3 la Rectora<\/span><\/i><span data-ccp-props=\"{&quot;201341983&quot;:0,&quot;335559740&quot;:240}\">\u00a0<\/span><\/li>\n<li data-leveltext=\"\u25cf\" data-font=\"Arial, Arial_MSFontService, sans-serif\" data-listid=\"1\" data-aria-posinset=\"2\" data-aria-level=\"1\"><i><span data-contrast=\"auto\">A trav\u00e9s de <\/span><\/i><span data-contrast=\"auto\">UVZoom<\/span><i><span data-contrast=\"auto\">, Karla Valverde Viesca, presidenta del Consejo Directivo<\/span><\/i><i><span data-contrast=\"auto\"> de<\/span><\/i> <i><span data-contrast=\"auto\">la Asociaci\u00f3n para la Acreditaci\u00f3n y Certificaci\u00f3n en Ciencias Sociales (<\/span><\/i><span data-contrast=\"auto\">Acceciso<\/span><i><span data-contrast=\"auto\">)<\/span><\/i><i><span data-contrast=\"auto\">, felicit\u00f3 a los integrantes de la comunidad universitaria<\/span><\/i><span data-ccp-props=\"{&quot;201341983&quot;:0,&quot;335559740&quot;:240}\">\u00a0<\/span><\/li>\n<\/ul>\n<p>&nbsp;<\/p>\n<div id=\"attachment_97324\" style=\"width: 650px\" class=\"wp-caption aligncenter\"><a href=\"https:\/\/www.uv.mx\/prensa\/files\/2021\/05\/170521-Trabajo-Social.jpg\"><img aria-describedby=\"caption-attachment-97324\" decoding=\"async\" loading=\"lazy\" class=\"size-full wp-image-97324\" src=\"https:\/\/www.uv.mx\/prensa\/files\/2021\/05\/170521-Trabajo-Social.jpg\" alt=\"\" width=\"640\" height=\"480\" srcset=\"https:\/\/www.uv.mx\/prensa\/files\/2021\/05\/170521-Trabajo-Social.jpg 640w, https:\/\/www.uv.mx\/prensa\/files\/2021\/05\/170521-Trabajo-Social-300x225.jpg 300w\" sizes=\"(max-width: 640px) 100vw, 640px\" \/><\/a><p id=\"caption-attachment-97324\" class=\"wp-caption-text\">Georgina Hern\u00e1ndez, directora del PE de Trabajo Social, y Carlos Lamothe, vicerrector de la regi\u00f3n Coatzacoalcos-Minatitl\u00e1n, con la acreditaci\u00f3n emitida por <em>Acceciso<\/em><\/p><\/div>\n<p>&nbsp;<\/p>\n<p><b><i><span data-contrast=\"auto\">David Sandoval Rodr\u00edguez<\/span><\/i><\/b><span data-ccp-props=\"{&quot;201341983&quot;:0,&quot;335559740&quot;:240}\">\u00a0<\/span><\/p>\n<p><span data-ccp-props=\"{&quot;201341983&quot;:0,&quot;335559740&quot;:240}\">\u00a0<\/span><b><i><span data-contrast=\"auto\">17\/05\/<\/span><\/i><\/b><b><i><span data-contrast=\"auto\">20<\/span><\/i><\/b><b><i><span data-contrast=\"auto\">21<\/span><\/i><\/b><b><i><span data-contrast=\"auto\">,<\/span><\/i><\/b><b><i><span data-contrast=\"auto\"> Minatitl\u00e1n, Ver.-<\/span><\/i><\/b><span data-contrast=\"auto\"> La Facultad de Trabajo Social de la Universidad Veracruzana (UV), <\/span><i><span data-contrast=\"auto\">campus<\/span><\/i><span data-contrast=\"auto\"> Minatitl\u00e1n, recibi\u00f3 su tercera constancia de acreditaci\u00f3n como <\/span><span data-contrast=\"auto\">p<\/span><span data-contrast=\"auto\">rograma <\/span><span data-contrast=\"auto\">e<\/span><span data-contrast=\"auto\">ducativo (PE) de calidad por parte de la Asociaci\u00f3n para la Acreditaci\u00f3n y Certificaci\u00f3n en Ciencias Sociales (<\/span><i><span data-contrast=\"auto\">Acceciso<\/span><\/i><span data-contrast=\"auto\">) en ceremonia presencial y virtual donde participaron las autoridades universitarias y del organismo certificador.<\/span><span data-ccp-props=\"{&quot;201341983&quot;:0,&quot;335559740&quot;:240}\">\u00a0<\/span><\/p>\n<p><span data-contrast=\"auto\">Desde la Unidad Central de la UV en Xalapa, la rectora Sara Ladr\u00f3n de Guevara f<\/span><span data-contrast=\"auto\">elicit\u00f3 a todos los involucrados en este logro institucional y reconoci\u00f3 el trabajo del cuerpo directivo, acad\u00e9micos y estudiantes de la <\/span><span data-contrast=\"auto\">L<\/span><span data-contrast=\"auto\">icenciatura en Trabajo Social, as\u00ed como <\/span><span data-contrast=\"auto\">de<\/span><span data-contrast=\"auto\"> los catedr\u00e1ticos integrantes del comit\u00e9 de acreditaci\u00f3n del PE, \u201cpor el arduo trabajo que hoy resulta en la acreditaci\u00f3n; que<\/span><span data-contrast=\"auto\">,<\/span><span data-contrast=\"auto\"> en efecto<\/span><span data-contrast=\"auto\">,<\/span><span data-contrast=\"auto\"> es todo un proceso de mejora continua y que nos gu\u00eda para, dentro de cinco a\u00f1os, est\u00e9n <\/span><span data-contrast=\"auto\">reacreditando<\/span><span data-contrast=\"auto\"> con nuevos logros y mayor calidad\u201d.<\/span><span data-ccp-props=\"{&quot;201341983&quot;:0,&quot;335559740&quot;:240}\">\u00a0<\/span><\/p>\n<p><span data-contrast=\"auto\">La Rectora destac\u00f3 que \u201choy la Universidad Veracruzana<\/span><span data-contrast=\"auto\">,<\/span><span data-contrast=\"auto\"> y en especial su Facultad de Trabajo Social, regi\u00f3n Minatitl\u00e1n, modalidad escolarizada, obtiene su tercera acreditaci\u00f3n como programa educativo de calidad debidamente certificado por la Asociaci\u00f3n para la Acreditaci\u00f3n y Certificaci\u00f3n en Ciencias Sociales, reconocida a su vez por el Consejo para la Acreditaci\u00f3n de la Educaci\u00f3n Superior\u201d.<\/span><span data-ccp-props=\"{&quot;201341983&quot;:0,&quot;335559740&quot;:240}\">\u00a0<\/span><\/p>\n<p><span data-contrast=\"auto\">Con la lectura del informe el<\/span><span data-contrast=\"auto\">aborado por la direcci\u00f3n de la F<\/span><span data-contrast=\"auto\">acultad, a\u00f1adi\u00f3, <\/span><span data-contrast=\"auto\">se <\/span><span data-contrast=\"auto\">pudo constatar la responsabilidad, el <\/span><span data-contrast=\"auto\">profesionalismo, el compromiso y la entrega empe\u00f1ados en la consecuci\u00f3n del objetivo.<\/span><span data-ccp-props=\"{&quot;201341983&quot;:0,&quot;335559731&quot;:720,&quot;335559740&quot;:240}\">\u00a0<\/span><\/p>\n<p><span data-contrast=\"auto\">\u201cLes felicito porque siguen ofreciendo una educaci\u00f3n de calidad a todos aquellos j\u00f3venes que conf\u00edan en nosotros para formarse como trabajadores sociales; les felicito adem\u00e1s porque al seguir of<\/span><span data-contrast=\"auto\">reciendo un programa de calidad<\/span><span data-contrast=\"auto\"> est\u00e1n sentando bases firmes y confiables para las tareas que tenemos por delante y las que nos demanda la nueva realidad\u201d, puntualiz\u00f3 Sara Ladr\u00f3n de Guevara.<\/span><span data-ccp-props=\"{&quot;201341983&quot;:0,&quot;335559731&quot;:720,&quot;335559740&quot;:240}\">\u00a0<\/span><\/p>\n<p><span data-contrast=\"auto\">A trav\u00e9s de <\/span><i><span data-contrast=\"auto\">UVZoom<\/span><\/i><span data-contrast=\"auto\">, Karla Valverde Viesca, presidenta del Consejo Directivo de la <\/span><i><span data-contrast=\"auto\">Acceciso<\/span><\/i><span data-contrast=\"auto\">, felicit\u00f3 a los integrantes de la comunidad universitaria \u201cpor su compromiso con la mejora continua de todos sus programas educativos\u201d.<\/span><span data-ccp-props=\"{&quot;201341983&quot;:0,&quot;335559731&quot;:720,&quot;335559740&quot;:240}\">\u00a0<\/span><\/p>\n<p>&nbsp;<\/p>\n<div id=\"attachment_97322\" style=\"width: 732px\" class=\"wp-caption aligncenter\"><a href=\"https:\/\/www.uv.mx\/prensa\/files\/2021\/05\/170521-Trabajo-Social-2.jpg\"><img aria-describedby=\"caption-attachment-97322\" decoding=\"async\" loading=\"lazy\" class=\"size-full wp-image-97322\" src=\"https:\/\/www.uv.mx\/prensa\/files\/2021\/05\/170521-Trabajo-Social-2.jpg\" alt=\"\" width=\"722\" height=\"481\" srcset=\"https:\/\/www.uv.mx\/prensa\/files\/2021\/05\/170521-Trabajo-Social-2.jpg 722w, https:\/\/www.uv.mx\/prensa\/files\/2021\/05\/170521-Trabajo-Social-2-300x200.jpg 300w\" sizes=\"(max-width: 722px) 100vw, 722px\" \/><\/a><p id=\"caption-attachment-97322\" class=\"wp-caption-text\">Sara Ladr\u00f3n de Guevara, rectora de la UV, destac\u00f3 el logro de obtener una tercera acreditaci\u00f3n consecutiva por la calidad del programa educativo<\/p><\/div>\n<p>&nbsp;<\/p>\n<p><span data-contrast=\"auto\">Extendi\u00f3 un reconocimiento a todos y cada uno de <\/span><span data-contrast=\"auto\">los involucrados<\/span> <span data-contrast=\"auto\">\u201c<\/span><span data-contrast=\"auto\">por el esfuerzo y compromiso para llevar a cabo el proceso de evaluaci\u00f3n\u201d.<\/span><span data-ccp-props=\"{&quot;201341983&quot;:0,&quot;335559731&quot;:720,&quot;335559740&quot;:240}\">\u00a0<\/span><\/p>\n<p><span data-contrast=\"auto\">Record\u00f3 que <\/span><i><span data-contrast=\"auto\">Acceciso<\/span><\/i><span data-contrast=\"auto\"> ha trabajado de la mano con la UV desde hace varios a\u00f1os y<\/span> <span data-contrast=\"auto\">con la actual rector\u00eda se constata un compromiso con la mejora continua que parte de la formaci\u00f3n en ciencias sociales de su <\/span><span data-contrast=\"auto\">rectora,<\/span><span data-contrast=\"auto\"> lo que posibilita <\/span><span data-contrast=\"auto\">atender<\/span><span data-contrast=\"auto\"> los problemas que enfrentamos, como la pandemia, de manera multidisciplinar.<\/span><span data-ccp-props=\"{&quot;201341983&quot;:0,&quot;335559731&quot;:720,&quot;335559740&quot;:240}\">\u00a0<\/span><\/p>\n<p><span data-contrast=\"auto\">\u201cTienen que estar muy contentos de lo que el <\/span><span data-contrast=\"auto\">p<\/span><span data-contrast=\"auto\">rograma <\/span><span data-contrast=\"auto\">e<\/span><span data-contrast=\"auto\">ducativo ha hecho\u201d, se\u00f1al<\/span><span data-contrast=\"auto\">\u00f3;<\/span><span data-contrast=\"auto\"> \u201cel trabajo que hacen con la comunidad es realmente relevante y \u00fanico, adem\u00e1s conviven con programas del \u00c1rea de Ciencias de la Salud, otorgando un enriquecimiento profundo a su labor\u201d.<\/span><span data-ccp-props=\"{&quot;201341983&quot;:0,&quot;335559731&quot;:720,&quot;335559740&quot;:240}\">\u00a0<\/span><\/p>\n<p><span data-contrast=\"auto\">Por su parte, Jos\u00e9 Luis Mart\u00ednez Su\u00e1rez, director general del \u00c1rea Acad\u00e9mica de Humanidades<\/span><span data-contrast=\"auto\"> de la UV<\/span><span data-contrast=\"auto\">, asegur\u00f3<\/span><span data-contrast=\"auto\">:<\/span><span data-contrast=\"auto\"> \u201c<\/span><span data-contrast=\"auto\">N<\/span><span data-contrast=\"auto\">uestros trabajadores sociales han dinamizado su disciplina, mostrando que no solamente realizan tareas de asesoramiento, incluyen el trabajo con casos, con grupos, de pedagog\u00eda social y de terapia familiar, adem\u00e1s de los esfuerzos para que las personas obtengan servicios y recursos en sus comunidades\u201d.<\/span><span data-ccp-props=\"{&quot;201341983&quot;:0,&quot;335559731&quot;:720,&quot;335559740&quot;:240}\">\u00a0<\/span><\/p>\n<p><span data-contrast=\"auto\">A su vez, en el <em>campus<\/em> Minatitl\u00e1n, Carlos <\/span><span data-contrast=\"auto\">Lamothe<\/span><span data-contrast=\"auto\"> Zavaleta, vicerrector de la regi\u00f3n Coatzacoalcos-Minatitl\u00e1n, recalc\u00f3 que el PE surgi\u00f3 en 1977 y se ha caracterizado \u201cpor su esp\u00edritu humanista y solidario, por estudiar de manera integral los problemas sociales para buscar soluciones encaminadas al mejoramiento de la calidad de vida\u201d.<\/span><span data-ccp-props=\"{&quot;201341983&quot;:0,&quot;335559731&quot;:720,&quot;335559740&quot;:240}\">\u00a0<\/span><\/p>\n<p>&nbsp;<\/p>\n<div id=\"attachment_97321\" style=\"width: 732px\" class=\"wp-caption aligncenter\"><a href=\"https:\/\/www.uv.mx\/prensa\/files\/2021\/05\/170521-Trabajo-Social-3.jpg\"><img aria-describedby=\"caption-attachment-97321\" decoding=\"async\" loading=\"lazy\" class=\"size-full wp-image-97321\" src=\"https:\/\/www.uv.mx\/prensa\/files\/2021\/05\/170521-Trabajo-Social-3.jpg\" alt=\"\" width=\"722\" height=\"481\" srcset=\"https:\/\/www.uv.mx\/prensa\/files\/2021\/05\/170521-Trabajo-Social-3.jpg 722w, https:\/\/www.uv.mx\/prensa\/files\/2021\/05\/170521-Trabajo-Social-3-300x200.jpg 300w\" sizes=\"(max-width: 722px) 100vw, 722px\" \/><\/a><p id=\"caption-attachment-97321\" class=\"wp-caption-text\">Jos\u00e9 Luis Mart\u00ednez Su\u00e1rez, director general del \u00c1rea Acad\u00e9mica de Humanidades<\/p><\/div>\n<p>&nbsp;<\/p>\n<p><span data-contrast=\"auto\">Subray\u00f3 que el PE ha sido acreditado en tres ocasiones: el 8 de julio de 2008, el 29 de marzo de 2017 y el 12 de marzo de 2021, <\/span><span data-contrast=\"auto\">\u201cesta \u00faltima en condiciones especiales derivadas de la contingencia sanitaria causada por la pandemia\u201d.<\/span><span data-ccp-props=\"{&quot;201341983&quot;:0,&quot;335559731&quot;:720,&quot;335559740&quot;:240}\">\u00a0<\/span><\/p>\n<p><span data-contrast=\"auto\">Lamothe<\/span><span data-contrast=\"auto\"> Zavaleta record\u00f3 que con esta acreditaci\u00f3n se cumple con la meta institucional trazada por el actual rectorado<\/span><span data-contrast=\"auto\">,<\/span><span data-contrast=\"auto\"> consistente en ofertar <\/span><span data-contrast=\"auto\">PE<\/span><span data-contrast=\"auto\"> de calidad que garanticen una s\u00f3lida formaci\u00f3n profesional y que demandan el mercado laboral y la sociedad a la que se deben.<\/span><span data-ccp-props=\"{&quot;201341983&quot;:0,&quot;335559731&quot;:720,&quot;335559740&quot;:240}\">\u00a0<\/span><\/p>\n<p><span data-contrast=\"auto\">Asimismo, Georgina Hern\u00e1ndez R\u00edos, directora de la Facultad de Trabajo Social, reconoci\u00f3 que es \u201cun d\u00eda muy significativo al recibir por tercera ocasi\u00f3n el reconocimiento de acreditaci\u00f3n de nuestro programa educativo por parte del organismo evaluador, dados los acuerdos, la madurez profesional, disposici\u00f3n y compromiso del equipo responsable de la integraci\u00f3n del informe de autoevaluaci\u00f3n y su coordinadora, la profesora Norma Hilda Fuentes Le\u00f3n\u201d.<\/span><span data-ccp-props=\"{&quot;201341983&quot;:0,&quot;335559731&quot;:720,&quot;335559740&quot;:240}\">\u00a0<\/span><\/p>\n<p><span data-contrast=\"auto\">La <\/span><span data-contrast=\"auto\">D<\/span><span data-contrast=\"auto\">irectora agradeci\u00f3 el acompa\u00f1amiento en el proceso de las autoridades universitarias, encabezadas por la <\/span><span data-contrast=\"auto\">R<\/span><span data-contrast=\"auto\">ectora y su equipo de trabaj<\/span><span data-contrast=\"auto\">o, <\/span><span data-contrast=\"auto\">as\u00ed como a la <\/span><span data-contrast=\"auto\">V<\/span><span data-contrast=\"auto\">icerrector\u00eda.<\/span><span data-ccp-props=\"{&quot;201341983&quot;:0,&quot;335559740&quot;:240}\">\u00a0<\/span><\/p>\n<p><span data-contrast=\"auto\">La presente acreditaci\u00f3n tiene una vigencia de cinco a\u00f1os con t\u00e9rmino al 12 de marzo de 2026.<\/span><span data-ccp-props=\"{&quot;201341983&quot;:0,&quot;335559731&quot;:720,&quot;335559740&quot;:240}\">\u00a0<\/span><\/p>\n<p><span data-contrast=\"auto\">En la <\/span><span data-contrast=\"auto\">S<\/span><span data-contrast=\"auto\">ala de <\/span><span data-contrast=\"auto\">J<\/span><span data-contrast=\"auto\">untas de Rector\u00eda atendieron la ceremonia Magdalena Hern\u00e1ndez Alarc\u00f3n, secretaria Acad\u00e9mica; Salvador Tapia Spinoso, secretario de Administraci\u00f3n y Finanzas; Laura Elena Mart\u00ednez M\u00e1rquez, directora general de Planeaci\u00f3n Institucional<\/span><span data-contrast=\"auto\">,<\/span><span data-contrast=\"auto\"> y Raciel Mart\u00ednez G\u00f3mez, titular de la Direcci\u00f3n General de Comunicaci\u00f3n Universitaria.<\/span><span data-ccp-props=\"{&quot;201341983&quot;:0,&quot;335559731&quot;:720,&quot;335559740&quot;:240}\">\u00a0<\/span><\/p>\n<p>&nbsp;<\/p>\n<div id=\"attachment_97323\" style=\"width: 732px\" class=\"wp-caption aligncenter\"><a href=\"https:\/\/www.uv.mx\/prensa\/files\/2021\/05\/170521-Trabajo-Social-4.jpg\"><img aria-describedby=\"caption-attachment-97323\" decoding=\"async\" loading=\"lazy\" class=\"size-full wp-image-97323\" src=\"https:\/\/www.uv.mx\/prensa\/files\/2021\/05\/170521-Trabajo-Social-4.jpg\" alt=\"\" width=\"722\" height=\"481\" srcset=\"https:\/\/www.uv.mx\/prensa\/files\/2021\/05\/170521-Trabajo-Social-4.jpg 722w, https:\/\/www.uv.mx\/prensa\/files\/2021\/05\/170521-Trabajo-Social-4-300x200.jpg 300w\" sizes=\"(max-width: 722px) 100vw, 722px\" \/><\/a><p id=\"caption-attachment-97323\" class=\"wp-caption-text\">La Rectora recibi\u00f3 simb\u00f3licamente la constancia de acreditaci\u00f3n del PE de Trabajo Social con vigencia hasta 2026<\/p><\/div>\n","protected":false},"excerpt":{"rendered":"<p>\u201cLes felicito porque siguen ofreciendo una educaci\u00f3n de calidad a todos aquellos j\u00f3venes que conf\u00edan en nosotros para formarse como trabajadores sociales\u201d, expres\u00f3 la rectora Sara Ladr\u00f3n de Guevara<\/p>\n","protected":false},"author":1508,"featured_media":97320,"comment_status":"closed","ping_status":"closed","sticky":false,"template":"","format":"standard","meta":[],"categories":[52,61],"tags":[],"_links":{"self":[{"href":"https:\/\/www.uv.mx\/prensa\/wp-json\/wp\/v2\/posts\/97325"}],"collection":[{"href":"https:\/\/www.uv.mx\/prensa\/wp-json\/wp\/v2\/posts"}],"about":[{"href":"https:\/\/www.uv.mx\/prensa\/wp-json\/wp\/v2\/types\/post"}],"author":[{"embeddable":true,"href":"https:\/\/www.uv.mx\/prensa\/wp-json\/wp\/v2\/users\/1508"}],"replies":[{"embeddable":true,"href":"https:\/\/www.uv.mx\/prensa\/wp-json\/wp\/v2\/comments?post=97325"}],"version-history":[{"count":1,"href":"https:\/\/www.uv.mx\/prensa\/wp-json\/wp\/v2\/posts\/97325\/revisions"}],"predecessor-version":[{"id":97327,"href":"https:\/\/www.uv.mx\/prensa\/wp-json\/wp\/v2\/posts\/97325\/revisions\/97327"}],"wp:featuredmedia":[{"embeddable":true,"href":"https:\/\/www.uv.mx\/prensa\/wp-json\/wp\/v2\/media\/97320"}],"wp:attachment":[{"href":"https:\/\/www.uv.mx\/prensa\/wp-json\/wp\/v2\/media?parent=97325"}],"wp:term":[{"taxonomy":"category","embeddable":true,"href":"https:\/\/www.uv.mx\/prensa\/wp-json\/wp\/v2\/categories?post=97325"},{"taxonomy":"post_tag","embeddable":true,"href":"https:\/\/www.uv.mx\/prensa\/wp-json\/wp\/v2\/tags?post=97325"}],"curies":[{"name":"wp","href":"https:\/\/api.w.org\/{rel}","templated":true}]}}