{"id":97918,"date":"2021-05-27T09:04:37","date_gmt":"2021-05-27T14:04:37","guid":{"rendered":"https:\/\/www.uv.mx\/prensa\/?p=97918"},"modified":"2021-11-08T08:44:23","modified_gmt":"2021-11-08T14:44:23","slug":"tsunami-2-es-un-libro-antitotalitario-gabriela-jauregui","status":"publish","type":"post","link":"https:\/\/www.uv.mx\/prensa\/filu\/tsunami-2-es-un-libro-antitotalitario-gabriela-jauregui\/","title":{"rendered":"<em>Tsunami 2<\/em> es un libro antitotalitario: Gabriela J\u00e1uregui"},"content":{"rendered":"<style type=\"text\/css\">\n  blockquote p { color: #28519b; font-family: helvetica; font-size: 1.4em; }<br \/><\/style>\n<ul>\n<li data-leveltext=\"\uf0b7\" data-font=\"Symbol\" data-listid=\"1\" data-aria-posinset=\"1\" data-aria-level=\"1\"><i><span data-contrast=\"auto\">La obra que re\u00fane 13 textos de igual n\u00famero de\u00a0escritoras,\u00a0fue presentada\u00a0en la FILU\u00a0Virtual<\/span><\/i><span data-ccp-props=\"{&quot;134233279&quot;:true}\">\u00a0<\/span><\/li>\n<\/ul>\n<p><span data-ccp-props=\"{}\">\u00a0<\/span><\/p>\n<div id=\"attachment_97919\" style=\"width: 732px\" class=\"wp-caption aligncenter\"><a href=\"https:\/\/www.uv.mx\/prensa\/files\/2021\/05\/260521-KARINA-tsunami-2-100k.jpg\"><img aria-describedby=\"caption-attachment-97919\" decoding=\"async\" loading=\"lazy\" class=\"size-full wp-image-97919\" src=\"https:\/\/www.uv.mx\/prensa\/files\/2021\/05\/260521-KARINA-tsunami-2-100k.jpg\" alt=\"Gabriela J\u00e1uregui, editora y prologuista de Tsunami 2 \" width=\"722\" height=\"405\" srcset=\"https:\/\/www.uv.mx\/prensa\/files\/2021\/05\/260521-KARINA-tsunami-2-100k.jpg 722w, https:\/\/www.uv.mx\/prensa\/files\/2021\/05\/260521-KARINA-tsunami-2-100k-300x168.jpg 300w\" sizes=\"(max-width: 722px) 100vw, 722px\" \/><\/a><p id=\"caption-attachment-97919\" class=\"wp-caption-text\">Gabriela J\u00e1uregui, editora y prologuista de <em>Tsunami 2<\/em><\/p><\/div>\n<p>&nbsp;<\/p>\n<blockquote><p><span data-contrast=\"auto\">\u201cSi me acosan sexualmente en mi trabajo, yo puedo renunciar y hacer un desmadre en Internet, pero hay mujeres que tienen que soportarlo para garantizar un plato de comida en la mesa. Hay mujeres que no tienen un c\u00edrculo de apoyo que las respalde para salirse de la casa de los agresores\u201d:\u00a0<\/span><span data-contrast=\"auto\">Dahlia\u00a0de la Cerda<\/span><\/p><\/blockquote>\n<p>&nbsp;<\/p>\n<p><b><i><span data-contrast=\"auto\">Karina de la Paz\u00a0Reyes D\u00edaz<\/span><\/i><\/b><\/p>\n<p><b><i><span data-contrast=\"auto\">27\/05\/2021, Xalapa,\u00a0Ver.-\u00a0<\/span><\/i><\/b><span data-contrast=\"auto\">Para\u00a0la escritora\u00a0Gabriela\u00a0J\u00e1uregui,\u00a0no\u00a0se trata de que todas las mujeres se nombren\u00a0feministas, sino justamente desde las diferencias\u00a0ver\u00a0c\u00f3mo desmontar los privilegios y acabar con el patriarcado,\u00a0y\u00a0ese\u00a0es el gesto del libro\u00a0<\/span><i><span data-contrast=\"auto\">Tsunami 2<\/span><\/i><span data-contrast=\"auto\">,\u00a0cuya edici\u00f3n y pr\u00f3logo estuvieron a su cargo.<\/span><span data-ccp-props=\"{}\">\u00a0<\/span><\/p>\n<p><span data-contrast=\"auto\">Se trata de\u00a0una coedici\u00f3n de la Editorial Sexto Piso y la Universidad Aut\u00f3noma Metropolitana, Unidad Cuajimalpa,\u00a0publicada\u00a0en 2020, que re\u00fane 13\u00a0textos de igual n\u00famero de\u00a0escritoras:\u00a0Marina\u00a0Azahua, Lydia Cacho,\u00a0Dahlia\u00a0de la Cerda, Diana del \u00c1ngel,\u00a0Lia\u00a0Garc\u00eda (La Novia Sirena), Valeria\u00a0Luiselli, Fernanda\u00a0Latani\u00a0M. Bravo, Luna\u00a0Mar\u00e1n, Sylvia Marcos,\u00a0Ytzel\u00a0Maya, Brenda Navarro y\u00a0Jumko\u00a0Ogata, prologado por la propia\u00a0J\u00e1uregui.<\/span><span data-ccp-props=\"{&quot;335559731&quot;:708}\">\u00a0<\/span><\/p>\n<p><span data-contrast=\"auto\">Esta obra fue presentada en la <a href=\"https:\/\/filu.uv.mx\/\" target=\"_blank\" rel=\"noopener\">Feria Internacional de Libro Universitario<\/a> (FILU)\u00a0Virtual\u00a0de la Universidad Veracruzana (UV), el 21 de mayo.<\/span><span data-ccp-props=\"{&quot;335559731&quot;:708}\">\u00a0<\/span><\/p>\n<p><span data-contrast=\"auto\">Adem\u00e1s de\u00a0J\u00e1uregui,\u00a0autora del\u00a0pr\u00f3logo titulado\u00a0\u201cEl cuerpo en la l\u00ednea\u201d,\u00a0el libro fue comentado por\u00a0Dahlia\u00a0de la Cerda,\u00a0quien habl\u00f3 espec\u00edficamente de su\u00a0texto, \u201cFeminismos sin cuarto propio\u201d,\u00a0moderadas por Marina Cu\u00e9llar, integrante de la Editorial\u00a0UV.<\/span><span data-ccp-props=\"{&quot;335559731&quot;:708}\">\u00a0<\/span><\/p>\n<p><span data-contrast=\"auto\">\u201cEl\u00a0<\/span><i><span data-contrast=\"auto\">Tsunami<\/span><\/i><span data-contrast=\"auto\">, una de las cosas\u00a0que me ha ense\u00f1ado en su hacer, en su tejer, es justamente\u00a0a\u00a0complejizar\u00a0eso\u00a0(que no nos han tratado a todas por igual);\u00a0desde el principio\u00a0siempre quise invitar a una pluralidad desde su diversidad, no desde sus similitudes, para que desde ah\u00ed\u00a0pudi\u00e9ramos\u00a0escucharnos, tejer,\u00a0aprendernos\u00a0y\u00a0desaprender\u201d, expuso J\u00e1uregui.<\/span><span data-ccp-props=\"{}\">\u00a0<\/span><\/p>\n<p><span data-contrast=\"auto\">Para ella, lo que ha aprendido, desde el<\/span><i><span data-contrast=\"auto\">\u00a0Tsunami 1<\/span><\/i><span data-contrast=\"auto\">\u00a0y ahora con el\u00a02,\u00a0es que, justamente,\u00a0desde las\u00a0diferencias\u00a0hay aportaciones, \u201cno de lo mismo, sino de lo distinto\u201d.<\/span><span data-ccp-props=\"{}\">\u00a0<\/span><\/p>\n<p><span data-contrast=\"auto\">Por\u00a0su\u00a0parte,\u00a0la escritora y activista\u00a0Dahlia\u00a0de la Cerda\u00a0hizo \u00e9nfasis en otra de las aportaciones del libro:\u00a0\u201cla teor\u00eda es para todas\u201d; as\u00ed, en su texto\u00a0involucra distintas realidades y transita de contextos acad\u00e9micos\u00a0y te\u00f3ricos\u00a0a\u00a0otros registros ling\u00fc\u00edsticos, como los del\u00a0barrio\u00a0y las palabras altisonantes,\u00a0pues as\u00ed es ella. \u201cEn m\u00ed conviven muchas realidades\u201d.<\/span><span data-ccp-props=\"{}\">\u00a0<\/span><\/p>\n<p><span data-contrast=\"auto\">Comparti\u00f3 que en\u00a0su b\u00fasqueda por entender y explicarse ese trato diferenciado que desde ni\u00f1a hab\u00eda identificado\u00a0hacia ella, su madre y las mujeres de su alrededor,\u00a0lleg\u00f3 al feminismo\u00a0decolonial:<\/span><span data-ccp-props=\"{&quot;335559731&quot;:708}\">\u00a0<\/span><\/p>\n<p><span data-contrast=\"auto\">\u201cFue hasta el feminismo\u00a0decolonial\u00a0y el feminismo de color donde empec\u00e9 a ver estas diferencias,\u00a0a leer feministas que dec\u00edan\u00a0que ellas, incluso en c\u00edrculos feministas,\u00a0sent\u00edan que no las tomaban en serio.\u201d<\/span><span data-ccp-props=\"{}\">\u00a0<\/span><\/p>\n<p><span data-contrast=\"auto\">Para ella, las mujeres somos diversas y si acaso la experiencia com\u00fan es el acoso sexual, pero incluso la manera en que \u00e9ste afecta es distinta.<\/span><span data-ccp-props=\"{}\">\u00a0<\/span><\/p>\n<p><span data-contrast=\"auto\">\u201cSi a m\u00ed me acosan sexualmente en mi trabajo, yo puedo renunciar\u00a0y hacer un desmadre en Internet, pero hay mujeres que tienen\u00a0que\u00a0soportarlo\u00a0para\u00a0garantizar un plato de comida en la mesa. Hay mujeres que no tienen un c\u00edrculo de apoyo que las respalde para salirse de la casa de los agresores.\u201d<\/span><span data-ccp-props=\"{&quot;335559731&quot;:708}\">\u00a0<\/span><\/p>\n<p><span data-contrast=\"auto\">Es m\u00e1s, mientras para algunas el problema es que no hay espacios suficientes para\u00a0que\u00a0las escritoras\u00a0publiquen, para otras\u00a0es el\u00a0no\u00a0tener agua potable en casa. \u201cLas\u00a0problem\u00e1ticas son much\u00edsimas y yo donde aprend\u00ed a teorizarlas fue a partir del feminismo negro y\u00a0el\u00a0decolonial\u201d.<\/span><span data-ccp-props=\"{}\">\u00a0<\/span><\/p>\n","protected":false},"excerpt":{"rendered":"<p>La obra que re\u00fane 13 textos de igual n\u00famero de escritoras, fue presentada en la FILU Virtual <\/p>\n","protected":false},"author":1775,"featured_media":97919,"comment_status":"closed","ping_status":"closed","sticky":false,"template":"","format":"standard","meta":[],"categories":[5128],"tags":[1873,3023,1871,3019,1918,2833,3026,258,3017,3030,3024,586,3027,3022,3021,3028,3018,3020,200,3025,454,3029],"_links":{"self":[{"href":"https:\/\/www.uv.mx\/prensa\/wp-json\/wp\/v2\/posts\/97918"}],"collection":[{"href":"https:\/\/www.uv.mx\/prensa\/wp-json\/wp\/v2\/posts"}],"about":[{"href":"https:\/\/www.uv.mx\/prensa\/wp-json\/wp\/v2\/types\/post"}],"author":[{"embeddable":true,"href":"https:\/\/www.uv.mx\/prensa\/wp-json\/wp\/v2\/users\/1775"}],"replies":[{"embeddable":true,"href":"https:\/\/www.uv.mx\/prensa\/wp-json\/wp\/v2\/comments?post=97918"}],"version-history":[{"count":1,"href":"https:\/\/www.uv.mx\/prensa\/wp-json\/wp\/v2\/posts\/97918\/revisions"}],"predecessor-version":[{"id":97957,"href":"https:\/\/www.uv.mx\/prensa\/wp-json\/wp\/v2\/posts\/97918\/revisions\/97957"}],"wp:featuredmedia":[{"embeddable":true,"href":"https:\/\/www.uv.mx\/prensa\/wp-json\/wp\/v2\/media\/97919"}],"wp:attachment":[{"href":"https:\/\/www.uv.mx\/prensa\/wp-json\/wp\/v2\/media?parent=97918"}],"wp:term":[{"taxonomy":"category","embeddable":true,"href":"https:\/\/www.uv.mx\/prensa\/wp-json\/wp\/v2\/categories?post=97918"},{"taxonomy":"post_tag","embeddable":true,"href":"https:\/\/www.uv.mx\/prensa\/wp-json\/wp\/v2\/tags?post=97918"}],"curies":[{"name":"wp","href":"https:\/\/api.w.org\/{rel}","templated":true}]}}