{"id":98578,"date":"2021-06-07T13:14:05","date_gmt":"2021-06-07T18:14:05","guid":{"rendered":"https:\/\/www.uv.mx\/prensa\/?p=98578"},"modified":"2021-06-10T19:18:36","modified_gmt":"2021-06-11T00:18:36","slug":"estudiantes-uv-se-comunicaron-en-ingles-con-sus-pares-asiaticos","status":"publish","type":"post","link":"https:\/\/www.uv.mx\/prensa\/general\/estudiantes-uv-se-comunicaron-en-ingles-con-sus-pares-asiaticos\/","title":{"rendered":"Estudiantes UV se comunicaron en ingl\u00e9s con sus pares asi\u00e1ticos"},"content":{"rendered":"<ul>\n<li data-leveltext=\"\uf0b7\" data-font=\"Symbol\" data-listid=\"5\" data-aria-posinset=\"1\" data-aria-level=\"1\"><i><span data-contrast=\"auto\">J\u00f3venes que cursan la experiencia educativa Ingl\u00e9s II interactuaron de manera virtual con sus pares de la Universidad Nacional de la Ciudad de Ho Chi Minh, y del Bandung Institute of Technology de Indonesia<\/span><\/i><span data-ccp-props=\"{}\">\u00a0<\/span><\/li>\n<li data-leveltext=\"\uf0b7\" data-font=\"Symbol\" data-listid=\"5\" data-aria-posinset=\"2\" data-aria-level=\"1\"><i><span data-contrast=\"auto\">Cuatro alumnos de la Licenciatura en Lengua Inglesa de la Facultad de Idiomas participaron como observadores de este ejercicio, con el objetivo de fortalecer sus habilidades docentes<\/span><\/i><span data-ccp-props=\"{}\">\u00a0<\/span><\/li>\n<\/ul>\n<p>&nbsp;<\/p>\n<div id=\"attachment_98580\" style=\"width: 732px\" class=\"wp-caption aligncenter\"><a href=\"https:\/\/www.uv.mx\/prensa\/files\/2021\/06\/070621-Ingles-clase-1.jpg\"><img aria-describedby=\"caption-attachment-98580\" decoding=\"async\" loading=\"lazy\" class=\"size-full wp-image-98580\" src=\"https:\/\/www.uv.mx\/prensa\/files\/2021\/06\/070621-Ingles-clase-1.jpg\" alt=\"\" width=\"722\" height=\"481\" srcset=\"https:\/\/www.uv.mx\/prensa\/files\/2021\/06\/070621-Ingles-clase-1.jpg 722w, https:\/\/www.uv.mx\/prensa\/files\/2021\/06\/070621-Ingles-clase-1-300x200.jpg 300w\" sizes=\"(max-width: 722px) 100vw, 722px\" \/><\/a><p id=\"caption-attachment-98580\" class=\"wp-caption-text\">Los estudiantes convivieron de forma virtual con sus pares de otro continente<\/p><\/div>\n<p>&nbsp;<\/p>\n<p><b><i><span data-contrast=\"auto\">Carlos Hugo Hermida Rosales<\/span><\/i><\/b><span data-ccp-props=\"{}\">\u00a0<\/span><\/p>\n<p><b><i><span data-contrast=\"auto\">07\/06\/2021, Xalapa, Ver.- <\/span><\/i><\/b><span data-contrast=\"auto\">Estudiantes de la experiencia educativa (EE) Ingl\u00e9s II del \u00c1rea de Formaci\u00f3n B\u00e1sica General (AFBG) de la Universidad Veracruzana (UV), practicaron habilidades de comunicaci\u00f3n de este idioma de forma virtual con alumnos de la Universidad Nacional de la Ciudad de Ho Chi Minh y del Bandung Institute of Technology de Indonesia, adem\u00e1s de un par de j\u00f3venes de Filipinas.\u00a0<\/span><span data-ccp-props=\"{}\">\u00a0<\/span><\/p>\n<p><span data-contrast=\"auto\">Aunado a esto, cuatro j\u00f3venes que cursan la Licenciatura en Lengua Inglesa de la <a href=\"https:\/\/www.uv.mx\/idiomas\/\" target=\"_blank\" rel=\"noopener\">Facultad de Idiomas<\/a> participaron como observadores de este ejercicio y planearon una clase, con el objetivo de fortalecer sus habilidades docentes.\u00a0<\/span><span data-ccp-props=\"{&quot;335559731&quot;:708}\">\u00a0<\/span><\/p>\n<p><span data-contrast=\"auto\">Aurora Varona Archer, catedr\u00e1tica de la EE mencionada, relat\u00f3 que unos colegas de Vietnam le propusieron esta din\u00e1mica, que se desarroll\u00f3 a trav\u00e9s de ocho s\u00e1bados en los que todos los estudiantes se conectaron a las sesiones virtuales para interactuar con sus pares.<\/span><span data-ccp-props=\"{&quot;335559731&quot;:708}\">\u00a0<\/span><\/p>\n<p><span data-contrast=\"auto\">Los alumnos de la UV manifestaron estar muy satisfechos por participar en esta iniciativa que represent\u00f3 para ellos una gran experiencia.\u00a0<\/span><span data-ccp-props=\"{&quot;335559731&quot;:708}\">\u00a0<\/span><\/p>\n<p><span data-contrast=\"auto\">Odette Cervantes Amaro, quien cursa la Licenciatura en Gesti\u00f3n y Direcci\u00f3n de Negocios, coment\u00f3 que este ejercicio le permiti\u00f3 perfeccionar sus habilidades en el idioma ingl\u00e9s y llevarlas a otro panorama.<\/span><span data-ccp-props=\"{&quot;335559731&quot;:708}\">\u00a0<\/span><\/p>\n<p><span data-contrast=\"auto\">\u201cConvivir con chicos de otro pa\u00eds me permiti\u00f3 expandir horizontes y visualizar mi futuro laboral en el extranjero\u201d, mencion\u00f3.<\/span><span data-ccp-props=\"{&quot;335559731&quot;:708}\">\u00a0<\/span><\/p>\n<p><span data-contrast=\"auto\">Guadalupe V\u00e9lez Ramos, estudiante de la Licenciatura en Relaciones Industriales, afirm\u00f3 que el choque de culturas con los j\u00f3venes asi\u00e1ticos fue impresionante, ya que tienen una forma muy distinta de hablar el ingl\u00e9s.\u00a0<\/span><span data-ccp-props=\"{&quot;335559731&quot;:708}\">\u00a0<\/span><\/p>\n<p><span data-contrast=\"auto\">Destac\u00f3 que tuvo la oportunidad de exponerles como es M\u00e9xico, ya que ellos ten\u00edan una imagen muy estereotipada del pa\u00eds.<\/span><span data-ccp-props=\"{&quot;335559731&quot;:708}\">\u00a0<\/span><\/p>\n<p><span data-contrast=\"auto\">Julia Colorado Boqui\u00f1o, joven que tambi\u00e9n cursa esta carrera universitaria, declar\u00f3 que le encant\u00f3 la pr\u00e1ctica virtual, ya que fue una experiencia muy enriquecedora que super\u00f3 todas sus expectativas.\u00a0<\/span><span data-ccp-props=\"{&quot;335559731&quot;:708}\">\u00a0<\/span><\/p>\n<p><span data-contrast=\"auto\">Comparti\u00f3 que los j\u00f3venes vietnamitas, indonesios y filipinos le mostraron su cultura y gastronom\u00eda, que es muy variada y fascinante.<\/span><span data-ccp-props=\"{&quot;335559731&quot;:708}\">\u00a0<\/span><\/p>\n<p>&nbsp;<\/p>\n<div id='gallery-1' class='gallery galleryid-98578 gallery-columns-3 gallery-size-full'><dl class='gallery-item'>\n\t\t\t<dt class='gallery-icon landscape'>\n\t\t\t\t<a href='https:\/\/www.uv.mx\/prensa\/files\/2021\/06\/070621-Ingles-clase-2.jpg'><img width=\"722\" height=\"481\" src=\"https:\/\/www.uv.mx\/prensa\/files\/2021\/06\/070621-Ingles-clase-2.jpg\" class=\"attachment-full size-full\" alt=\"\" decoding=\"async\" loading=\"lazy\" aria-describedby=\"gallery-1-98581\" srcset=\"https:\/\/www.uv.mx\/prensa\/files\/2021\/06\/070621-Ingles-clase-2.jpg 722w, https:\/\/www.uv.mx\/prensa\/files\/2021\/06\/070621-Ingles-clase-2-300x200.jpg 300w\" sizes=\"(max-width: 722px) 100vw, 722px\" \/><\/a>\n\t\t\t<\/dt>\n\t\t\t\t<dd class='wp-caption-text gallery-caption' id='gallery-1-98581'>\n\t\t\t\tAurora Varona Archer\n\t\t\t\t<\/dd><\/dl><dl class='gallery-item'>\n\t\t\t<dt class='gallery-icon landscape'>\n\t\t\t\t<a href='https:\/\/www.uv.mx\/prensa\/files\/2021\/06\/070621-Ingles-clase-3.jpg'><img width=\"722\" height=\"481\" src=\"https:\/\/www.uv.mx\/prensa\/files\/2021\/06\/070621-Ingles-clase-3.jpg\" class=\"attachment-full size-full\" alt=\"\" decoding=\"async\" loading=\"lazy\" aria-describedby=\"gallery-1-98582\" srcset=\"https:\/\/www.uv.mx\/prensa\/files\/2021\/06\/070621-Ingles-clase-3.jpg 722w, https:\/\/www.uv.mx\/prensa\/files\/2021\/06\/070621-Ingles-clase-3-300x200.jpg 300w\" sizes=\"(max-width: 722px) 100vw, 722px\" \/><\/a>\n\t\t\t<\/dt>\n\t\t\t\t<dd class='wp-caption-text gallery-caption' id='gallery-1-98582'>\n\t\t\t\tJulia Colorado Boqui\u00f1o\n\t\t\t\t<\/dd><\/dl><dl class='gallery-item'>\n\t\t\t<dt class='gallery-icon landscape'>\n\t\t\t\t<a href='https:\/\/www.uv.mx\/prensa\/files\/2021\/06\/070621-Ingles-clase-4.jpg'><img width=\"722\" height=\"481\" src=\"https:\/\/www.uv.mx\/prensa\/files\/2021\/06\/070621-Ingles-clase-4.jpg\" class=\"attachment-full size-full\" alt=\"\" decoding=\"async\" loading=\"lazy\" aria-describedby=\"gallery-1-98583\" srcset=\"https:\/\/www.uv.mx\/prensa\/files\/2021\/06\/070621-Ingles-clase-4.jpg 722w, https:\/\/www.uv.mx\/prensa\/files\/2021\/06\/070621-Ingles-clase-4-300x200.jpg 300w\" sizes=\"(max-width: 722px) 100vw, 722px\" \/><\/a>\n\t\t\t<\/dt>\n\t\t\t\t<dd class='wp-caption-text gallery-caption' id='gallery-1-98583'>\n\t\t\t\tMar\u00eda Fernanda Fern\u00e1ndez Salom\u00f3n\n\t\t\t\t<\/dd><\/dl><br style=\"clear: both\" \/>\n\t\t<\/div>\n\n<p>&nbsp;<\/p>\n<p><span data-contrast=\"auto\">Mar\u00eda Fernanda Fern\u00e1ndez Salom\u00f3n, estudiante de Gesti\u00f3n y Direcci\u00f3n de Negocios, asegur\u00f3 que esta iniciativa fue una excelente idea que le dio la oportunidad de practicar el ingl\u00e9s con personas de otras nacionalidades.<\/span><span data-ccp-props=\"{&quot;335559731&quot;:708}\">\u00a0<\/span><\/p>\n<p><span data-contrast=\"auto\">\u201cHacer amigos de otra parte del mundo fue genial, y es algo que no me hubiera perdido por nada\u201d, enfatiz\u00f3.<\/span><span data-ccp-props=\"{&quot;335559731&quot;:708}\">\u00a0<\/span><\/p>\n<p><span data-contrast=\"auto\">Por su parte, los chicos que participaron como observadores afirmaron que les sirvi\u00f3 de mucho en su formaci\u00f3n profesional.\u00a0<\/span><span data-ccp-props=\"{&quot;335559731&quot;:708}\">\u00a0<\/span><\/p>\n<p><span data-contrast=\"auto\">Gabriela P\u00e9rez Abad mencion\u00f3 que este ejercicio le brind\u00f3 la oportunidad de planear una clase, que tuvo que enfocarse para ser impartida de forma virtual.<\/span><span data-ccp-props=\"{&quot;335559731&quot;:708}\">\u00a0<\/span><\/p>\n<p><span data-contrast=\"auto\">Resalt\u00f3 que adaptarse a estudiantes de otras culturas represent\u00f3 un gran reto, pero que lo pudo solventar de una excelente manera.<\/span><span data-ccp-props=\"{&quot;335559731&quot;:708}\">\u00a0<\/span><\/p>\n<p><span data-contrast=\"auto\">Jos\u00e9 Arturo Romero Hern\u00e1ndez comparti\u00f3 que en su participaci\u00f3n aprovech\u00f3 para preguntar a los estudiantes de qu\u00e9 manera hab\u00edan aprendido ingl\u00e9s y c\u00f3mo se sent\u00edan al convivir con j\u00f3venes de M\u00e9xico.<\/span><span data-ccp-props=\"{&quot;335559731&quot;:708}\">\u00a0<\/span><\/p>\n<p><span data-contrast=\"auto\">\u201cJam\u00e1s imagin\u00e9 planear una clase para chicos de otros pa\u00edses y fue una gran experiencia\u201d, enunci\u00f3.<\/span><span data-ccp-props=\"{&quot;335559731&quot;:708}\">\u00a0<\/span><\/p>\n<p><span data-contrast=\"auto\">Orianna Guadalupe Vallejo Hern\u00e1ndez coment\u00f3 que este proyecto fue muy enriquecedor, ya que ella desea ser docente de ingl\u00e9s en el extranjero.<\/span><span data-ccp-props=\"{&quot;335559731&quot;:708}\">\u00a0<\/span><\/p>\n<p><span data-contrast=\"auto\">\u201cMi participaci\u00f3n me ayud\u00f3 para analizar c\u00f3mo deseo llevar mi carrera en el futuro y la forma en que debo desenvolverme\u201d, enfatiz\u00f3.<\/span><span data-ccp-props=\"{&quot;335559731&quot;:708}\">\u00a0<\/span><\/p>\n<p><span data-contrast=\"auto\">F\u00e9lix Trujillo Morales confes\u00f3 que aunque al principio le fue un poco inc\u00f3modo comunicarse de manera virtual con desconocidos, al final le result\u00f3 gratificante convivir con chicos de otras nacionalidades.<\/span><span data-ccp-props=\"{&quot;335559731&quot;:708}\">\u00a0<\/span><\/p>\n<p><span data-contrast=\"auto\">\u201cFue muy enriquecedor aprender sobre sus tradiciones, danzas y festividades, ya que conservan algunos rituales realmente fant\u00e1sticos\u201d, asegur\u00f3.<\/span><span data-ccp-props=\"{&quot;335559731&quot;:708}\">\u00a0<\/span><\/p>\n<p>&nbsp;<\/p>\n<div id=\"attachment_98584\" style=\"width: 732px\" class=\"wp-caption aligncenter\"><a href=\"https:\/\/www.uv.mx\/prensa\/files\/2021\/06\/070621-Ingles-clase-5.jpg\"><img aria-describedby=\"caption-attachment-98584\" decoding=\"async\" loading=\"lazy\" class=\"size-full wp-image-98584\" src=\"https:\/\/www.uv.mx\/prensa\/files\/2021\/06\/070621-Ingles-clase-5.jpg\" alt=\"\" width=\"722\" height=\"481\" srcset=\"https:\/\/www.uv.mx\/prensa\/files\/2021\/06\/070621-Ingles-clase-5.jpg 722w, https:\/\/www.uv.mx\/prensa\/files\/2021\/06\/070621-Ingles-clase-5-300x200.jpg 300w\" sizes=\"(max-width: 722px) 100vw, 722px\" \/><\/a><p id=\"caption-attachment-98584\" class=\"wp-caption-text\">Aurora Varona en compa\u00f1\u00eda de los alumnos de Lengua Inglesa que participaron como observadores<\/p><\/div>\n","protected":false},"excerpt":{"rendered":"<p>J\u00f3venes que cursan la experiencia educativa Ingl\u00e9s II interactuaron con alumnos de la Universidad Nacional de la Ciudad de Ho Chi Minh y del Bandung Institute of Technology de Indonesia <\/p>\n","protected":false},"author":1508,"featured_media":98584,"comment_status":"closed","ping_status":"closed","sticky":false,"template":"","format":"standard","meta":[],"categories":[1],"tags":[],"_links":{"self":[{"href":"https:\/\/www.uv.mx\/prensa\/wp-json\/wp\/v2\/posts\/98578"}],"collection":[{"href":"https:\/\/www.uv.mx\/prensa\/wp-json\/wp\/v2\/posts"}],"about":[{"href":"https:\/\/www.uv.mx\/prensa\/wp-json\/wp\/v2\/types\/post"}],"author":[{"embeddable":true,"href":"https:\/\/www.uv.mx\/prensa\/wp-json\/wp\/v2\/users\/1508"}],"replies":[{"embeddable":true,"href":"https:\/\/www.uv.mx\/prensa\/wp-json\/wp\/v2\/comments?post=98578"}],"version-history":[{"count":1,"href":"https:\/\/www.uv.mx\/prensa\/wp-json\/wp\/v2\/posts\/98578\/revisions"}],"predecessor-version":[{"id":98796,"href":"https:\/\/www.uv.mx\/prensa\/wp-json\/wp\/v2\/posts\/98578\/revisions\/98796"}],"wp:featuredmedia":[{"embeddable":true,"href":"https:\/\/www.uv.mx\/prensa\/wp-json\/wp\/v2\/media\/98584"}],"wp:attachment":[{"href":"https:\/\/www.uv.mx\/prensa\/wp-json\/wp\/v2\/media?parent=98578"}],"wp:term":[{"taxonomy":"category","embeddable":true,"href":"https:\/\/www.uv.mx\/prensa\/wp-json\/wp\/v2\/categories?post=98578"},{"taxonomy":"post_tag","embeddable":true,"href":"https:\/\/www.uv.mx\/prensa\/wp-json\/wp\/v2\/tags?post=98578"}],"curies":[{"name":"wp","href":"https:\/\/api.w.org\/{rel}","templated":true}]}}