{"id":99095,"date":"2021-06-18T09:05:31","date_gmt":"2021-06-18T14:05:31","guid":{"rendered":"https:\/\/www.uv.mx\/prensa\/?p=99095"},"modified":"2021-06-18T10:35:29","modified_gmt":"2021-06-18T15:35:29","slug":"habilidades-digitales-fundamentales-para-universidades-expertos","status":"publish","type":"post","link":"https:\/\/www.uv.mx\/prensa\/general\/habilidades-digitales-fundamentales-para-universidades-expertos\/","title":{"rendered":"Habilidades digitales, fundamentales para universidades: expertos"},"content":{"rendered":"<ul>\n<li data-leveltext=\"\uf0b7\" data-font=\"Symbol\" data-listid=\"5\" data-aria-posinset=\"1\" data-aria-level=\"1\"><i><span data-contrast=\"auto\">\u201cLas personas detr\u00e1s de la creaci\u00f3n y el uso de la tecnolog\u00eda deben tener una formaci\u00f3n human\u00edstica, ya que manejan mucho poder\u201d:\u00a0Victoria Gal\u00e1n<\/span><\/i><span data-ccp-props=\"{}\">\u00a0<\/span><\/li>\n<li data-leveltext=\"\uf0b7\" data-font=\"Symbol\" data-listid=\"5\" data-aria-posinset=\"2\" data-aria-level=\"1\"><i><span data-contrast=\"auto\">\u201cPara que la educaci\u00f3n superior en Latinoam\u00e9rica no se rezague a nivel mundial,\u00a0es indispensable que capacite a sus docentes en el uso de tecnolog\u00edas digitales\u201d:\u00a0Salvador Malo<\/span><\/i><span data-ccp-props=\"{}\">\u00a0<\/span><\/li>\n<\/ul>\n<p><span data-ccp-props=\"{}\">\u00a0<\/span><\/p>\n<div id=\"attachment_99096\" style=\"width: 732px\" class=\"wp-caption aligncenter\"><a href=\"https:\/\/www.uv.mx\/prensa\/files\/2021\/06\/160621Competencias-internacionales-1-100k.jpg\"><img aria-describedby=\"caption-attachment-99096\" decoding=\"async\" loading=\"lazy\" class=\"size-full wp-image-99096\" src=\"https:\/\/www.uv.mx\/prensa\/files\/2021\/06\/160621Competencias-internacionales-1-100k.jpg\" alt=\"Victoria Gal\u00e1n Muros \" width=\"722\" height=\"482\" srcset=\"https:\/\/www.uv.mx\/prensa\/files\/2021\/06\/160621Competencias-internacionales-1-100k.jpg 722w, https:\/\/www.uv.mx\/prensa\/files\/2021\/06\/160621Competencias-internacionales-1-100k-300x200.jpg 300w\" sizes=\"(max-width: 722px) 100vw, 722px\" \/><\/a><p id=\"caption-attachment-99096\" class=\"wp-caption-text\">Victoria Gal\u00e1n Muros<\/p><\/div>\n<p>&nbsp;<\/p>\n<p><b><i><span data-contrast=\"auto\">Carlos Hugo Hermida Rosales<\/span><\/i><\/b><span data-ccp-props=\"{}\">\u00a0<\/span><\/p>\n<p><b><i><span data-contrast=\"auto\">18\/06\/2021,\u00a0Xalapa,\u00a0Ver.-\u00a0<\/span><\/i><\/b><span data-contrast=\"auto\">Expertos del \u00e1mbito educativo a nivel mundial\u00a0dialogaron el 16 de junio sobre los principales retos a los que se enfrentan las instituciones de educaci\u00f3n superior en el contexto actual y en el futuro inmediato, dentro del panel\u00a0\u201cCompetencias internacionales para la pr\u00f3xima d\u00e9cada\u201d,\u00a0organizado por\u00a0la\u00a0<a href=\"https:\/\/www.uv.mx\/internacional\/\" target=\"_blank\" rel=\"noopener\">Direcci\u00f3n\u00a0General de Relaciones Internacionales<\/a> (DGRI)\u00a0de la Universidad Veracruzana (UV).\u00a0<\/span><span data-ccp-props=\"{}\">\u00a0<\/span><\/p>\n<p><span data-contrast=\"auto\">El evento cont\u00f3 con la participaci\u00f3n de\u00a0Victoria Gal\u00e1n Muros, del\u00a0Instituto Internacional para la Educaci\u00f3n Superior en Am\u00e9rica Latina y el Caribe (IESALC)\u00a0de la UNESCO,\u00a0y\u00a0Salvador Malo \u00c1lvarez,\u00a0representante de\u00a0Aseguramiento de la Calidad\u00a0en la Educaci\u00f3n y en el Trabajo\u202f(ACET),\u00a0S.C.\u202fLa moderaci\u00f3n estuvo a cargo de\u00a0Magdalena Hern\u00e1ndez Alarc\u00f3n, secretaria Acad\u00e9mica de la UV.<\/span><span data-ccp-props=\"{&quot;335559731&quot;:708}\">\u00a0<\/span><\/p>\n<p><span data-contrast=\"auto\">Victoria Gal\u00e1n\u00a0enfatiz\u00f3 que en el contexto laboral y educativo actual en que las competencias digitales son indispensables, es fundamental desarrollar habilidades humanas para contrarrestarlas.<\/span><span data-ccp-props=\"{&quot;335559731&quot;:708}\">\u00a0<\/span><\/p>\n<p><span data-contrast=\"auto\">\u201cLas personas detr\u00e1s de la creaci\u00f3n y el uso de la tecnolog\u00eda, deben tener una formaci\u00f3n human\u00edstica, ya que manejan mucho poder.\u201d\u00a0<\/span><\/p>\n<div id=\"attachment_99097\" style=\"width: 732px\" class=\"wp-caption aligncenter\"><a href=\"https:\/\/www.uv.mx\/prensa\/files\/2021\/06\/160621Competencias-internacionales-2-100k.jpg\"><img aria-describedby=\"caption-attachment-99097\" decoding=\"async\" loading=\"lazy\" class=\"size-full wp-image-99097\" src=\"https:\/\/www.uv.mx\/prensa\/files\/2021\/06\/160621Competencias-internacionales-2-100k.jpg\" alt=\"Salvador Malo \u00c1lvarez \" width=\"722\" height=\"450\" srcset=\"https:\/\/www.uv.mx\/prensa\/files\/2021\/06\/160621Competencias-internacionales-2-100k.jpg 722w, https:\/\/www.uv.mx\/prensa\/files\/2021\/06\/160621Competencias-internacionales-2-100k-300x187.jpg 300w, https:\/\/www.uv.mx\/prensa\/files\/2021\/06\/160621Competencias-internacionales-2-100k-200x125.jpg 200w\" sizes=\"(max-width: 722px) 100vw, 722px\" \/><\/a><p id=\"caption-attachment-99097\" class=\"wp-caption-text\">Salvador Malo \u00c1lvarez<\/p><\/div>\n<p><span data-contrast=\"auto\">Hizo hincapi\u00e9 en\u00a0que la capacitaci\u00f3n docente en el uso de habilidades digitales y de las\u00a0tecnolog\u00edas de la\u00a0informaci\u00f3n y la\u00a0comunicaci\u00f3n\u00a0es necesaria, pues\u00a0sin ello es imposible pretender que ense\u00f1en y eval\u00faen de una forma distinta a como lo hacen en la actualidad.\u00a0<\/span><span data-ccp-props=\"{&quot;335559731&quot;:708}\">\u00a0<\/span><\/p>\n<p><span data-contrast=\"auto\">Enunci\u00f3 que se debe incluir a la sociedad civil y a la iniciativa privada para que participen en el desarrollo de la\u00a0curr\u00edcula\u00a0universitaria, y mencion\u00f3 que incluso se\u00a0puede\u00a0invitar a integrantes de estos sectores de la\u00a0poblaci\u00f3n\u00a0a que colaboren como catedr\u00e1ticos\u00a0invitados o docentes de talleres pr\u00e1cticos de las asignaturas que as\u00ed lo requieran.\u00a0<\/span><span data-ccp-props=\"{&quot;335559731&quot;:708}\">\u00a0<\/span><\/p>\n<p><span data-contrast=\"auto\">\u201cEs\u00a0indispensable flexibilizar qui\u00e9n imparte c\u00e1tedra dentro de las instituciones de educaci\u00f3n superior\u201d, manifest\u00f3.\u00a0<\/span><span data-ccp-props=\"{&quot;335559731&quot;:708}\">\u00a0<\/span><\/p>\n<p><span data-contrast=\"auto\">Salvador Malo coment\u00f3 que la sociedad actual atraviesa por una transici\u00f3n extraordinaria en la que muchas fuerzas intervienen en un gran n\u00famero de cambios, no tan s<\/span><span data-contrast=\"auto\">\u00f3<\/span><span data-contrast=\"auto\">lo a nivel regional sino global.\u00a0<\/span><\/p>\n<div id=\"attachment_99098\" style=\"width: 732px\" class=\"wp-caption aligncenter\"><a href=\"https:\/\/www.uv.mx\/prensa\/files\/2021\/06\/160621Competencias-internacionales-3-100k.jpg\"><img aria-describedby=\"caption-attachment-99098\" decoding=\"async\" loading=\"lazy\" class=\"size-full wp-image-99098\" src=\"https:\/\/www.uv.mx\/prensa\/files\/2021\/06\/160621Competencias-internacionales-3-100k.jpg\" alt=\"Mar\u00eda Magdalena Hern\u00e1ndez Alarc\u00f3n \" width=\"722\" height=\"480\" srcset=\"https:\/\/www.uv.mx\/prensa\/files\/2021\/06\/160621Competencias-internacionales-3-100k.jpg 722w, https:\/\/www.uv.mx\/prensa\/files\/2021\/06\/160621Competencias-internacionales-3-100k-300x199.jpg 300w\" sizes=\"(max-width: 722px) 100vw, 722px\" \/><\/a><p id=\"caption-attachment-99098\" class=\"wp-caption-text\">Mar\u00eda Magdalena Hern\u00e1ndez Alarc\u00f3n<\/p><\/div>\n<p><span data-contrast=\"auto\">\u201cLa\u00a0globalizaci\u00f3n\u00a0es un hecho,\u00a0y hoy en d\u00eda muchas acciones\u00a0locales\u00a0repercuten\u00a0a\u00a0nivel\u00a0internacional\u201d, afirm\u00f3.<\/span><span data-ccp-props=\"{&quot;335559731&quot;:708}\">\u00a0<\/span><\/p>\n<p><span data-contrast=\"auto\">Asegur\u00f3 que la educaci\u00f3n se modifica constantemente porque el mundo lo hace, y destac\u00f3 que los j\u00f3venes egresados de las universidades\u00a0hoy d\u00eda\u00a0nunca van a parar de estudiar debido a la din\u00e1mica del conocimiento, la generaci\u00f3n de tecnolog\u00edas y el avance de distintas problem\u00e1ticas que afectan a la sociedad de variadas maneras.\u00a0<\/span><span data-ccp-props=\"{&quot;335559731&quot;:708}\">\u00a0<\/span><\/p>\n<p><span data-contrast=\"auto\">Mencion\u00f3 que desde hace un cuarto de siglo\u00a0se lleva a cabo un movimiento mundial de transformaci\u00f3n de la educaci\u00f3n superior, que en algunas regiones como Latinoam\u00e9rica ha encontrado resistencia por parte de funcionarios,\u00a0directivos,\u00a0y\u00a0de maestros e investigadores de mayor edad.\u00a0<\/span><span data-ccp-props=\"{&quot;335559731&quot;:708}\">\u00a0<\/span><\/p>\n<p><span data-contrast=\"auto\">Explic\u00f3 que el Covid-19 hizo que las universidades de todo el mundo tomaran en serio las tecnolog\u00edas digitales, y declar\u00f3 que para que la educaci\u00f3n superior en Latinoam\u00e9rica no se rezague a nivel mundial es indispensable que capacite a\u00a0los\u00a0docentes en su adecuado uso.\u00a0<\/span><span data-ccp-props=\"{&quot;335559731&quot;:708}\">\u00a0<\/span><\/p>\n","protected":false},"excerpt":{"rendered":"<p>Especialistas dialogaron sobre los retos de las instituciones de educaci\u00f3n superior, dentro del panel \u201cCompetencias internacionales para la pr\u00f3xima d\u00e9cada\u201d <\/p>\n","protected":false},"author":1775,"featured_media":99096,"comment_status":"closed","ping_status":"closed","sticky":false,"template":"","format":"standard","meta":[],"categories":[1],"tags":[3355,193,1027,1641],"_links":{"self":[{"href":"https:\/\/www.uv.mx\/prensa\/wp-json\/wp\/v2\/posts\/99095"}],"collection":[{"href":"https:\/\/www.uv.mx\/prensa\/wp-json\/wp\/v2\/posts"}],"about":[{"href":"https:\/\/www.uv.mx\/prensa\/wp-json\/wp\/v2\/types\/post"}],"author":[{"embeddable":true,"href":"https:\/\/www.uv.mx\/prensa\/wp-json\/wp\/v2\/users\/1775"}],"replies":[{"embeddable":true,"href":"https:\/\/www.uv.mx\/prensa\/wp-json\/wp\/v2\/comments?post=99095"}],"version-history":[{"count":1,"href":"https:\/\/www.uv.mx\/prensa\/wp-json\/wp\/v2\/posts\/99095\/revisions"}],"predecessor-version":[{"id":99119,"href":"https:\/\/www.uv.mx\/prensa\/wp-json\/wp\/v2\/posts\/99095\/revisions\/99119"}],"wp:featuredmedia":[{"embeddable":true,"href":"https:\/\/www.uv.mx\/prensa\/wp-json\/wp\/v2\/media\/99096"}],"wp:attachment":[{"href":"https:\/\/www.uv.mx\/prensa\/wp-json\/wp\/v2\/media?parent=99095"}],"wp:term":[{"taxonomy":"category","embeddable":true,"href":"https:\/\/www.uv.mx\/prensa\/wp-json\/wp\/v2\/categories?post=99095"},{"taxonomy":"post_tag","embeddable":true,"href":"https:\/\/www.uv.mx\/prensa\/wp-json\/wp\/v2\/tags?post=99095"}],"curies":[{"name":"wp","href":"https:\/\/api.w.org\/{rel}","templated":true}]}}