{"id":99450,"date":"2021-06-28T11:42:37","date_gmt":"2021-06-28T16:42:37","guid":{"rendered":"https:\/\/www.uv.mx\/prensa\/?p=99450"},"modified":"2021-06-29T15:13:43","modified_gmt":"2021-06-29T20:13:43","slug":"egresado-de-qfb-uv-estudiara-posgrado-en-la-universidad-radboud","status":"publish","type":"post","link":"https:\/\/www.uv.mx\/prensa\/banner\/egresado-de-qfb-uv-estudiara-posgrado-en-la-universidad-radboud\/","title":{"rendered":"Egresado\u00a0de QFB-UV\u00a0estudiar\u00e1\u00a0posgrado en\u00a0la Universidad\u00a0Radboud\u00a0"},"content":{"rendered":"<ul>\n<li data-leveltext=\"\uf0b7\" data-font=\"Symbol\" data-listid=\"1\" data-aria-posinset=\"1\" data-aria-level=\"1\"><i><span data-contrast=\"auto\">Jorge Alejandro Guzm\u00e1n Landero Renter\u00eda\u00a0estar\u00e1 en la instituci\u00f3n de\u00a0Pa\u00edses Bajos, gracias a una beca del Orange\u00a0Tulip\u00a0Scholarship\u00a0Programme<\/span><\/i><span data-ccp-props=\"{&quot;134233279&quot;:true}\">\u00a0<\/span><\/li>\n<\/ul>\n<p><span data-ccp-props=\"{}\">\u00a0<\/span><\/p>\n<div id=\"attachment_99451\" style=\"width: 379px\" class=\"wp-caption aligncenter\"><img aria-describedby=\"caption-attachment-99451\" decoding=\"async\" loading=\"lazy\" class=\"size-full wp-image-99451\" src=\"https:\/\/www.uv.mx\/prensa\/files\/2021\/06\/240621-Alejandro-Guzman.jpg\" alt=\"\" width=\"369\" height=\"481\" srcset=\"https:\/\/www.uv.mx\/prensa\/files\/2021\/06\/240621-Alejandro-Guzman.jpg 369w, https:\/\/www.uv.mx\/prensa\/files\/2021\/06\/240621-Alejandro-Guzman-230x300.jpg 230w\" sizes=\"(max-width: 369px) 100vw, 369px\" \/><p id=\"caption-attachment-99451\" class=\"wp-caption-text\">La\u00a0trayectoria acad\u00e9mica\u00a0de Jorge Alejandro demuestra que las metas y compromisos se pueden\u00a0cumplir\u00a0aun en la situaci\u00f3n actual de pandemia<\/p><\/div>\n<p><span data-ccp-props=\"{}\">\u00a0<\/span><\/p>\n<p><b><i><span data-contrast=\"auto\">Karina de la Paz Reyes D\u00edaz<\/span><\/i><\/b><span data-ccp-props=\"{}\">\u00a0<\/span><\/p>\n<p><b><i><span data-contrast=\"auto\">28\/06\/2021, Xalapa,\u00a0Ver.-\u00a0<\/span><\/i><\/b><span data-contrast=\"auto\">Jorge Alejandro Guzm\u00e1n\u00a0Landero Renter\u00eda, egresado del programa\u00a0educativo (PE) <a href=\"https:\/\/www.uv.mx\/qfb\/\" target=\"_blank\" rel=\"noopener\">Qu\u00edmica\u00a0Farmac\u00e9utica\u00a0Biol\u00f3gica<\/a>\u00a0(QFB)\u00a0de la Universidad Veracruzana (UV), continuar\u00e1\u00a0sus estudios de posgrado en\u00a0la\u00a0Universidad\u00a0Radboud,\u00a0de\u00a0Pa\u00edses Bajos,\u00a0gracias a\u00a0una\u00a0beca\u00a0del\u00a0Orange\u00a0Tulip\u00a0Scholarship\u00a0Programme.\u00a0<\/span><span data-ccp-props=\"{}\">\u00a0<\/span><\/p>\n<p><span data-contrast=\"auto\">El\u00a0gobierno holand\u00e9s otorga\u00a030\u00a0apoyos de este tipo\u00a0a nivel mundial, tres fueron destinadas para M\u00e9xico y una de ellas\u00a0la obtuvo el joven oriundo de\u00a0la\u00a0capital\u00a0veracruzana.<\/span><span data-ccp-props=\"{&quot;335559731&quot;:708,&quot;335559740&quot;:259}\">\u00a0<\/span><\/p>\n<p><span data-contrast=\"auto\">Alejandro, con\u00a026 a\u00f1os\u00a0de edad,\u00a0vivi\u00f3\u00a0su\u00a0infancia y adolescencia en Ensenada, Baja California, M\u00e9xico,\u00a0y Victoria, British Columbia, Canad\u00e1. En\u00a0\u00e9sta\u00a0termin\u00f3\u00a0de desarrollar\u00a0su\u00a0personalidad, aprendi\u00f3\u00a0a\u00a0dominar el\u00a0ingl\u00e9s y perfeccionar\u00a0el franc\u00e9s.\u00a0Ambos\u00a0idiomas, junto con el espa\u00f1ol,\u00a0han sido fundamentales en el desarrollo de\u00a0su\u00a0educaci\u00f3n, as\u00ed como\u00a0para forjarle\u00a0la convicci\u00f3n necesaria para realizar\u00a0su\u00a0formaci\u00f3n superior en la UV.<\/span><span data-ccp-props=\"{&quot;335559731&quot;:708}\">\u00a0<\/span><\/p>\n<p><span data-contrast=\"auto\">Al concluir\u00a0el\u00a0nivel medio superior,\u00a0experiment\u00f3 incertidumbre\u00a0al decidir\u00a0cu\u00e1l era la mejor opci\u00f3n para\u00a0continuar\u00a0estudiando, pero de algo estaba completamente seguro: \u201cQuer\u00eda una carrera que tuviera impacto en nuestra comunidad\u201d.<\/span><span data-ccp-props=\"{&quot;335559731&quot;:708}\">\u00a0<\/span><\/p>\n<p><span data-contrast=\"auto\">La elecci\u00f3n de estudiar en la UV en s\u00ed\u00a0fue f\u00e1cil,\u00a0porque\u00a0su\u00a0padre es egresado\u00a0de\u00a0\u00e9sta, pero tambi\u00e9n porque\u00a0es una instituci\u00f3n que\u00a0se encuentra entre las mejores de M\u00e9xico, con m\u00faltiples centros de investigaci\u00f3n\u00a0y\u00a0reconocimiento nacional e internacional.<\/span><span data-ccp-props=\"{}\">\u00a0<\/span><\/p>\n<p><span data-contrast=\"auto\">Primero, decidi\u00f3\u00a0ingresar\u00a0a la Licenciatura en Matem\u00e1ticas, \u201cya que las\u00a0matem\u00e1ticas se\u00a0encuentran\u00a0en todos lados\u201d. Su paso por esa\u00a0Facultad le dio la\u00a0oportunidad de mejorar\u00a0sus\u00a0habilidades de\u00a0deducci\u00f3n\u00a0l\u00f3gica,\u00a0\u00e1lgebra\u00a0y\u00a0geometr\u00eda.<\/span><span data-ccp-props=\"{&quot;335559731&quot;:708}\">\u00a0<\/span><\/p>\n<p><span data-contrast=\"auto\">Pero una situaci\u00f3n familiar lo\u00a0orill\u00f3 la cambiar de disciplina: les informaron que su\u00a0abuelo\u00a0estaba\u00a0enfermo de\u00a0diabetes\u00a0mellitus\u00a0tipo 2;\u00a0situaci\u00f3n que caus\u00f3 una\u00a0angustia\u00a0en el universitario y a la vez\u00a0le\u00a0llev\u00f3\u00a0a\u00a0\u201cdescubrir la hermosa carrera de\u00a0Qu\u00edmica Farmac\u00e9utica\u00a0Biol\u00f3gica\u201d, pues se familiariz\u00f3 con\u00a0el\u00a0quehacer del personal del hospital que tomaba\u00a0las\u00a0muestras\u00a0m\u00e9dicas de su abuelo.<\/span><span data-ccp-props=\"{&quot;335559731&quot;:708}\">\u00a0<\/span><\/p>\n<p><span data-contrast=\"auto\">Una vez que le surgi\u00f3 tal\u00a0inter\u00e9s\u00a0por la disciplina, Alejandro\u00a0acudi\u00f3\u00a0a\u00a0una\u00a0Expo Orienta UV,\u00a0donde\u00a0maestros y\u00a0alumnos\u00a0de este PE\u00a0contribuyeron a\u00a0que\u00a0confirmara\u00a0que\u00a0esto\u00a0era\u00a0realmente\u00a0lo\u00a0que quer\u00eda estudiar,\u00a0dada\u00a0su\u00a0\u201crelevancia y versatilidad\u201d.<\/span><span data-ccp-props=\"{&quot;335559731&quot;:708}\">\u00a0<\/span><\/p>\n<p><span data-contrast=\"auto\">\u201cEn el\u00a0tiempo en esta gran Universidad tuve la oportunidad de desarrollar habilidades que hoy en d\u00eda son esenciales en cualquier campo, tales como la comunicaci\u00f3n oral y escrita, resoluci\u00f3n de problemas, pensamiento cr\u00edtico y trabajo en equipo; asimismo,\u00a0trabajar junto a\u00a0profesores e\u00a0investigadores que me mostraron que un desarrollo intelectual y moral es posible. Ellos son la principal inspiraci\u00f3n que tengo para continuar con mis estudios y ser cada vez mejor.\u201d<\/span><span data-ccp-props=\"{&quot;335559731&quot;:708}\">\u00a0<\/span><\/p>\n<p><span data-contrast=\"auto\">Para Alejandro, el\u00a0ser QFB\u00a0significa\u00a0\u201ccomprender el mundo que nos rodea\u201d y\u00a0no\u00a0se trata s\u00f3lo de\u00a0sentarse\u00a0a\u00a0leer, escribir y exponer,\u00a0sino de explorar y hacer que\u00a0el\u00a0mundo\u00a0sea m\u00e1s\u00a0hermoso\u00a0para todos a trav\u00e9s de\u00a0la\u00a0investigaci\u00f3n,\u00a0y\u00a0con \u00e9sta\u00a0aportar a la humanidad, a M\u00e9xico,\u00a0al\u00a0estado y a\u00a0su\u00a0alma\u00a0m\u00e1ter:\u00a0la\u00a0UV.<\/span><span data-ccp-props=\"{&quot;335559731&quot;:708}\">\u00a0<\/span><\/p>\n<p><span data-ccp-props=\"{}\">\u00a0<\/span><\/p>\n<p><b><span data-contrast=\"auto\">\u201cQuiero llegar a ser un gran cient\u00edfico investigador\u201d<\/span><\/b><span data-ccp-props=\"{}\">\u00a0<\/span><\/p>\n<p><span data-contrast=\"auto\">El objetivo de vida de Alejandro es claro:\u00a0\u201cQuiero llegar a ser un gran cient\u00edfico investigador\u201d y ya da pasos en ese sentido: Sustent\u00f3 su\u00a0examen\u00a0profesional\u00a0en\u00a0septiembre del a\u00f1o\u00a02020, con dos\u00a0sinodales y dos\u00a0directores\u00a0de trabajo\u00a0recepcional.\u00a0Obtuvo\u00a0la m\u00e1xima calificaci\u00f3n con la\u00a0tesis \u201cDeterminaci\u00f3n del perfil de \u00e1cidos grasos de\u00a0<\/span><i><span data-contrast=\"auto\">Oecopetalum\u00a0mexicanum\u00a0<\/span><\/i><span data-contrast=\"auto\">y\u00a0<\/span><i><span data-contrast=\"auto\">Sterculia\u00a0apetala\u00a0<\/span><\/i><span data-contrast=\"auto\">y su relaci\u00f3n con el m\u00e9todo de extracci\u00f3n de aceite\u201d.<\/span><span data-ccp-props=\"{}\">\u00a0<\/span><\/p>\n<p><span data-contrast=\"auto\">Adem\u00e1s,\u00a0de\u00a0su\u00a0generaci\u00f3n, la 2015,\u00a0fue\u00a0el \u00fanico\u00a0becario por parte de\u00a0<\/span><i><span data-contrast=\"auto\">Citibanamex<\/span><\/i><span data-contrast=\"auto\">, a trav\u00e9s del programa\u00a0\u201cJ\u00f3venes de Excelencia\u201d,\u00a0desde 2018 hasta la fecha.<\/span><span data-ccp-props=\"{&quot;335559731&quot;:708}\">\u00a0<\/span><\/p>\n<p><span data-contrast=\"auto\">A\u00a0principios de\u00a0marzo de\u00a0este a\u00f1o, aplic\u00f3\u00a0a la convocatoria de la Maestr\u00eda en Ciencias Moleculares\u00a0con\u00a0Especialidad en Qu\u00edmica Medicinal,\u00a0en la Universidad\u00a0Radboud,\u00a0ubicada en\u00a0Nijmegen, Pa\u00edses\u00a0Bajos,\u00a0y\u00a0fue\u00a0aceptado\u00a0incondicionalmente.\u00a0A la par,\u00a0en\u00a0abril,\u00a0se postul\u00f3 a la\u00a0Maestr\u00eda en\u00a0Health\u00a0Biotechnology,\u00a0con el nivel de\u00a0beca completa para el a\u00f1o acad\u00e9mico 2021-2022,\u00a0en la Universidad de Calabria, Italia.<\/span><span data-ccp-props=\"{&quot;335559731&quot;:708}\">\u00a0<\/span><\/p>\n<p><span data-contrast=\"auto\">Por sus\u00a0logros\u00a0y trayectoria,\u00a0obtuvo\u00a0una beca\u00a0del\u00a0Orange\u00a0Tulip\u00a0Scholarship\u00a0Programme,\u00a0que\u00a0cubre el pago de la colegiatura del programa\u00a0de dos a\u00f1os, costos de\u00a0visa, permiso de residencia y seguro m\u00e9dico para estudiante\u00a0(cuyo costo aproximado es 20\u00a0mil euros anuales), por lo que la diferencia en dinero tendr\u00eda que ser cubierta por\u00a0\u00e9l\u00a0(11\u00a0mil euros anuales).<\/span><span data-ccp-props=\"{&quot;335559731&quot;:708}\">\u00a0<\/span><\/p>\n<p><span data-contrast=\"auto\">\u201cLa Beca Orange\u00a0Tulip\u00a0Scholarship\u00a0obtenida fue una de tres otorgadas para M\u00e9xico por parte del\u00a0gobierno\u00a0holand\u00e9s,\u00a0de 30 otorgadas a nivel mundial.\u00a0Esto\u00a0significa un enorme orgullo para mi\u00a0Universidad, mi\u00a0comunidad, mi\u00a0estado y mi\u00a0pa\u00eds\u201d, expuso.<\/span><span data-ccp-props=\"{&quot;335559731&quot;:708}\">\u00a0<\/span><\/p>\n<p><span data-contrast=\"auto\">Por su desempe\u00f1o, el\u00a016 de\u00a0junio\u00a0le informaron\u00a0de la Universidad de Calabria, Italia,\u00a0que le\u00a0conced\u00edan\u00a0la\u00a0beca completa, toda vez que\u00a0obtuvo\u00a0el lugar\u00a0ocho\u00a0de 12,\u00a0con un puntaje de 96\/100.<\/span><span data-ccp-props=\"{&quot;335559731&quot;:708}\">\u00a0<\/span><\/p>\n<p><span data-contrast=\"auto\">En funci\u00f3n de tiempos,\u00a0acept\u00f3\u00a0la\u00a0maestr\u00eda en\u00a0la\u00a0Universidad\u00a0Radboud,\u00a0que\u00a0inicia el 1 de\u00a0septiembre del presente a\u00f1o.<\/span><span data-ccp-props=\"{&quot;335559731&quot;:708}\">\u00a0<\/span><\/p>\n<p><span data-contrast=\"auto\">\u201cEsto no hubiera sido posible sin el apoyo incondicional de Mar\u00eda Remedios Mendoza L\u00f3pez\u00a0y\u00a0Oscar Garc\u00eda Barradas, investigadores del Instituto de Qu\u00edmica Aplicada\u00a0de la\u00a0UV,\u00a0donde realic\u00e9\u00a0la parte experimental de mi tesis, y de\u00a0Jos\u00e9\u00a0Locia\u00a0Espinoza,\u00a0docente de\u00a0tiempo\u00a0completo de la Facultad;\u00a0tambi\u00e9n\u00a0de\u00a0los\u00a0profesores de la carrera de QFB\u00a0de la UV,\u00a0por ser tan nobles en compartir sus conocimientos y paciencia hacia todos nosotros\u201d, expuso con emoci\u00f3n.<\/span><span data-ccp-props=\"{&quot;335559731&quot;:708}\">\u00a0<\/span><\/p>\n<p><span data-contrast=\"auto\">Para Alejandro, su trayectoria\u00a0acad\u00e9mica es una muestra de que\u00a0las metas y compromisos se pueden alcanzar aun en la situaci\u00f3n actual de\u00a0pandemia que\u00a0se\u00a0vive como humanidad\u00a0y que es\u00a0\u201ctremendamente dif\u00edcil\u201d.<\/span><span data-ccp-props=\"{&quot;335559731&quot;:708}\">\u00a0<\/span><\/p>\n<p><span data-contrast=\"auto\">\u201c\u00a1Que orgullo por mi Universidad Veracruzana, por mis\u00a0profesores y\u00a0maestros,\u00a0y lo m\u00e1s importante,\u00a0esto es por M\u00e9xico!\u201d<\/span><span data-ccp-props=\"{&quot;335559731&quot;:708}\">\u00a0<\/span><\/p>\n","protected":false},"excerpt":{"rendered":"<p>Jorge Alejandro Guzm\u00e1n Landero Renter\u00eda estar\u00e1 en la instituci\u00f3n de Pa\u00edses Bajos, gracias a una beca del Orange\u00a0Tulip\u00a0Scholarship\u00a0Programme\u00a0<\/p>\n","protected":false},"author":1869,"featured_media":99452,"comment_status":"closed","ping_status":"closed","sticky":false,"template":"","format":"standard","meta":[],"categories":[61],"tags":[],"_links":{"self":[{"href":"https:\/\/www.uv.mx\/prensa\/wp-json\/wp\/v2\/posts\/99450"}],"collection":[{"href":"https:\/\/www.uv.mx\/prensa\/wp-json\/wp\/v2\/posts"}],"about":[{"href":"https:\/\/www.uv.mx\/prensa\/wp-json\/wp\/v2\/types\/post"}],"author":[{"embeddable":true,"href":"https:\/\/www.uv.mx\/prensa\/wp-json\/wp\/v2\/users\/1869"}],"replies":[{"embeddable":true,"href":"https:\/\/www.uv.mx\/prensa\/wp-json\/wp\/v2\/comments?post=99450"}],"version-history":[{"count":1,"href":"https:\/\/www.uv.mx\/prensa\/wp-json\/wp\/v2\/posts\/99450\/revisions"}],"predecessor-version":[{"id":99545,"href":"https:\/\/www.uv.mx\/prensa\/wp-json\/wp\/v2\/posts\/99450\/revisions\/99545"}],"wp:featuredmedia":[{"embeddable":true,"href":"https:\/\/www.uv.mx\/prensa\/wp-json\/wp\/v2\/media\/99452"}],"wp:attachment":[{"href":"https:\/\/www.uv.mx\/prensa\/wp-json\/wp\/v2\/media?parent=99450"}],"wp:term":[{"taxonomy":"category","embeddable":true,"href":"https:\/\/www.uv.mx\/prensa\/wp-json\/wp\/v2\/categories?post=99450"},{"taxonomy":"post_tag","embeddable":true,"href":"https:\/\/www.uv.mx\/prensa\/wp-json\/wp\/v2\/tags?post=99450"}],"curies":[{"name":"wp","href":"https:\/\/api.w.org\/{rel}","templated":true}]}}