{"id":99465,"date":"2021-06-28T13:56:16","date_gmt":"2021-06-28T18:56:16","guid":{"rendered":"https:\/\/www.uv.mx\/prensa\/?p=99465"},"modified":"2021-11-08T08:44:08","modified_gmt":"2021-11-08T14:44:08","slug":"editorial-uv-presento-el-poemario-lecciones-de-renuncia-en-la-filu","status":"publish","type":"post","link":"https:\/\/www.uv.mx\/prensa\/filu\/editorial-uv-presento-el-poemario-lecciones-de-renuncia-en-la-filu\/","title":{"rendered":"Editorial UV present\u00f3 el poemario <em>Lecciones de renuncia<\/em> en la FILU"},"content":{"rendered":"<ul>\n<li><em>Es de la autor\u00eda de la puertorrique\u00f1a Mayra Santos-Febres<\/em><\/li>\n<li><em>Los comentarios sobre el libro los realizaron Silvia Eugenia Castillero y Teresa L\u00f3pez, en el marco de la FILU 2021<\/em><\/li>\n<\/ul>\n<p>&nbsp;<\/p>\n<div id=\"attachment_99468\" style=\"width: 732px\" class=\"wp-caption aligncenter\"><a href=\"https:\/\/www.uv.mx\/prensa\/files\/2021\/06\/280621-Lecciones-de-renuncia-1.jpg\"><img aria-describedby=\"caption-attachment-99468\" decoding=\"async\" loading=\"lazy\" class=\"size-full wp-image-99468\" src=\"https:\/\/www.uv.mx\/prensa\/files\/2021\/06\/280621-Lecciones-de-renuncia-1.jpg\" alt=\"\" width=\"722\" height=\"481\" srcset=\"https:\/\/www.uv.mx\/prensa\/files\/2021\/06\/280621-Lecciones-de-renuncia-1.jpg 722w, https:\/\/www.uv.mx\/prensa\/files\/2021\/06\/280621-Lecciones-de-renuncia-1-300x200.jpg 300w\" sizes=\"(max-width: 722px) 100vw, 722px\" \/><\/a><p id=\"caption-attachment-99468\" class=\"wp-caption-text\">Mayra Santos-Febres present\u00f3 su m\u00e1s reciente libro<\/p><\/div>\n<p>&nbsp;<\/p>\n<p><strong><em>Paola Cort\u00e9s P\u00e9rez<\/em><\/strong><\/p>\n<p><strong><em>28\/06\/2021, Xalapa, Ver.-<\/em><\/strong> En la <a href=\"https:\/\/filu.uv.mx\/\" target=\"_blank\" rel=\"noopener\">1\u00aa Feria Internacional del Libro Universitario<\/a> (FILU) Virtual 2021 se present\u00f3 el poemario <em>Lecciones de renuncia<\/em>, de Mayra Santos-Febres y publicado por la Editorial de la Universidad Veracruzana (UV).<\/p>\n<p>El conversatorio se realiz\u00f3 la tarde del jueves 24 de junio a trav\u00e9s de <em>Facebook Live <\/em><a href=\"https:\/\/www.facebook.com\/FILU.UniversidadVeracruzana\">@FILU.UniversidadVeracruzana<\/a>, con la participaci\u00f3n de Silvia Eugenia Castillero, poeta y ensayista; Teresa L\u00f3pez Avedoy, escritora, y la autora del libro.<\/p>\n<p>Santos-Febres, poeta puertorrique\u00f1a, comparti\u00f3 que el libro <em>Lecciones de renuncia<\/em> se ancla con el silencio como el mundo\/espacio de la mujer; \u201cme hart\u00e9 de no hablar y no decir para no caer, estos textos nacen de esos silencios\u201d.<\/p>\n<p>Silvia Eugenia Castillero coment\u00f3 que se trata de un texto reflexivo y al mismo tiempo enigm\u00e1tico, al desplegar el mundo femenino.<\/p>\n<p>\u201cAbre sus estr\u00edas, sus recovecos, revisa cuerpo tras cuerpo, misterio tras misterio, lo que significa ser mujer, vivir mujer, hablar mujer, procrear mujer, morir mujer.<\/p>\n<p>\u201dSantos-Febres toma el cuerpo, sus significados, sus ramificaciones, como un sentido global en una historia gr\u00e1fica, donde la mujer es s\u00edmbolo, pero es cosa; es sagrada, pero es violentada; es sabia, pero silenciada; es belleza, gozo, cumbre, pero se le ha obligado a renunciar al acto p\u00fablico, a manifestarse como ser y protagonista de los tiempos.\u201d<\/p>\n<p>&nbsp;<\/p>\n<div id=\"attachment_99469\" style=\"width: 732px\" class=\"wp-caption aligncenter\"><a href=\"https:\/\/www.uv.mx\/prensa\/files\/2021\/06\/280621-Lecciones-de-renuncia-2.jpg\"><img aria-describedby=\"caption-attachment-99469\" decoding=\"async\" loading=\"lazy\" class=\"size-full wp-image-99469\" src=\"https:\/\/www.uv.mx\/prensa\/files\/2021\/06\/280621-Lecciones-de-renuncia-2.jpg\" alt=\"\" width=\"722\" height=\"482\" srcset=\"https:\/\/www.uv.mx\/prensa\/files\/2021\/06\/280621-Lecciones-de-renuncia-2.jpg 722w, https:\/\/www.uv.mx\/prensa\/files\/2021\/06\/280621-Lecciones-de-renuncia-2-300x200.jpg 300w\" sizes=\"(max-width: 722px) 100vw, 722px\" \/><\/a><p id=\"caption-attachment-99469\" class=\"wp-caption-text\">Silvia Eugenia Castillero dijo que se trata de un texto reflexivo enigm\u00e1tico<\/p><\/div>\n<p>&nbsp;<\/p>\n<p>Expres\u00f3 que el libro es lectura vuelta canto y reflexi\u00f3n nacida del nombrar. La poeta puertorrique\u00f1a teje la ficci\u00f3n con la intimidad para poner en evidencia que el mundo femenino ha sido silenciado, condenado al interior de la casa, de la familia, del pa\u00eds, frente al poder masculino cuya mirada y quehacer ha trazado la pol\u00edtica del orbe.<\/p>\n<p>En tanto, Teresa L\u00f3pez mencion\u00f3 que para ella el libro se ha convertido en su manual de escritura conformado por 12 puntos: la literatura no es teor\u00eda, es pr\u00e1ctica, maneras de vivir; no es necesario esperar a la antropolog\u00eda ni a la academia, tambi\u00e9n es posible conocernos, repensarnos, desde la met\u00e1fora intravenosa; los caminos o rutas al conocimiento, al autoconocimiento, la clave es la autoestima; estima de no olvidar, de jam\u00e1s negar, que somos lectoras escribiendo.<\/p>\n<p>La escritura es descolonizaci\u00f3n interior, porque la escritura pertenece a todos y todas; como escritoras\/escritores no tenemos que ocultar nuestra localidad e hiperglobalidad conectadas; que quede claro de una vez, la tradici\u00f3n de la poes\u00eda es toda la poes\u00eda; no a la identidad que es la lengua colonizada, no al imperialismo colonial.<\/p>\n<p>Trabajar en nuestro amor escrito es una actividad que importa, que teje presencias, ausencias y preguntas; porque la tierra ancha de las palabras se construye de atreverse a peque\u00f1as y gigantes renuncias; porque existir no es lo mismo que vivir, y porque la vida naturalmente escrita exige otra potencia, una potencia radical.<\/p>\n<p>&nbsp;<\/p>\n<div id=\"attachment_99467\" style=\"width: 732px\" class=\"wp-caption aligncenter\"><a href=\"https:\/\/www.uv.mx\/prensa\/files\/2021\/06\/280621-Lecciones-de-renuncia-3.jpg\"><img aria-describedby=\"caption-attachment-99467\" decoding=\"async\" loading=\"lazy\" class=\"size-full wp-image-99467\" src=\"https:\/\/www.uv.mx\/prensa\/files\/2021\/06\/280621-Lecciones-de-renuncia-3.jpg\" alt=\"\" width=\"722\" height=\"481\" srcset=\"https:\/\/www.uv.mx\/prensa\/files\/2021\/06\/280621-Lecciones-de-renuncia-3.jpg 722w, https:\/\/www.uv.mx\/prensa\/files\/2021\/06\/280621-Lecciones-de-renuncia-3-300x200.jpg 300w\" sizes=\"(max-width: 722px) 100vw, 722px\" \/><\/a><p id=\"caption-attachment-99467\" class=\"wp-caption-text\">Teresa L\u00f3pez coment\u00f3 que el libro se convirti\u00f3 en su manual de escritura<\/p><\/div>\n","protected":false},"excerpt":{"rendered":"<p>Mayra Santos-Febres, su autora, comparti\u00f3 que el libro se ancla con el silencio como el mundo\/espacio de la mujer<\/p>\n","protected":false},"author":1508,"featured_media":99470,"comment_status":"closed","ping_status":"closed","sticky":false,"template":"","format":"standard","meta":[],"categories":[5128],"tags":[],"_links":{"self":[{"href":"https:\/\/www.uv.mx\/prensa\/wp-json\/wp\/v2\/posts\/99465"}],"collection":[{"href":"https:\/\/www.uv.mx\/prensa\/wp-json\/wp\/v2\/posts"}],"about":[{"href":"https:\/\/www.uv.mx\/prensa\/wp-json\/wp\/v2\/types\/post"}],"author":[{"embeddable":true,"href":"https:\/\/www.uv.mx\/prensa\/wp-json\/wp\/v2\/users\/1508"}],"replies":[{"embeddable":true,"href":"https:\/\/www.uv.mx\/prensa\/wp-json\/wp\/v2\/comments?post=99465"}],"version-history":[{"count":1,"href":"https:\/\/www.uv.mx\/prensa\/wp-json\/wp\/v2\/posts\/99465\/revisions"}],"predecessor-version":[{"id":99544,"href":"https:\/\/www.uv.mx\/prensa\/wp-json\/wp\/v2\/posts\/99465\/revisions\/99544"}],"wp:featuredmedia":[{"embeddable":true,"href":"https:\/\/www.uv.mx\/prensa\/wp-json\/wp\/v2\/media\/99470"}],"wp:attachment":[{"href":"https:\/\/www.uv.mx\/prensa\/wp-json\/wp\/v2\/media?parent=99465"}],"wp:term":[{"taxonomy":"category","embeddable":true,"href":"https:\/\/www.uv.mx\/prensa\/wp-json\/wp\/v2\/categories?post=99465"},{"taxonomy":"post_tag","embeddable":true,"href":"https:\/\/www.uv.mx\/prensa\/wp-json\/wp\/v2\/tags?post=99465"}],"curies":[{"name":"wp","href":"https:\/\/api.w.org\/{rel}","templated":true}]}}