{"id":99499,"date":"2021-06-29T10:07:36","date_gmt":"2021-06-29T15:07:36","guid":{"rendered":"https:\/\/www.uv.mx\/prensa\/?p=99499"},"modified":"2021-06-29T15:04:59","modified_gmt":"2021-06-29T20:04:59","slug":"combate-a-la-violencia-de-genero-afecta-intereses-politicos-y-economicos","status":"publish","type":"post","link":"https:\/\/www.uv.mx\/prensa\/general\/combate-a-la-violencia-de-genero-afecta-intereses-politicos-y-economicos\/","title":{"rendered":"Combate a la violencia de g\u00e9nero afecta intereses pol\u00edticos y econ\u00f3micos"},"content":{"rendered":"<ul>\n<li data-leveltext=\"\uf0b7\" data-font=\"Symbol\" data-listid=\"1\" data-aria-posinset=\"1\" data-aria-level=\"1\"><i><span data-contrast=\"none\">Por esta raz\u00f3n la Alerta de Violencia de G\u00e9nero no se ha podido consolidar<\/span><\/i><span data-ccp-props=\"{&quot;134233279&quot;:true,&quot;201341983&quot;:0,&quot;335559739&quot;:160,&quot;335559740&quot;:240}\">\u00a0<\/span><\/li>\n<li data-leveltext=\"\uf0b7\" data-font=\"Symbol\" data-listid=\"1\" data-aria-posinset=\"2\" data-aria-level=\"1\"><i><span data-contrast=\"none\">Estela Casados Gonz\u00e1lez y Yadira Hidalgo disertaron respecto al tema,\u00a0en charla desarrollada el viernes 25 de junio<\/span><\/i><span data-ccp-props=\"{&quot;134233279&quot;:true,&quot;201341983&quot;:0,&quot;335559739&quot;:160,&quot;335559740&quot;:240}\">\u00a0<\/span><\/li>\n<\/ul>\n<p><span data-ccp-props=\"{&quot;201341983&quot;:0,&quot;335559739&quot;:160,&quot;335559740&quot;:240}\">\u00a0<\/span><\/p>\n<div id=\"attachment_99500\" style=\"width: 732px\" class=\"wp-caption aligncenter\"><a href=\"https:\/\/www.uv.mx\/prensa\/files\/2021\/06\/280621-ALERTA-DE-GENERO-1-100k.jpg\"><img aria-describedby=\"caption-attachment-99500\" decoding=\"async\" loading=\"lazy\" class=\"size-full wp-image-99500\" src=\"https:\/\/www.uv.mx\/prensa\/files\/2021\/06\/280621-ALERTA-DE-GENERO-1-100k.jpg\" alt=\"Estela Casados Gonz\u00e1lez, responsable del Observatorio Universitario de Violencia contra las Mujeres\" width=\"722\" height=\"419\" srcset=\"https:\/\/www.uv.mx\/prensa\/files\/2021\/06\/280621-ALERTA-DE-GENERO-1-100k.jpg 722w, https:\/\/www.uv.mx\/prensa\/files\/2021\/06\/280621-ALERTA-DE-GENERO-1-100k-300x174.jpg 300w\" sizes=\"(max-width: 722px) 100vw, 722px\" \/><\/a><p id=\"caption-attachment-99500\" class=\"wp-caption-text\">Estela Casados Gonz\u00e1lez, responsable del Observatorio Universitario de Violencia contra las Mujeres<\/p><\/div>\n<p>&nbsp;<\/p>\n<p><b><i><span data-contrast=\"auto\">Claudia Peralta V\u00e1zquez<\/span><\/i><\/b><span data-ccp-props=\"{&quot;201341983&quot;:0,&quot;335559739&quot;:160,&quot;335559740&quot;:240}\">\u00a0<\/span><\/p>\n<p><b><i><span data-contrast=\"auto\">29\/06\/2021, Xalapa,\u00a0Ver.-\u00a0<\/span><\/i><\/b><span data-contrast=\"auto\">Estela Casados Gonz\u00e1lez,\u00a0<\/span><span data-contrast=\"none\">responsable del <a href=\"https:\/\/www.uv.mx\/ouvmujeres\/\" target=\"_blank\" rel=\"noopener\">Observatorio Universitario de Violencia contra las Mujeres\u00a0<\/a>(OUVMujeres)\u00a0de la Universidad Veracruzana (UV), y Y<\/span><span data-contrast=\"auto\">adira Hidalgo Gonz\u00e1lez, directora del Instituto Municipal de las Mujeres de Xalapa, impartieron el pasado\u00a025 de junio la charla<\/span><span data-contrast=\"none\">\u00a0\u201cAlerta de g\u00e9nero en Veracruz: m\u00e1s all\u00e1 de la declaratoria\u201d.<\/span><span data-ccp-props=\"{&quot;201341983&quot;:0,&quot;335559739&quot;:160,&quot;335559740&quot;:240}\">\u00a0<\/span><\/p>\n<p><span data-contrast=\"none\">Este encuentro virtual transmitido por\u00a0<\/span><i><span data-contrast=\"none\">Facebook Live\u00a0<\/span><\/i><span data-contrast=\"none\">fue organizado por\u00a0la Coordinaci\u00f3n Universitaria de Observatorios (CUO)\u00a0con motivo del D\u00eda Naranja, como un mecanismo para la prevenci\u00f3n y erradicaci\u00f3n de la violencia contra las mujeres.<\/span><span data-ccp-props=\"{&quot;201341983&quot;:0,&quot;335559731&quot;:708,&quot;335559739&quot;:160,&quot;335559740&quot;:240}\">\u00a0<\/span><\/p>\n<p><span data-contrast=\"none\">Lo anterior, en concordancia con la Campa\u00f1a Naranja \u00daNETE, promovida por la Organizaci\u00f3n de las Naciones Unidas (ONU) y puesta en marcha en 2008 para generar conciencia en torno a la prevenci\u00f3n de la violencia contra las mujeres y ni\u00f1as.<\/span><span data-ccp-props=\"{&quot;201341983&quot;:0,&quot;335559731&quot;:708,&quot;335559739&quot;:160,&quot;335559740&quot;:240}\">\u00a0<\/span><\/p>\n<p><span data-contrast=\"none\">Estela Casados, docente e investigadora de la Facultad de Antropolog\u00eda\u00a0UV,\u00a0lament\u00f3 que dentro de la sociedad la violencia en contra de las mujeres sea un tema normalizado y no\u00a0se vea m\u00e1s all\u00e1 de lo evidente.<\/span><span data-ccp-props=\"{&quot;201341983&quot;:0,&quot;335559731&quot;:708,&quot;335559739&quot;:160,&quot;335559740&quot;:240}\">\u00a0<\/span><\/p>\n<p><span data-contrast=\"none\">\u201cEsto, en el sentido de que tenemos un contexto de violencia que practicamos d\u00eda con d\u00eda, lo hemos hecho tan nuestro que es dif\u00edcil combatirlo.\u201d<\/span><span data-ccp-props=\"{&quot;201341983&quot;:0,&quot;335559731&quot;:708,&quot;335559739&quot;:160,&quot;335559740&quot;:240}\">\u00a0<\/span><\/p>\n<p><span data-contrast=\"none\">Incluso, manifest\u00f3 que la atenci\u00f3n e intento por erradicar dicha problem\u00e1tica perjudica intereses de \u00edndole pol\u00edtico, econ\u00f3mico y afectivo, por lo cual la Alerta de Violencia de G\u00e9nero contra las Mujeres no ha podido concretarse.<\/span><span data-ccp-props=\"{&quot;201341983&quot;:0,&quot;335559731&quot;:708,&quot;335559739&quot;:160,&quot;335559740&quot;:240}\">\u00a0<\/span><\/p>\n<p><span data-contrast=\"none\">En presencia de Jos\u00e9 Oth\u00f3n Flores Consejo, coordinador de la CUO, reconoci\u00f3 que uno de los\u00a0grandes esfuerzos\u00a0hechos en M\u00e9xico\u00a0a favor del\u00a0feminismo\u00a0tiene que ver con la construcci\u00f3n de un\u00a0andamiaje legal\u00a0para la\u00a0protecci\u00f3n de\u00a0la vida y los derechos de las mujeres, como\u00a0es\u00a0la\u00a0Ley\u00a0General\u00a0de Acceso de las Mujeres a una\u00a0Vida\u00a0Libre de\u00a0Violencia,\u00a0la\u00a0Ley\u00a0General para la\u00a0Igualdad\u00a0entre Mujeres y Hombres, y la tipificaci\u00f3n del\u00a0delito de feminicidio, entre otros.<\/span><span data-ccp-props=\"{&quot;201341983&quot;:0,&quot;335559731&quot;:708,&quot;335559739&quot;:160,&quot;335559740&quot;:240}\">\u00a0<\/span><\/p>\n<p><span data-contrast=\"none\">La antrop\u00f3loga social destac\u00f3 la iniciativa de\u00a0Mar\u00eda Marcela\u00a0Lagarde\u00a0y de los R\u00edos, feminista\u00a0y\u00a0antrop\u00f3loga mexicana, quien como\u00a0ex diputada federal impuls\u00f3\u00a0la\u00a0Ley General de Acceso de las Mujeres a una Vida Libre de Violencia,\u00a0as\u00ed como la\u00a0Alerta de\u00a0Violencia de\u00a0G\u00e9nero contra las\u00a0Mujeres por el delito de feminicidio y agravio comparado.<\/span><span data-ccp-props=\"{&quot;201341983&quot;:0,&quot;335559739&quot;:160,&quot;335559740&quot;:240}\">\u00a0<\/span><\/p>\n<p><span data-contrast=\"none\">\u201cFue un trabajo conjunto con legisladoras de diferentes partidos pol\u00edticos.\u201d<\/span><span data-ccp-props=\"{&quot;201341983&quot;:0,&quot;335559731&quot;:708,&quot;335559739&quot;:160,&quot;335559740&quot;:240}\">\u00a0<\/span><\/p>\n<p><span data-contrast=\"none\">Estela Casados tambi\u00e9n comparti\u00f3 con los asistentes las acciones que desde 2014, previo a la instalaci\u00f3n del\u00a0OUVMujeres,\u00a0se empezaron a gestar desde la CUO, en cuanto a la generaci\u00f3n de datos, monitoreo, registro, documentaci\u00f3n y an\u00e1lisis de violencias contra\u00a0este sector.<\/span><span data-ccp-props=\"{&quot;201341983&quot;:0,&quot;335559731&quot;:708,&quot;335559739&quot;:160,&quot;335559740&quot;:240}\">\u00a0<\/span><\/p>\n<p><span data-contrast=\"none\">Dichos datos obtenidos a trav\u00e9s de medios de comunicaci\u00f3n\u00a0sirvieron como insumo para elaborar la solicitud de declaratoria de Alerta de Violencia de G\u00e9nero contra las\u00a0Mujeres para el Estado de Veracruz por el delito de feminicidio.<\/span><span data-ccp-props=\"{&quot;201341983&quot;:0,&quot;335559731&quot;:708,&quot;335559739&quot;:160,&quot;335559740&quot;:240}\">\u00a0<\/span><\/p>\n<p><span data-contrast=\"none\">La solicitud fue hecha en 2015, y el\u00a023 de noviembre de 2016 se logr\u00f3 la declaratoria vigente para 11 municipios. Actualmente, se contabilizan 58, incluidos los de poblaci\u00f3n ind\u00edgena.<\/span><span data-ccp-props=\"{&quot;201341983&quot;:0,&quot;335559731&quot;:708,&quot;335559739&quot;:160,&quot;335559740&quot;:240}\">\u00a0<\/span><\/p>\n<p><span data-contrast=\"none\">Aunado al trabajo desarrollado por el\u00a0Sistema Nacional de Seguridad P\u00fablica\u00a0con la publicaci\u00f3n de cifras oficiales sobre\u00a0feminicidios y homicidios de mujeres, entre otros datos, desde 2017 el\u00a0OUVMujeres\u00a0realiza un an\u00e1lisis, registro mensual y anual sobre los\u00a0delitos antes citados, incluidas las desapariciones.<\/span><span data-ccp-props=\"{&quot;201341983&quot;:0,&quot;335559731&quot;:708,&quot;335559739&quot;:160,&quot;335559740&quot;:240}\">\u00a0<\/span><\/p>\n<p><span data-contrast=\"none\">Otro tema abordado\u00a0a trav\u00e9s de la informaci\u00f3n emitida por los medios de comunicaci\u00f3n son los tipos y modalidades de violencia\u00a0se\u00f1alados dentro de la\u00a0Ley\u00a0General\u00a0de Acceso de las Mujeres a una Vida libre de Violencia, es decir, las agresiones.<\/span><\/p>\n<div id=\"attachment_99501\" style=\"width: 732px\" class=\"wp-caption aligncenter\"><a href=\"https:\/\/www.uv.mx\/prensa\/files\/2021\/06\/280621-ALERTA-DE-GENERO-2-100k.jpg\"><img aria-describedby=\"caption-attachment-99501\" decoding=\"async\" loading=\"lazy\" class=\"size-full wp-image-99501\" src=\"https:\/\/www.uv.mx\/prensa\/files\/2021\/06\/280621-ALERTA-DE-GENERO-2-100k.jpg\" alt=\"Yadira Hidalgo Gonz\u00e1lez, directora del Instituto Municipal de las Mujeres de Xalapa \" width=\"722\" height=\"394\" srcset=\"https:\/\/www.uv.mx\/prensa\/files\/2021\/06\/280621-ALERTA-DE-GENERO-2-100k.jpg 722w, https:\/\/www.uv.mx\/prensa\/files\/2021\/06\/280621-ALERTA-DE-GENERO-2-100k-300x164.jpg 300w\" sizes=\"(max-width: 722px) 100vw, 722px\" \/><\/a><p id=\"caption-attachment-99501\" class=\"wp-caption-text\">Yadira Hidalgo Gonz\u00e1lez, directora del Instituto Municipal de las Mujeres de Xalapa<\/p><\/div>\n<p><span data-contrast=\"none\">Sin embargo, a pesar de los esfuerzos y buenas voluntades, consider\u00f3 que la declaratoria no se ha podido consolidar.<\/span><span data-ccp-props=\"{&quot;201341983&quot;:0,&quot;335559731&quot;:708,&quot;335559739&quot;:160,&quot;335559740&quot;:240}\">\u00a0<\/span><\/p>\n<p><span data-contrast=\"none\">\u201cMe parece que ha habido mucho esfuerzo, buena voluntad, un trabajo estrat\u00e9gico, pero no ha sido suficiente porque se han atravesado otros intereses de orden econ\u00f3mico, pues\u00a0siempre se dice que el presupuesto asignado a las mujeres es muy alto como si no fu\u00e9ramos ciudadanas\u00a0y no\u00a0pag\u00e1ramos\u00a0impuestos.\u201d<\/span><span data-ccp-props=\"{&quot;201341983&quot;:0,&quot;335559731&quot;:708,&quot;335559739&quot;:160,&quot;335559740&quot;:240}\">\u00a0<\/span><\/p>\n<p><span data-contrast=\"none\">Tambi\u00e9n,\u00a0hay obst\u00e1culos de orden pol\u00edtico porque no es tema importante cuando no es \u00e9poca electoral o cuando\u00a0se\u00a0no ocupa un puesto de poder\u00a0en\u00a0un partido determinado.<\/span><span data-ccp-props=\"{&quot;201341983&quot;:0,&quot;335559731&quot;:708,&quot;335559739&quot;:160,&quot;335559740&quot;:240}\">\u00a0<\/span><\/p>\n<p><span data-contrast=\"none\">Aunque aplaudi\u00f3 los avances, plante\u00f3 que dicha acci\u00f3n debe realizarse de forma estrat\u00e9gica, puntual y efectiva.<\/span><span data-ccp-props=\"{&quot;201341983&quot;:0,&quot;335559731&quot;:708,&quot;335559739&quot;:160,&quot;335559740&quot;:240}\">\u00a0<\/span><\/p>\n<p><span data-contrast=\"none\">\u201cHay que observar aquellos espacios donde se han bajado los\u00a0niveles de\u00a0violencia contra las mujeres, pero debe ser un esfuerzo articulado, estructural, a largo y corto plazo.\u201d<\/span><span data-ccp-props=\"{&quot;201341983&quot;:0,&quot;335559731&quot;:708,&quot;335559739&quot;:160,&quot;335559740&quot;:240}\">\u00a0<\/span><\/p>\n<p><span data-contrast=\"none\">Por su parte,\u00a0Yadira Hidalgo\u00a0expuso que, contrario a lo que se piensa, en el sentido de que las Alertas de G\u00e9nero alejan el turismo o perjudican la imagen del estado, significa que Veracruz tiene que accionar ciertas medidas para garantizar la protecci\u00f3n del derecho a la vida libre de violencia de las\u00a0mujeres.<\/span><span data-ccp-props=\"{&quot;201341983&quot;:0,&quot;335559731&quot;:708,&quot;335559739&quot;:160,&quot;335559740&quot;:240}\">\u00a0<\/span><\/p>\n<p><span data-contrast=\"none\">De acuerdo con la\u00a0Ley General de Acceso de las Mujeres a una Vida Libre de Violencia, la atribuci\u00f3n principal de los municipios es prevenir y atender en la medida de sus posibilidades la violencia contra este sector, mientras que la sanci\u00f3n le compete al Estado.<\/span><span data-ccp-props=\"{&quot;201341983&quot;:0,&quot;335559731&quot;:708,&quot;335559739&quot;:160,&quot;335559740&quot;:240}\">\u00a0<\/span><\/p>\n<p><span data-contrast=\"none\">Bas\u00e1ndose en dichas atribuciones, tambi\u00e9n se establece c\u00f3mo los municipios deben trabajar en conjunto con instituciones de los diversos \u00e1mbitos y c\u00f3mo organizarse para dar respuesta a la alerta de g\u00e9nero.<\/span><span data-ccp-props=\"{&quot;201341983&quot;:0,&quot;335559731&quot;:708,&quot;335559739&quot;:160,&quot;335559740&quot;:240}\">\u00a0<\/span><\/p>\n<p><span data-contrast=\"none\">\u201cAqu\u00ed no hay colores, cuando se trata de activar este tipo de acciones realmente las mujeres le han entrado\u00a0sin importar c\u00f3mo se articulen.\u201d<\/span><span data-ccp-props=\"{&quot;201341983&quot;:0,&quot;335559731&quot;:708,&quot;335559739&quot;:160,&quot;335559740&quot;:240}\">\u00a0<\/span><\/p>\n<p><span data-contrast=\"none\">En el caso de Xalapa, resalt\u00f3\u00a0que,\u00a0al\u00a0emitirse\u00a0la\u00a0alerta,\u00a0el programa de trabajo tard\u00f3\u00a0en aterrizar.<\/span><span data-ccp-props=\"{&quot;201341983&quot;:0,&quot;335559731&quot;:708,&quot;335559739&quot;:160,&quot;335559740&quot;:240}\">\u00a0<\/span><\/p>\n<p><span data-contrast=\"none\">\u201cTuvimos que entender que las alertas de g\u00e9nero son una obligaci\u00f3n de los municipios como instituciones que dan respuestas a las necesidades estrat\u00e9gicas de la poblaci\u00f3n, cuando se pensaba que era responsabilidad de los\u00a0Institutos\u00a0Municipales de las\u00a0Mujeres, cuya funci\u00f3n es la coordinaci\u00f3n interinstitucional para dar respuesta a estos problemas.\u201d<\/span><span data-ccp-props=\"{&quot;201341983&quot;:0,&quot;335559731&quot;:708,&quot;335559739&quot;:160,&quot;335559740&quot;:240}\">\u00a0<\/span><\/p>\n<p><span data-contrast=\"none\">Implica, dijo,\u00a0que ese municipio\u00a0debe\u00a0echar a andar el programa para atender la alerta,\u00a0y considerar los\u00a0ejes de seguridad, educaci\u00f3n, atenci\u00f3n, lo cual\u00a0s\u00f3lo es posible con la coordinaci\u00f3n interinstitucional.<\/span><span data-ccp-props=\"{&quot;201341983&quot;:0,&quot;335559731&quot;:708,&quot;335559739&quot;:160,&quot;335559740&quot;:240}\">\u00a0<\/span><\/p>\n","protected":false},"excerpt":{"rendered":"<p>En ello coincidieron Estela Casados y Yadira Hidalgo, al impartir la charla \u201cAlerta de g\u00e9nero en Veracruz: m\u00e1s all\u00e1 de la declaratoria\u201d <\/p>\n","protected":false},"author":1775,"featured_media":99500,"comment_status":"closed","ping_status":"closed","sticky":false,"template":"","format":"standard","meta":[],"categories":[1],"tags":[],"_links":{"self":[{"href":"https:\/\/www.uv.mx\/prensa\/wp-json\/wp\/v2\/posts\/99499"}],"collection":[{"href":"https:\/\/www.uv.mx\/prensa\/wp-json\/wp\/v2\/posts"}],"about":[{"href":"https:\/\/www.uv.mx\/prensa\/wp-json\/wp\/v2\/types\/post"}],"author":[{"embeddable":true,"href":"https:\/\/www.uv.mx\/prensa\/wp-json\/wp\/v2\/users\/1775"}],"replies":[{"embeddable":true,"href":"https:\/\/www.uv.mx\/prensa\/wp-json\/wp\/v2\/comments?post=99499"}],"version-history":[{"count":1,"href":"https:\/\/www.uv.mx\/prensa\/wp-json\/wp\/v2\/posts\/99499\/revisions"}],"predecessor-version":[{"id":99535,"href":"https:\/\/www.uv.mx\/prensa\/wp-json\/wp\/v2\/posts\/99499\/revisions\/99535"}],"wp:featuredmedia":[{"embeddable":true,"href":"https:\/\/www.uv.mx\/prensa\/wp-json\/wp\/v2\/media\/99500"}],"wp:attachment":[{"href":"https:\/\/www.uv.mx\/prensa\/wp-json\/wp\/v2\/media?parent=99499"}],"wp:term":[{"taxonomy":"category","embeddable":true,"href":"https:\/\/www.uv.mx\/prensa\/wp-json\/wp\/v2\/categories?post=99499"},{"taxonomy":"post_tag","embeddable":true,"href":"https:\/\/www.uv.mx\/prensa\/wp-json\/wp\/v2\/tags?post=99499"}],"curies":[{"name":"wp","href":"https:\/\/api.w.org\/{rel}","templated":true}]}}