{"id":99598,"date":"2021-07-01T08:00:07","date_gmt":"2021-07-01T13:00:07","guid":{"rendered":"https:\/\/www.uv.mx\/prensa\/?p=99598"},"modified":"2021-07-12T09:45:21","modified_gmt":"2021-07-12T14:45:21","slug":"ibiza-martinez-nueva-coordinadora-de-la-maestria-en-ciencias-biologicas","status":"publish","type":"post","link":"https:\/\/www.uv.mx\/prensa\/banner\/ibiza-martinez-nueva-coordinadora-de-la-maestria-en-ciencias-biologicas\/","title":{"rendered":"Ibiza Mart\u00ednez, nueva coordinadora de la Maestr\u00eda en Ciencias Biol\u00f3gicas\u00a0"},"content":{"rendered":"<ul>\n<li data-leveltext=\"\uf0b7\" data-font=\"Symbol\" data-listid=\"1\" data-aria-posinset=\"1\" data-aria-level=\"1\"><i><span data-contrast=\"auto\">Mantener el posgrado en el PNPC y elevarlo al nivel\u00a0\u201cCompetencia\u00a0internacional\u201d,\u00a0entre\u00a0sus objetivos<\/span><\/i><span data-ccp-props=\"{&quot;134233279&quot;:true,&quot;201341983&quot;:0,&quot;335559739&quot;:160,&quot;335559740&quot;:240}\">\u00a0<\/span><\/li>\n<\/ul>\n<p>&nbsp;<\/p>\n<div id=\"attachment_99660\" style=\"width: 732px\" class=\"wp-caption aligncenter\"><a href=\"https:\/\/www.uv.mx\/prensa\/files\/2021\/07\/300621-IBIZA-MTZ.jpg\"><img aria-describedby=\"caption-attachment-99660\" decoding=\"async\" loading=\"lazy\" class=\"size-full wp-image-99660\" src=\"https:\/\/www.uv.mx\/prensa\/files\/2021\/07\/300621-IBIZA-MTZ.jpg\" alt=\"\" width=\"722\" height=\"481\" srcset=\"https:\/\/www.uv.mx\/prensa\/files\/2021\/07\/300621-IBIZA-MTZ.jpg 722w, https:\/\/www.uv.mx\/prensa\/files\/2021\/07\/300621-IBIZA-MTZ-300x200.jpg 300w\" sizes=\"(max-width: 722px) 100vw, 722px\" \/><\/a><p id=\"caption-attachment-99660\" class=\"wp-caption-text\">Ibiza Mart\u00ednez expres\u00f3 sentirse contenta y emocionada por esta encomienda<\/p><\/div>\n<p>&nbsp;<\/p>\n<p><b><i><span data-contrast=\"auto\">Karina de la Paz Reyes D\u00edaz<\/span><\/i><\/b><span data-ccp-props=\"{&quot;134233279&quot;:true,&quot;201341983&quot;:0,&quot;335559739&quot;:160,&quot;335559740&quot;:240}\">\u00a0<\/span><\/p>\n<p><b><i><span data-contrast=\"auto\">01\/07\/2021, Xalapa,\u00a0Ver.-\u00a0<\/span><\/i><\/b><span data-contrast=\"auto\">La profesora-investigadora Ibiza Mart\u00ednez Serrano fue nombrada coordinadora de la Maestr\u00eda en Ciencias Biol\u00f3gicas (<\/span><i><span data-contrast=\"auto\">MaCBio<\/span><\/i><span data-contrast=\"auto\">), adscrita a la <a href=\"https:\/\/www.uv.mx\/biologia\/\" target=\"_blank\" rel=\"noopener\">Facultad de Biolog\u00eda<\/a> de la Universidad Veracruzana (UV), en un\u00a0acto\u00a0en el que\u00a0autoridades universitarias reconocieron el trabajo realizado por su antecesor, el profesor-investigador\u00a0Pascual Linares M\u00e1rquez.<\/span><span data-ccp-props=\"{&quot;134233279&quot;:true,&quot;201341983&quot;:0,&quot;335559739&quot;:160,&quot;335559740&quot;:240}\">\u00a0<\/span><\/p>\n<p><span data-contrast=\"auto\">Domingo Canales Espinosa, director general del \u00c1rea Acad\u00e9mica de Ciencias Biol\u00f3gicas y Agropecuarias;\u00a0Clementina Barrera Bernal, directora de la Facultad de\u00a0Biolog\u00eda, y\u00a0Guillermo Cruz Gonz\u00e1lez,\u00a0coordinador de\u00a0Procesos\u00a0Acad\u00e9mico-Administrativos de la\u00a0Direcci\u00f3n General de la Unidad de Estudios de Posgrado\u00a0de la\u00a0UV,\u00a0le tomaron protesta el 23 de junio, en el auditorio de esta entidad\u00a0educativa.<\/span><span data-ccp-props=\"{&quot;134233279&quot;:true,&quot;201341983&quot;:0,&quot;335559739&quot;:160,&quot;335559740&quot;:240}\">\u00a0<\/span><\/p>\n<p><span data-contrast=\"auto\">Mart\u00ednez Serrano\u00a0es bi\u00f3loga por la\u00a0UV;\u00a0maestra en Ciencias con Especialidad en el Manejo de Recursos Marinos\u00a0por el Centro Interdisciplinario de Ciencias Marinas del Instituto\u00a0Polit\u00e9cnico Nacional (La Paz, Baja California Sur), de la cual se gradu\u00f3 con\u00a0menci\u00f3n\u00a0honor\u00edfica\u00a0al trabajar\u00a0con la organizaci\u00f3n social de la ballena azul. Asimismo,\u00a0es egresada del\u00a0Doctorado en\u00a0Neuroetolog\u00eda\u00a0por la UV,\u00a0igualmente\u00a0con menci\u00f3n\u00a0honor\u00edfica.<\/span><span data-ccp-props=\"{&quot;134233279&quot;:true,&quot;201341983&quot;:0,&quot;335559739&quot;:160,&quot;335559740&quot;:240}\">\u00a0<\/span><\/p>\n<p><span data-contrast=\"auto\">Desde enero\u00a0de\u00a02013\u00a0a\u00a0la fecha, cuenta con el reconocimiento de\u00a0profesor con\u00a0perfil\u00a0deseable del\u00a0Programa para el\u00a0Desarrollo Profesional Docente\u00a0para el Tipo Superior\u00a0(<\/span><i><span data-contrast=\"auto\">Prodep<\/span><\/i><span data-contrast=\"auto\">); de 2014 a\u00a02016 fue\u00a0Secretaria\u00a0de la Facultad de\u00a0Biolog\u00eda.<\/span><span data-ccp-props=\"{&quot;134233279&quot;:true,&quot;201341983&quot;:0,&quot;335559731&quot;:708,&quot;335559739&quot;:160,&quot;335559740&quot;:240}\">\u00a0<\/span><\/p>\n<p><span data-contrast=\"auto\">\u00a0De 2016 a 2020, superintendente del proyecto \u201cPrograma de monitoreo biol\u00f3gico basado en especies indicadoras de integridad ecol\u00f3gica en el Parque Nacional Sistema\u00a0Arrecifal\u00a0Veracruzano\u201d,\u00a0del convenio de acreditado ambiental entre la UV\u00a0y la Administraci\u00f3n Portuaria Integral\u00a0de Veracruz (<\/span><i><span data-contrast=\"auto\">Apiver<\/span><\/i><span data-contrast=\"auto\">),\u00a0y es\u00a0Vicepresidenta\u00a0de la<\/span><span data-contrast=\"auto\">\u00a0<\/span><span data-contrast=\"auto\">Sociedad Mexicana de Mastozoolog\u00eda Marina.<\/span><span data-ccp-props=\"{&quot;134233279&quot;:true,&quot;201341983&quot;:0,&quot;335559731&quot;:708,&quot;335559739&quot;:160,&quot;335559740&quot;:240}\">\u00a0<\/span><\/p>\n<p><span data-ccp-props=\"{&quot;134233279&quot;:true,&quot;201341983&quot;:0,&quot;335559739&quot;:160,&quot;335559740&quot;:240}\">\u00a0<\/span><\/p>\n<div id=\"attachment_99600\" style=\"width: 732px\" class=\"wp-caption aligncenter\"><a href=\"https:\/\/www.uv.mx\/prensa\/files\/2021\/06\/300621-Ibiza-Martinez-2.jpg\"><img aria-describedby=\"caption-attachment-99600\" decoding=\"async\" loading=\"lazy\" class=\"size-full wp-image-99600\" src=\"https:\/\/www.uv.mx\/prensa\/files\/2021\/06\/300621-Ibiza-Martinez-2.jpg\" alt=\"\" width=\"722\" height=\"542\" srcset=\"https:\/\/www.uv.mx\/prensa\/files\/2021\/06\/300621-Ibiza-Martinez-2.jpg 722w, https:\/\/www.uv.mx\/prensa\/files\/2021\/06\/300621-Ibiza-Martinez-2-300x225.jpg 300w\" sizes=\"(max-width: 722px) 100vw, 722px\" \/><\/a><p id=\"caption-attachment-99600\" class=\"wp-caption-text\">Autoridades universitarias reconocieron el trabajo realizado por el coordinador saliente, Pascual Linares<\/p><\/div>\n<p>&nbsp;<\/p>\n<p><b><span data-contrast=\"auto\">Los retos\u00a0y\u00a0desaf\u00edos<\/span><\/b><span data-ccp-props=\"{&quot;134233279&quot;:true,&quot;201341983&quot;:0,&quot;335559739&quot;:160,&quot;335559740&quot;:240}\">\u00a0<\/span><\/p>\n<p><span data-contrast=\"auto\">Ibiza Mart\u00ednez expres\u00f3 sentirse \u201cmuy contenta y emocionada\u201d por esta encomienda.\u00a0Destac\u00f3 la calidad del posgrado, as\u00ed como a\u00a0la comunidad cient\u00edfica de renombre\u00a0y con destacada trayectoria\u00a0que integra el n\u00facleo\u00a0acad\u00e9mico\u00a0b\u00e1sico\u00a0(NAB)\u00a0del mismo.<\/span><span data-ccp-props=\"{&quot;134233279&quot;:true,&quot;201341983&quot;:0,&quot;335559739&quot;:160,&quot;335559740&quot;:240}\">\u00a0<\/span><\/p>\n<p><span data-contrast=\"auto\">Para ella, el principal reto es mantener a la maestr\u00eda dentro del Programa Nacional de Posgrados de Calidad (PNPC)\u00a0del\u00a0Consejo Nacional de Ciencia y Tecnolog\u00eda\u00a0(<\/span><i><span data-contrast=\"auto\">Conacyt<\/span><\/i><span data-contrast=\"auto\">) y mejorar la calificaci\u00f3n dentro de cuatro a\u00f1os,\u00a0cuando\u00a0les corresponde nuevamente la evaluaci\u00f3n.<\/span><span data-ccp-props=\"{&quot;134233279&quot;:true,&quot;201341983&quot;:0,&quot;335559731&quot;:708,&quot;335559739&quot;:160,&quot;335559740&quot;:240}\">\u00a0<\/span><\/p>\n<p><span data-contrast=\"auto\">El posgrado tiene convocatoria anual desde 2017, por lo que la 2021 es la quinta generaci\u00f3n. Sus L\u00edneas de\u00a0Generaci\u00f3n y\u00a0Aplicaci\u00f3n del\u00a0Conocimiento son dos:\u00a0\u201cBiolog\u00eda sist\u00e9mica\u201d\u00a0y\u00a0\u201cEstudios bioculturales\u201d.\u00a0Con ambas,\u00a0tanto\u00a0NAB\u00a0como sus colaboradores,\u00a0aterrizan la investigaci\u00f3n a la resoluci\u00f3n de problemas de la sociedad, es decir, hacen\u00a0tanto ciencia b\u00e1sica\u00a0como aplicada.<\/span><span data-ccp-props=\"{&quot;134233279&quot;:true,&quot;201341983&quot;:0,&quot;335559739&quot;:160,&quot;335559740&quot;:240}\">\u00a0<\/span><\/p>\n<p><span data-contrast=\"auto\">\u201cLa conjugaci\u00f3n de estas dos l\u00edneas nos ha permitido estudiar esa comuni\u00f3n que existe entre el ser humano y los recursos naturales\u201d.<\/span><span data-ccp-props=\"{&quot;201341983&quot;:0,&quot;335559739&quot;:160,&quot;335559740&quot;:240}\">\u00a0<\/span><\/p>\n<p><span data-contrast=\"auto\">Un compromiso\u00a0del NAB, coment\u00f3, es con la\u00a0divulgaci\u00f3n del quehacer cient\u00edfico, tan es as\u00ed que uno de los requisitos para titularse de este posgrado es la realizaci\u00f3n de una actividad de comunicaci\u00f3n de la ciencia, con base en sus trabajos de investigaci\u00f3n\u00a0(a trav\u00e9s de talleres, videos, programas de radio, entre otros medios).<\/span><span data-ccp-props=\"{&quot;201341983&quot;:0,&quot;335559731&quot;:708,&quot;335559739&quot;:160,&quot;335559740&quot;:240}\">\u00a0<\/span><\/p>\n<p><span data-contrast=\"auto\">\u201cA quienes estudian la maestr\u00eda les inculcamos\u00a0la importancia de impactar a la sociedad, comunic\u00e1ndole nuestros logros\u00a0o hallazgos de\u00a0las\u00a0investigaciones\u00a0que hacemos.\u00a0Uno de los retos\u00a0es\u00a0mejorar y aumentar el impacto que tiene\u00a0la maestr\u00eda tanto a nivel local\u00a0como nacional y,\u00a0por qu\u00e9 no, rumbo a la internacionalizaci\u00f3n.\u201d<\/span><span data-ccp-props=\"{&quot;201341983&quot;:0,&quot;335559739&quot;:160,&quot;335559740&quot;:240}\">\u00a0<\/span><\/p>\n<p><span data-contrast=\"auto\">En ese tenor,\u00a0adelant\u00f3 que\u00a0otro de sus\u00a0objetivos\u00a0es\u00a0lograr\u00a0el\u00a0nivel de\u00a0\u201cCompetencia internacional\u201d\u00a0en el PNPC\u00a0del\u00a0<\/span><i><span data-contrast=\"auto\">Conacyt<\/span><\/i><span data-contrast=\"auto\">;\u00a0\u201ceso es\u00a0definitivo\u201d, dijo la autora de\u00a0<\/span><a href=\"https:\/\/www.uv.mx\/prensa\/ciencia\/ibiza-martinez-presento-los-peces-duermen-con-estilo\/\"><i><span data-contrast=\"none\">Los peces duermen con estilo<\/span><\/i><\/a><i><span data-contrast=\"auto\">.<\/span><\/i><span data-ccp-props=\"{&quot;201341983&quot;:0,&quot;335559739&quot;:160,&quot;335559740&quot;:240}\">\u00a0<\/span><\/p>\n<p><span data-contrast=\"auto\">Adem\u00e1s,\u00a0tiene el prop\u00f3sito de\u00a0incrementar las redes de colaboraci\u00f3n y trabajo, a trav\u00e9s de convenios con otras universidades,\u00a0pues a la fecha\u00a0los tienen\u00a0de palabra, pero ahora\u00a0se dar\u00e1n a la tarea\u00a0formalizarlos.<\/span><span data-ccp-props=\"{&quot;201341983&quot;:0,&quot;335559731&quot;:708,&quot;335559739&quot;:160,&quot;335559740&quot;:240}\">\u00a0<\/span><\/p>\n<p><span data-ccp-props=\"{&quot;201341983&quot;:0,&quot;335559739&quot;:160,&quot;335559740&quot;:240}\">\u00a0<\/span><\/p>\n<p><b><span data-contrast=\"auto\">La importancia de este posgrado<\/span><\/b><span data-ccp-props=\"{&quot;201341983&quot;:0,&quot;335559739&quot;:160,&quot;335559740&quot;:240}\">\u00a0<\/span><\/p>\n<p><span data-contrast=\"auto\">La\u00a0<\/span><i><span data-contrast=\"auto\">MaCBio<\/span><\/i><span data-contrast=\"auto\">\u00a0es un programa que surge de la necesidad de generar conocimiento sobre biolog\u00eda sist\u00e9mica y estudios bioculturales a partir\u00a0de la investigaci\u00f3n cient\u00edfica. En M\u00e9xico menos del\u00a0uno\u00a0por ciento\u00a0de la poblaci\u00f3n econ\u00f3micamente activa realiza investigaci\u00f3n cient\u00edfica, lo que limita al pa\u00eds en su contribuci\u00f3n a la producci\u00f3n del conocimiento en el mundo.<\/span><span data-ccp-props=\"{&quot;201341983&quot;:0,&quot;335559739&quot;:160,&quot;335559740&quot;:240}\">\u00a0<\/span><\/p>\n<p><span data-contrast=\"auto\">En su opini\u00f3n, de la percepci\u00f3n que como seres humanos tenemos deriva la explotaci\u00f3n o el uso de los recursos naturales. Por eso, \u201cen esta \u00e9poca, en el\u00a0Antropoceno, que estamos viviendo una crisis ambiental muy fuerte, es importante retomar esa relaci\u00f3n, a trav\u00e9s de la investigaci\u00f3n, para mejorar las pr\u00e1cticas y entonces s\u00ed lograr mejorar el ambiente a trav\u00e9s de un uso m\u00e1s consciente\u201d.\u00a0<\/span><span data-ccp-props=\"{&quot;201341983&quot;:0,&quot;335559731&quot;:708,&quot;335559739&quot;:160,&quot;335559740&quot;:240}\">\u00a0<\/span><\/p>\n<p><span data-contrast=\"auto\">Por\u00a0otro lado, coment\u00f3 que si bien la pandemia ha implicado a algunos estudiantes del posgrado recortar sus proyectos de investigaci\u00f3n (en lo que se refiere a experimentos o trabajos de campo) o readaptarlos, han sabido sortear la situaci\u00f3n con la ayuda de sus respectivos comit\u00e9s\u00a0tutorales.<\/span><span data-ccp-props=\"{&quot;201341983&quot;:0,&quot;335559739&quot;:160,&quot;335559740&quot;:240}\">\u00a0<\/span><\/p>\n<p><span data-contrast=\"auto\">Por ello, a\u00fan en pandemia, \u201cse han logrado titular los chicos que ten\u00edan que titularse, en tiempo y forma\u201d; es decir, la contingencia s\u00ed les ha significado un reto, pero lo han sabido superar.<\/span><span data-ccp-props=\"{&quot;201341983&quot;:0,&quot;335559739&quot;:160,&quot;335559740&quot;:240}\">\u00a0<\/span><\/p>\n<p><span data-contrast=\"auto\">Finalmente, invit\u00f3 a todo el p\u00fablico interesado en estos temas,\u00a0a consultar\u00a0<\/span><a href=\"https:\/\/www.uv.mx\/mcb\/\"><span data-contrast=\"none\">la p\u00e1gina de la Maestr\u00eda<\/span><\/a><span data-contrast=\"auto\">, donde ya se tiene un apartado en ingl\u00e9s,\u00a0como parte de\u00a0las tareas de la internacionalizaci\u00f3n,\u00a0podr\u00e1n\u00a0conocer m\u00e1s\u00a0del quehacer cient\u00edfico y de investigaci\u00f3n que realizan y\u00a0de la convocatoria de ingreso, misma que se publicar\u00e1 en septiembre, para iniciar el posgrado en febrero de\u00a02022.<\/span><span data-ccp-props=\"{&quot;201341983&quot;:0,&quot;335559739&quot;:160,&quot;335559740&quot;:240}\">\u00a0<\/span><\/p>\n","protected":false},"excerpt":{"rendered":"<p>En entrevista, destac\u00f3 la calidad del posgrado, as\u00ed como\u00a0el renombre y trayectoria\u00a0de\u00a0la comunidad cient\u00edfica que integra el n\u00facleo acad\u00e9mico b\u00e1sico\u00a0<\/p>\n","protected":false},"author":1869,"featured_media":99661,"comment_status":"closed","ping_status":"closed","sticky":false,"template":"","format":"standard","meta":[],"categories":[61],"tags":[],"_links":{"self":[{"href":"https:\/\/www.uv.mx\/prensa\/wp-json\/wp\/v2\/posts\/99598"}],"collection":[{"href":"https:\/\/www.uv.mx\/prensa\/wp-json\/wp\/v2\/posts"}],"about":[{"href":"https:\/\/www.uv.mx\/prensa\/wp-json\/wp\/v2\/types\/post"}],"author":[{"embeddable":true,"href":"https:\/\/www.uv.mx\/prensa\/wp-json\/wp\/v2\/users\/1869"}],"replies":[{"embeddable":true,"href":"https:\/\/www.uv.mx\/prensa\/wp-json\/wp\/v2\/comments?post=99598"}],"version-history":[{"count":1,"href":"https:\/\/www.uv.mx\/prensa\/wp-json\/wp\/v2\/posts\/99598\/revisions"}],"predecessor-version":[{"id":99990,"href":"https:\/\/www.uv.mx\/prensa\/wp-json\/wp\/v2\/posts\/99598\/revisions\/99990"}],"wp:featuredmedia":[{"embeddable":true,"href":"https:\/\/www.uv.mx\/prensa\/wp-json\/wp\/v2\/media\/99661"}],"wp:attachment":[{"href":"https:\/\/www.uv.mx\/prensa\/wp-json\/wp\/v2\/media?parent=99598"}],"wp:term":[{"taxonomy":"category","embeddable":true,"href":"https:\/\/www.uv.mx\/prensa\/wp-json\/wp\/v2\/categories?post=99598"},{"taxonomy":"post_tag","embeddable":true,"href":"https:\/\/www.uv.mx\/prensa\/wp-json\/wp\/v2\/tags?post=99598"}],"curies":[{"name":"wp","href":"https:\/\/api.w.org\/{rel}","templated":true}]}}