{"id":99814,"date":"2021-07-10T08:00:38","date_gmt":"2021-07-10T13:00:38","guid":{"rendered":"https:\/\/www.uv.mx\/prensa\/?p=99814"},"modified":"2021-07-12T12:05:29","modified_gmt":"2021-07-12T17:05:29","slug":"ausencia-de-liderazgo-propicia-la-corrupcion-especialistas","status":"publish","type":"post","link":"https:\/\/www.uv.mx\/prensa\/general\/ausencia-de-liderazgo-propicia-la-corrupcion-especialistas\/","title":{"rendered":"Ausencia de liderazgo propicia la corrupci\u00f3n: especialistas"},"content":{"rendered":"<ul>\n<li data-leveltext=\"\u25cf\" data-font=\"\" data-listid=\"1\" data-aria-posinset=\"1\" data-aria-level=\"1\"><i><span data-contrast=\"auto\">As\u00ed lo\u00a0expusieron en el\u00a0Coloquio Internacional Derechos Humanos, organizado por el Instituto de Investigaciones Jur\u00eddicas\u00a0de la\u00a0UV\u00a0y\u00a0el Instituto Interdisciplinario de Investigaciones de la Universidad de Xalapa<\/span><\/i><span data-ccp-props=\"{&quot;201341983&quot;:0,&quot;335559740&quot;:240}\">\u00a0<\/span><\/li>\n<\/ul>\n<p><span data-ccp-props=\"{&quot;201341983&quot;:0,&quot;335559740&quot;:240}\">\u00a0<\/span><\/p>\n<div id=\"attachment_99815\" style=\"width: 732px\" class=\"wp-caption aligncenter\"><a href=\"https:\/\/www.uv.mx\/prensa\/files\/2021\/07\/290621-DAVID-ADICIONAL-2a-mesa-coloquio-en-DDHH-IIJ-1-100k.jpg\"><img aria-describedby=\"caption-attachment-99815\" decoding=\"async\" loading=\"lazy\" class=\"size-full wp-image-99815\" src=\"https:\/\/www.uv.mx\/prensa\/files\/2021\/07\/290621-DAVID-ADICIONAL-2a-mesa-coloquio-en-DDHH-IIJ-1-100k.jpg\" alt=\"Francis Pe\u00f1a Cifuentes, mandatario judicial de Guatemala, habl\u00f3 sobre la importancia de las pol\u00edticas p\u00fablicas\" width=\"722\" height=\"481\" srcset=\"https:\/\/www.uv.mx\/prensa\/files\/2021\/07\/290621-DAVID-ADICIONAL-2a-mesa-coloquio-en-DDHH-IIJ-1-100k.jpg 722w, https:\/\/www.uv.mx\/prensa\/files\/2021\/07\/290621-DAVID-ADICIONAL-2a-mesa-coloquio-en-DDHH-IIJ-1-100k-300x200.jpg 300w\" sizes=\"(max-width: 722px) 100vw, 722px\" \/><\/a><p id=\"caption-attachment-99815\" class=\"wp-caption-text\">Francis Pe\u00f1a Cifuentes, mandatario judicial de Guatemala, habl\u00f3 sobre la importancia de las pol\u00edticas p\u00fablicas<\/p><\/div>\n<p>&nbsp;<\/p>\n<p><b><i><span data-contrast=\"auto\">David Sandoval Rodr\u00edguez<\/span><\/i><\/b><span data-ccp-props=\"{&quot;201341983&quot;:0,&quot;335559740&quot;:240}\">\u00a0<\/span><\/p>\n<p><b><i><span data-contrast=\"auto\">10\/07\/2021,\u00a0Xalapa, Ver.-<\/span><\/i><\/b><span data-contrast=\"auto\">\u00a0La participaci\u00f3n de la ciudadan\u00eda es fundamental para la creaci\u00f3n y permanencia de las pol\u00edticas p\u00fablicas en los estados democr\u00e1ticos, coincidieron en se\u00f1alar\u00a0expertos de la mesa \u201cPol\u00edticas p\u00fablicas con perspectiva de derechos humanos\u201d del\u00a0Coloquio Internacional Derechos Humanos, organizado por el <a href=\"https:\/\/www.uv.mx\/iij\/\" target=\"_blank\" rel=\"noopener\">Instituto de Investigaciones Jur\u00eddicas<\/a> (IIJ) de la Universidad Veracruzana (UV) y el Instituto Interdisciplinario de Investigaciones de la Universidad de Xalapa (UX).<\/span><span data-ccp-props=\"{&quot;201341983&quot;:0,&quot;335559740&quot;:240}\">\u00a0<\/span><\/p>\n<p><span data-contrast=\"auto\">En el encuentro, efectuado el martes 29 de junio y transmitido por el canal de\u00a0<\/span><i><span data-contrast=\"auto\">Facebook<\/span><\/i><span data-contrast=\"auto\">\u00a0del IIJ, se destac\u00f3 que las pol\u00edticas p\u00fablicas buscan solucionar problem\u00e1ticas de personas\u00a0y grupos vulnerables, como lo plante\u00f3 Francis Arturo Pe\u00f1a Cifuentes, mandatario judicial de la Municipalidad de Quetzaltenango en Guatemala.<\/span><span data-ccp-props=\"{&quot;201341983&quot;:0,&quot;335559740&quot;:240}\">\u00a0<\/span><\/p>\n<p><span data-contrast=\"auto\">\u201cLas pol\u00edticas p\u00fablicas son herramientas t\u00e9cnicas pero antes que nada son pol\u00edticas, son soluciones a problem\u00e1ticas\u00a0sociales enfocadas en aquellos grupos que tradicionalmente han estado al margen con relaci\u00f3n al resguardo de sus derechos.\u201d<\/span><span data-ccp-props=\"{&quot;201341983&quot;:0,&quot;335559731&quot;:720,&quot;335559740&quot;:240}\">\u00a0<\/span><\/p>\n<p><span data-contrast=\"auto\">Apunt\u00f3 que el principio de no discriminaci\u00f3n es una de sus bases, al igual que el principio de igualdad.<\/span><\/p>\n<div id=\"attachment_99816\" style=\"width: 732px\" class=\"wp-caption aligncenter\"><a href=\"https:\/\/www.uv.mx\/prensa\/files\/2021\/07\/290621-DAVID-ADICIONAL-2a-mesa-coloquio-en-DDHH-IIJ-2-100k.jpg\"><img aria-describedby=\"caption-attachment-99816\" decoding=\"async\" loading=\"lazy\" class=\"size-full wp-image-99816\" src=\"https:\/\/www.uv.mx\/prensa\/files\/2021\/07\/290621-DAVID-ADICIONAL-2a-mesa-coloquio-en-DDHH-IIJ-2-100k.jpg\" alt=\"Paola Rivas Cuevas, consejera del Instituto Veracruzano de las Mujeres, dijo que los ciudadanos deben ser agentes de cambio en la sociedad \" width=\"722\" height=\"481\" srcset=\"https:\/\/www.uv.mx\/prensa\/files\/2021\/07\/290621-DAVID-ADICIONAL-2a-mesa-coloquio-en-DDHH-IIJ-2-100k.jpg 722w, https:\/\/www.uv.mx\/prensa\/files\/2021\/07\/290621-DAVID-ADICIONAL-2a-mesa-coloquio-en-DDHH-IIJ-2-100k-300x200.jpg 300w\" sizes=\"(max-width: 722px) 100vw, 722px\" \/><\/a><p id=\"caption-attachment-99816\" class=\"wp-caption-text\">Paola Rivas Cuevas, consejera del Instituto Veracruzano de las Mujeres, dijo que los ciudadanos deben ser agentes de cambio en la sociedad<\/p><\/div>\n<p><span data-contrast=\"auto\">Pe\u00f1a Cifuentes reconoci\u00f3 que \u201cel\u00a0Covid-19\u00a0nos dio una muestra de c\u00f3mo van a responder nuestros sistemas sanitarios, es evidente\u00a0la ausencia de una pol\u00edtica p\u00fablica con esa dimensi\u00f3n que respete los principios mencionados.\u00a0En Guatemala qued\u00f3 demostrado que las necesidades m\u00ednimas\u00a0de atenci\u00f3n son bastante fr\u00e1giles,\u00a0as\u00ed como el desabasto de medicamentos\u00a0que ocurre por cuestiones burocr\u00e1ticas\u201d.<\/span><span data-ccp-props=\"{&quot;201341983&quot;:0,&quot;335559731&quot;:720,&quot;335559740&quot;:240}\">\u00a0<\/span><\/p>\n<p><span data-contrast=\"auto\">Paola Rivas Cuevas, consejera del Instituto Veracruzano de las Mujeres, expres\u00f3 que las pol\u00edticas p\u00fablicas se generan a trav\u00e9s\u00a0de un proceso\u00a0abierto, sistem\u00e1tico y de deliberaci\u00f3n entre ciudadanos y autoridades.<\/span><span data-ccp-props=\"{&quot;201341983&quot;:0,&quot;335559731&quot;:720,&quot;335559740&quot;:240}\">\u00a0<\/span><\/p>\n<p><span data-contrast=\"auto\">\u201cLa participaci\u00f3n ciudadana en s\u00ed misma es el ingrediente sustantivo y de primer orden de la democracia\u201d, recalc\u00f3 al agregar que los individuos deben \u201cejercer su papel de ciudadanos, no\u00a0como entes receptores sino como agentes de cambio y transformaci\u00f3n, protagonistas de las pol\u00edticas p\u00fablicas\u201d.<\/span><span data-ccp-props=\"{&quot;201341983&quot;:0,&quot;335559731&quot;:720,&quot;335559740&quot;:240}\">\u00a0<\/span><\/p>\n<p><span data-contrast=\"auto\">Consider\u00f3 que la reforma\u00a0a la Constituci\u00f3n\u00a0mexicana\u00a0en materia de tutela efectiva de los derechos humanos\u00a0\u2013de\u00a0fecha\u00a010 de junio de 2011\u2013\u00a0ha sido de las m\u00e1s importantes del Estado;\u00a0enfatiz\u00f3 que \u201centre m\u00e1s amplia y diversa sea la participaci\u00f3n pol\u00edtica,\u00a0m\u00e1s\u00a0s\u00f3lidas\u00a0ser\u00e1n\u00a0las bases de la democracia\u201d.<\/span><\/p>\n<div id=\"attachment_99817\" style=\"width: 732px\" class=\"wp-caption aligncenter\"><a href=\"https:\/\/www.uv.mx\/prensa\/files\/2021\/07\/290621-DAVID-ADICIONAL-2a-mesa-coloquio-en-DDHH-IIJ-3-100k.jpg\"><img aria-describedby=\"caption-attachment-99817\" decoding=\"async\" loading=\"lazy\" class=\"size-full wp-image-99817\" src=\"https:\/\/www.uv.mx\/prensa\/files\/2021\/07\/290621-DAVID-ADICIONAL-2a-mesa-coloquio-en-DDHH-IIJ-3-100k.jpg\" alt=\"Jos\u00e9 Altamirano, presidente de la Academia de la Funci\u00f3n P\u00fablica, habl\u00f3 sobre la falta de un concepto de corrupci\u00f3n en el marco legal\" width=\"722\" height=\"481\" srcset=\"https:\/\/www.uv.mx\/prensa\/files\/2021\/07\/290621-DAVID-ADICIONAL-2a-mesa-coloquio-en-DDHH-IIJ-3-100k.jpg 722w, https:\/\/www.uv.mx\/prensa\/files\/2021\/07\/290621-DAVID-ADICIONAL-2a-mesa-coloquio-en-DDHH-IIJ-3-100k-300x200.jpg 300w\" sizes=\"(max-width: 722px) 100vw, 722px\" \/><\/a><p id=\"caption-attachment-99817\" class=\"wp-caption-text\">Jos\u00e9 Altamirano, presidente de la Academia de la Funci\u00f3n P\u00fablica, habl\u00f3 sobre la falta de un concepto de corrupci\u00f3n en el marco legal<\/p><\/div>\n<p><span data-contrast=\"auto\">Jos\u00e9 Guadalupe Altamirano Castro, presidente de la Academia de la Funci\u00f3n P\u00fablica y miembro del Comit\u00e9 de Participaci\u00f3n Ciudadana del Sistema Estatal Anticorrupci\u00f3n, plante\u00f3 que \u201cno existe una definici\u00f3n en el marco internacional normativo sobre qu\u00e9 es la corrupci\u00f3n, no obstante se hace alusi\u00f3n a conductas en el \u00e1mbito administrativo\u201d.<\/span><span data-ccp-props=\"{&quot;201341983&quot;:0,&quot;335559731&quot;:720,&quot;335559740&quot;:240}\">\u00a0<\/span><\/p>\n<p><span data-contrast=\"auto\">Entre los factores de orden\u00a0institucional que permiten la corrupci\u00f3n se observa que el marco legal\u00a0no es eficiente para seguir y sancionar los actos de\u00a0quienes caen en esta pr\u00e1ctica, hay una baja calidad de la regulaci\u00f3n y la ausencia de criterios para determinar los cargos p\u00fablicos que pueden estar sesgados para los afines al grupo en el poder.<\/span><span data-ccp-props=\"{&quot;201341983&quot;:0,&quot;335559731&quot;:720,&quot;335559740&quot;:240}\">\u00a0<\/span><\/p>\n<p><span data-contrast=\"auto\">De los factores sociales que causan la corrupci\u00f3n, destac\u00f3 la ausencia de liderazgo como \u201cuna especie de conformismo por parte de la ciudadan\u00eda y una libertad de expresi\u00f3n restringida, adem\u00e1s de\u00a0la\u00a0escasa\u00a0participaci\u00f3n ciudadana que se restringe al uso del voto\u201d.<\/span><span data-ccp-props=\"{&quot;201341983&quot;:0,&quot;335559731&quot;:720,&quot;335559740&quot;:240}\">\u00a0<\/span><\/p>\n<p><span data-contrast=\"auto\">Las consecuencias de car\u00e1cter social involucran el conformismo, la permisividad, entrar al mismo c\u00edrculo y normalizarla, mientras que en lo pol\u00edtico se evidencian con la falta de representatividad\u00a0y\u00a0deslegitimidad\u00a0de los partidos pol\u00edticos y en lo econ\u00f3mico es m\u00e1s notorio por la baja en competitividad y en recaudaci\u00f3n fiscal.<\/span><\/p>\n<div id=\"attachment_99818\" style=\"width: 732px\" class=\"wp-caption aligncenter\"><a href=\"https:\/\/www.uv.mx\/prensa\/files\/2021\/07\/290621-DAVID-ADICIONAL-2a-mesa-coloquio-en-DDHH-IIJ-4-100k.jpg\"><img aria-describedby=\"caption-attachment-99818\" decoding=\"async\" loading=\"lazy\" class=\"size-full wp-image-99818\" src=\"https:\/\/www.uv.mx\/prensa\/files\/2021\/07\/290621-DAVID-ADICIONAL-2a-mesa-coloquio-en-DDHH-IIJ-4-100k.jpg\" alt=\"Adriana del Valle, integrante del Comit\u00e9 de Participaci\u00f3n Ciudadana del Sistema Estatal Anticorrupci\u00f3n, dijo que ya existe una pol\u00edtica estatal aprobada, no obstante falta su publicaci\u00f3n oficial \" width=\"722\" height=\"481\" srcset=\"https:\/\/www.uv.mx\/prensa\/files\/2021\/07\/290621-DAVID-ADICIONAL-2a-mesa-coloquio-en-DDHH-IIJ-4-100k.jpg 722w, https:\/\/www.uv.mx\/prensa\/files\/2021\/07\/290621-DAVID-ADICIONAL-2a-mesa-coloquio-en-DDHH-IIJ-4-100k-300x200.jpg 300w\" sizes=\"(max-width: 722px) 100vw, 722px\" \/><\/a><p id=\"caption-attachment-99818\" class=\"wp-caption-text\">Adriana del Valle, integrante del Comit\u00e9 de Participaci\u00f3n Ciudadana del Sistema Estatal Anticorrupci\u00f3n, dijo que ya existe una pol\u00edtica estatal aprobada, no obstante falta su publicaci\u00f3n oficial<\/p><\/div>\n<p><span data-contrast=\"auto\">Adriana del Valle Garrido, miembro de la Academia de la Funci\u00f3n P\u00fablica e integrante del Comit\u00e9 de Participaci\u00f3n Ciudadana del Sistema Estatal Anticorrupci\u00f3n, afirm\u00f3 que los derechos humanos est\u00e1n reconocidos en la Constituci\u00f3n Pol\u00edtica nacional.<\/span><span data-ccp-props=\"{&quot;201341983&quot;:0,&quot;335559731&quot;:720,&quot;335559740&quot;:240}\">\u00a0<\/span><\/p>\n<p><span data-contrast=\"auto\">\u201cLa protecci\u00f3n de los derechos humanos es una responsabilidad de todos los entes p\u00fablicos en los tres niveles de gobierno, incluso aquellos entes descentralizados\u201d, reconoci\u00f3.<\/span><span data-ccp-props=\"{&quot;201341983&quot;:0,&quot;335559731&quot;:720,&quot;335559740&quot;:240}\">\u00a0<\/span><\/p>\n<p><span data-contrast=\"auto\">En tal sentido, recalc\u00f3 que ya existe una pol\u00edtica estatal anticorrupci\u00f3n\u00a0\u2013aprobada el 29 de abril de este a\u00f1o pero en espera de publicaci\u00f3n en la Gaceta Oficial del Estado\u2013 que\u00a0contempla combatir la impunidad, dar protecci\u00f3n a los denunciantes y un fortalecimiento de las pol\u00edticas p\u00fablicas mediante los comit\u00e9s de \u00e9tica en las dependencias gubernamentales.<\/span><span data-ccp-props=\"{&quot;201341983&quot;:0,&quot;335559731&quot;:720,&quot;335559740&quot;:240}\">\u00a0<\/span><\/p>\n<p><span data-contrast=\"auto\">Por su parte, Lauro Rodr\u00edguez Zamora, acad\u00e9mico e investigador del Colegio de Veracruz y la UX, expres\u00f3 que desde\u00a0el enfoque del realismo jur\u00eddico, cuando una norma no se aplica en la realidad significa que no existe,\u00a0o cuando menos se debe revisar para que cumpla efectivamente con su prop\u00f3sito.<\/span><\/p>\n<div id=\"attachment_99819\" style=\"width: 732px\" class=\"wp-caption aligncenter\"><a href=\"https:\/\/www.uv.mx\/prensa\/files\/2021\/07\/290621-DAVID-ADICIONAL-2a-mesa-coloquio-en-DDHH-IIJ-5-100k.jpg\"><img aria-describedby=\"caption-attachment-99819\" decoding=\"async\" loading=\"lazy\" class=\"size-full wp-image-99819\" src=\"https:\/\/www.uv.mx\/prensa\/files\/2021\/07\/290621-DAVID-ADICIONAL-2a-mesa-coloquio-en-DDHH-IIJ-5-100k.jpg\" alt=\"Lauro Rodr\u00edguez, acad\u00e9mico e investigador del Colegio de Veracruz, plante\u00f3 un retroceso en los indicadores relacionados a derechos humanos en M\u00e9xico \" width=\"722\" height=\"481\" srcset=\"https:\/\/www.uv.mx\/prensa\/files\/2021\/07\/290621-DAVID-ADICIONAL-2a-mesa-coloquio-en-DDHH-IIJ-5-100k.jpg 722w, https:\/\/www.uv.mx\/prensa\/files\/2021\/07\/290621-DAVID-ADICIONAL-2a-mesa-coloquio-en-DDHH-IIJ-5-100k-300x200.jpg 300w\" sizes=\"(max-width: 722px) 100vw, 722px\" \/><\/a><p id=\"caption-attachment-99819\" class=\"wp-caption-text\">Lauro Rodr\u00edguez, acad\u00e9mico e investigador del Colegio de Veracruz, plante\u00f3 un retroceso en los indicadores relacionados a derechos humanos en M\u00e9xico<\/p><\/div>\n<p><span data-contrast=\"auto\">Respecto de los derechos humanos y su reconocimiento constitucional como garantes de su aplicaci\u00f3n, coment\u00f3 que \u201cen t\u00e9rminos de salud, en t\u00e9rminos de seguridad, seguridad econ\u00f3mica y medio ambiente estamos retrocediendo a nivel global\u201d.<\/span><span data-ccp-props=\"{&quot;201341983&quot;:0,&quot;335559731&quot;:720,&quot;335559740&quot;:240}\">\u00a0<\/span><\/p>\n<p><span data-contrast=\"auto\">Agreg\u00f3 que \u201cel gobierno mexicano ha exaltado\u00a0la reforma constitucional de marzo de\u00a02011\u00a0como la m\u00e1s importante desde la realizada en 1917, pero es importante se\u00f1alar que para cumplir con lo reformado primero se tiene que respetar\u201d.<\/span><span data-ccp-props=\"{&quot;201341983&quot;:0,&quot;335559731&quot;:720,&quot;335559740&quot;:240}\">\u00a0<\/span><\/p>\n<p><span data-contrast=\"auto\">Rodr\u00edguez Zamora record\u00f3 que quien debe de cumplir con el respeto a los derechos humanos es el gobierno, ya que el principio de legalidad lo mandata, mientras que los ciudadanos debemos cumplir con el marco normativo.<\/span><span data-ccp-props=\"{&quot;201341983&quot;:0,&quot;335559731&quot;:720,&quot;335559740&quot;:240}\">\u00a0<\/span><\/p>\n","protected":false},"excerpt":{"rendered":"<p>As\u00ed lo expusieron en el Coloquio Internacional Derechos Humanos, organizado por la UV y la Universidad de Xalapa <\/p>\n","protected":false},"author":1775,"featured_media":99815,"comment_status":"closed","ping_status":"closed","sticky":false,"template":"","format":"standard","meta":[],"categories":[1],"tags":[3513,593,592,3514,1284,3512,2890,2891],"_links":{"self":[{"href":"https:\/\/www.uv.mx\/prensa\/wp-json\/wp\/v2\/posts\/99814"}],"collection":[{"href":"https:\/\/www.uv.mx\/prensa\/wp-json\/wp\/v2\/posts"}],"about":[{"href":"https:\/\/www.uv.mx\/prensa\/wp-json\/wp\/v2\/types\/post"}],"author":[{"embeddable":true,"href":"https:\/\/www.uv.mx\/prensa\/wp-json\/wp\/v2\/users\/1775"}],"replies":[{"embeddable":true,"href":"https:\/\/www.uv.mx\/prensa\/wp-json\/wp\/v2\/comments?post=99814"}],"version-history":[{"count":1,"href":"https:\/\/www.uv.mx\/prensa\/wp-json\/wp\/v2\/posts\/99814\/revisions"}],"predecessor-version":[{"id":100011,"href":"https:\/\/www.uv.mx\/prensa\/wp-json\/wp\/v2\/posts\/99814\/revisions\/100011"}],"wp:featuredmedia":[{"embeddable":true,"href":"https:\/\/www.uv.mx\/prensa\/wp-json\/wp\/v2\/media\/99815"}],"wp:attachment":[{"href":"https:\/\/www.uv.mx\/prensa\/wp-json\/wp\/v2\/media?parent=99814"}],"wp:term":[{"taxonomy":"category","embeddable":true,"href":"https:\/\/www.uv.mx\/prensa\/wp-json\/wp\/v2\/categories?post=99814"},{"taxonomy":"post_tag","embeddable":true,"href":"https:\/\/www.uv.mx\/prensa\/wp-json\/wp\/v2\/tags?post=99814"}],"curies":[{"name":"wp","href":"https:\/\/api.w.org\/{rel}","templated":true}]}}