{"id":10367,"date":"2015-10-19T07:59:20","date_gmt":"2015-10-19T12:59:20","guid":{"rendered":"https:\/\/www.uv.mx\/universo\/?p=10367"},"modified":"2015-10-26T16:46:41","modified_gmt":"2015-10-26T22:46:41","slug":"psicologia-abrio-sus-puertas-al-teatro-independiente","status":"publish","type":"post","link":"https:\/\/www.uv.mx\/universo\/cultura\/psicologia-abrio-sus-puertas-al-teatro-independiente\/","title":{"rendered":"Psicolog\u00eda abri\u00f3 sus puertas al teatro independiente"},"content":{"rendered":"<div class=\"seriesmeta noshow\">Contenido 41 de 47 del n\u00famero <a href=\"https:\/\/www.uv.mx\/universo\/numero\/615\/\" class=\"series-368\" title=\"615\">615<\/a><\/div>\r\n<div id=\"attachment_10361\" style=\"width: 410px\" class=\"wp-caption aligncenter\"><a href=\"https:\/\/www.uv.mx\/universo\/files\/2015\/10\/615-cult-012.jpg\"><img aria-describedby=\"caption-attachment-10361\" decoding=\"async\" loading=\"lazy\" class=\"size-full wp-image-10361\" src=\"https:\/\/www.uv.mx\/universo\/files\/2015\/10\/615-cult-012.jpg\" alt=\"Escena de La fe de los cerdos\" width=\"400\" height=\"592\" srcset=\"https:\/\/www.uv.mx\/universo\/files\/2015\/10\/615-cult-012.jpg 400w, https:\/\/www.uv.mx\/universo\/files\/2015\/10\/615-cult-012-203x300.jpg 203w\" sizes=\"(max-width: 400px) 100vw, 400px\" \/><\/a><p id=\"caption-attachment-10361\" class=\"wp-caption-text\">Escena de La fe de los cerdos<\/p><\/div>\n<p><span style=\"font-size: 10pt\"><strong><span class=\"Autor\">Carlos Hugo Hermida<\/span><\/strong><\/span><\/p>\n<p>Amaury Rafael, egresado de la Licenciatura en Teatro de la Facultad de Artes y director del grupo de actores independiente Maldito Teatro, agradeci\u00f3 el apoyo que la Universidad Veracruzana, en espec\u00edfico la Facultad de Psicolog\u00eda brinda al teatro independiente, al albergar la puesta en escena La fe de los cerdos, la cual se present\u00f3 los d\u00edas 1, 6, 7 y 8 de octubre, en su auditorio.<\/p>\n<p>\u201cLa fe de los cerdos es una obra teatral que conjunta el drama que vivimos en el M\u00e9xico actual, donde la violencia persiste a partir de cualquier cambio\u201d, explic\u00f3 el director y a\u00f1adi\u00f3 que se trata de un drama con un toque de farsa y humor negro, acerca de las situaciones m\u00e1s pesarosas que puede vivir un ser humano, pero llev\u00e1ndolo al plano de la comedia.<\/p>\n<p>La idea de representar este proyecto surgi\u00f3 a ra\u00edz del contacto del grupo de actores con Hugo Abraham Wirth, autor del gui\u00f3n. El texto implica muchos temas de inter\u00e9s del grupo, adem\u00e1s que les permite unirse al movimiento teatral independiente en Xalapa, ciudad donde este arte tiene gran arraigo.<\/p>\n<p>\u201cFormar parte de esta presentaci\u00f3n es una manera de manifestarse\u201d, afirm\u00f3 Alan Blasco, integrante de Maldito Teatro, quien adem\u00e1s celebr\u00f3 que las facultades se encuentren activas por medio de este g\u00e9nero, ya que es una manera muy eficaz de expresi\u00f3n y sensibilizaci\u00f3n.<\/p>\n<p>Destac\u00f3 la buena respuesta del p\u00fablico asistente, ya que como actores lograron abrirles una percepci\u00f3n m\u00e1s amplia de la que ya pose\u00edan. \u201cPara los grupos independientes del teatro es complicado encontrar espacios donde presentarse\u201d, agreg\u00f3 Hugo Abraham Wirth, por lo cual pide a las autoridades universitarias continuar apoy\u00e1ndolos, brind\u00e1ndoles tiempo en espacios alternos dentro de sus instalaciones. \u201cEl apoyo de los estudiantes y la consejer\u00eda estudiantil de la Facultad de Psicolog\u00eda para la presentaci\u00f3n de esta obra fue excelente\u201d, dijo Amaury Rafael; fue un movimiento totalmente joven, lo cual les permiti\u00f3 dar una presentaci\u00f3n en un escenario que no est\u00e1 dise\u00f1ado para ello, con resultados favorables.<\/p>\n","protected":false},"excerpt":{"rendered":"<p>Amaury Rafael, egresado de la Licenciatura en Teatro de la Facultad de Artes y director del grupo de actores independiente Maldito Teatro, agradeci\u00f3 el apoyo que la Universidad Veracruzana, en espec\u00edfico la Facultad de Psicolog\u00eda brinda al teatro independiente, al albergar la puesta en escena La fe de los cerdos, la cual se present\u00f3 los d\u00edas 1, 6, 7 y 8 de octubre, en su auditorio.<\/p>\n\r\n<div class=\"seriesmeta\">Contenido 41 de 47 del n\u00famero <a href=\"https:\/\/www.uv.mx\/universo\/numero\/615\/\" class=\"series-368\" title=\"615\">615<\/a><\/div>","protected":false},"author":1668,"featured_media":10361,"comment_status":"closed","ping_status":"closed","sticky":false,"template":"","format":"standard","meta":[],"categories":[5],"tags":[],"series":[368],"_links":{"self":[{"href":"https:\/\/www.uv.mx\/universo\/wp-json\/wp\/v2\/posts\/10367"}],"collection":[{"href":"https:\/\/www.uv.mx\/universo\/wp-json\/wp\/v2\/posts"}],"about":[{"href":"https:\/\/www.uv.mx\/universo\/wp-json\/wp\/v2\/types\/post"}],"author":[{"embeddable":true,"href":"https:\/\/www.uv.mx\/universo\/wp-json\/wp\/v2\/users\/1668"}],"replies":[{"embeddable":true,"href":"https:\/\/www.uv.mx\/universo\/wp-json\/wp\/v2\/comments?post=10367"}],"version-history":[{"count":0,"href":"https:\/\/www.uv.mx\/universo\/wp-json\/wp\/v2\/posts\/10367\/revisions"}],"wp:featuredmedia":[{"embeddable":true,"href":"https:\/\/www.uv.mx\/universo\/wp-json\/wp\/v2\/media\/10361"}],"wp:attachment":[{"href":"https:\/\/www.uv.mx\/universo\/wp-json\/wp\/v2\/media?parent=10367"}],"wp:term":[{"taxonomy":"category","embeddable":true,"href":"https:\/\/www.uv.mx\/universo\/wp-json\/wp\/v2\/categories?post=10367"},{"taxonomy":"post_tag","embeddable":true,"href":"https:\/\/www.uv.mx\/universo\/wp-json\/wp\/v2\/tags?post=10367"},{"taxonomy":"series","embeddable":true,"href":"https:\/\/www.uv.mx\/universo\/wp-json\/wp\/v2\/series?post=10367"}],"curies":[{"name":"wp","href":"https:\/\/api.w.org\/{rel}","templated":true}]}}