{"id":11005,"date":"2015-11-03T08:59:51","date_gmt":"2015-11-03T14:59:51","guid":{"rendered":"https:\/\/www.uv.mx\/universo\/?p=11005"},"modified":"2015-11-05T14:39:23","modified_gmt":"2015-11-05T20:39:23","slug":"universitarios-de-ecuador-realizaron-pasantia-en-la-uv","status":"publish","type":"post","link":"https:\/\/www.uv.mx\/universo\/general\/universitarios-de-ecuador-realizaron-pasantia-en-la-uv\/","title":{"rendered":"Universitarios de Ecuador realizaron pasant\u00eda en la UV"},"content":{"rendered":"<div class=\"seriesmeta noshow\">Contenido 9 de 42 del n\u00famero <a href=\"https:\/\/www.uv.mx\/universo\/numero\/617\/\" class=\"series-370\" title=\"617\">617<\/a><\/div>\r\n<div id=\"attachment_10974\" style=\"width: 310px\" class=\"wp-caption alignright\"><a href=\"https:\/\/www.uv.mx\/universo\/files\/2015\/11\/Universo-617-005-Rujiro-Temis.jpg\"><img aria-describedby=\"caption-attachment-10974\" decoding=\"async\" loading=\"lazy\" class=\"size-medium wp-image-10974\" src=\"https:\/\/www.uv.mx\/universo\/files\/2015\/11\/Universo-617-005-Rujiro-Temis-300x200.jpg\" alt=\"La Rectora y los secretarios de la instituci\u00f3n recibieron a los miembros de la ESPE\" width=\"300\" height=\"200\" srcset=\"https:\/\/www.uv.mx\/universo\/files\/2015\/11\/Universo-617-005-Rujiro-Temis-300x200.jpg 300w, https:\/\/www.uv.mx\/universo\/files\/2015\/11\/Universo-617-005-Rujiro-Temis.jpg 722w\" sizes=\"(max-width: 300px) 100vw, 300px\" \/><\/a><p id=\"caption-attachment-10974\" class=\"wp-caption-text\">La Rectora y los secretarios de la instituci\u00f3n recibieron a los miembros de la ESPE<\/p><\/div>\n<p><span style=\"font-size: 8pt\"><strong>David Sandoval Rodr\u00edguez<\/strong><\/span><\/p>\n<p>La Universidad Veracruzana (UV) recibi\u00f3 el 26 de octubre a tres integrantes de la Universidad de las Fuerzas Armadas (ESPE) de Quito, Ecuador, quienes durante una semana conocieron c\u00f3mo se administran los recursos humanos\u00a0en esta casa de estudios.<\/p>\n<p>Su visita se deriva del curso \u00abGesti\u00f3n de recursos humanos en instituciones de educaci\u00f3n superior basado en el modelo de competencias\u00bb, promovido por el Instituto de Gesti\u00f3n y Liderazgo Universitario (IGLU) de la Organizaci\u00f3n Universitaria Interamericana (OUI), en la cual la Rectora de la UV funge como consejera regional.<\/p>\n<p>En la bienvenida oficial, autoridades universitarias encabezadas por Sara Ladr\u00f3n de Guevara recibieron al coronel Gerardo Ernesto Pr\u00f3cel Ruiz, vicerrector administrativo; Arvenio Floresmilo C\u00f3rdoba Samaniego, coordinador de talento humano, y Alexandra Elizabeth Cabascango Hidalgo, analista de personal, los tres integrantes de la ESPE que hicieron la pasant\u00eda internacional como parte del curso IGLU.<\/p>\n<p>\u00abEs un honor recibirlos aqu\u00ed en su casa, la Universidad Veracruzana, nos da mucho gusto que nos visiten\u00bb, manifest\u00f3 la Rectora y destac\u00f3 el compromiso con la calidad de la educaci\u00f3n, hecho evidente en su reciente visita al pa\u00eds sudamericano como consejera regional de la OUI\u00bb.<\/p>\n<p>Se\u00f1al\u00f3 tambi\u00e9n que a partir de esta visita se buscar\u00e1 apoyar a j\u00f3venes de la Universidad Veracruzana Intercultural (UVI)<br \/>\npara que vayan a Ecuador y conozcan c\u00f3mo viven su identidad los ind\u00edgenas, que es motivo de orgullo; \u00abde hecho tuve una reuni\u00f3n con el embajador de M\u00e9xico en Ecuador y le habl\u00e9 acerca de nuestra universidad intercultural, y del inter\u00e9s de llevar a j\u00f3venes de \u00e9sta\u00bb.<\/p>\n<p>A nombre de los funcionarios de la ESPE, el coronel Gerardo Ernesto Pr\u00f3cel agradeci\u00f3 la recepci\u00f3n y extendi\u00f3 un saludo del rector Roque Moreira Cede\u00f1o a todos los presentes: \u00abPara nosotros es un enorme placer y un grato honor estar hoy con ustedes, nos sentimos muy honrados\u00bb, coment\u00f3.<\/p>\n<p>\u00abNuestro pa\u00eds est\u00e1 empe\u00f1ado en asegurar la educaci\u00f3n superior de calidad\u00bb, agreg\u00f3, \u00abnosotros somos una universidad peque\u00f1a con relaci\u00f3n a la magnitud de la UV y estamos en el proceso de mejorar la calidad de la educaci\u00f3n superior\u00bb.<\/p>\n<p>Clementina Guerrero Garc\u00eda, titular de la Secretar\u00eda de Administraci\u00f3n y Finanzas, detall\u00f3 que como parte de los convenios de colaboraci\u00f3n entre las instituciones que integran la OUI, a trav\u00e9s del IGLU se efectu\u00f3 en junio pasado el curso \u00abGesti\u00f3n de recursos humanos en instituciones de educaci\u00f3n superior basado en el modelo de competencias\u00bb.<\/p>\n<p>Dicho curso, explic\u00f3 Guerrero Garc\u00eda, inici\u00f3 con una semana presencial, seguida de tres semanas de participaci\u00f3n virtual y de una semana de pasant\u00eda a nivel internacional con 40 horas en una universidad de los pa\u00edses miembros de la OUI para observar procesos y pr\u00e1cticas.<\/p>\n<p>Por otro lado, Ang\u00e9lica Ivonne Cisneros Luj\u00e1n, directora general de Recursos Humanos, detall\u00f3 las caracter\u00edsticas de la m\u00e1xima casa de estudios de Veracruz, as\u00ed como su composici\u00f3n y los distintos procesos que implican la gesti\u00f3n y administraci\u00f3n de los recursos financieros y humanos.<\/p>\n<p>En la recepci\u00f3n se cont\u00f3 con la presencia de la secretaria Acad\u00e9mica, Leticia Rodr\u00edguez Audirac; el secretario de la Rector\u00eda, Octavio Ochoa Contreras; el abogado general, Alberto Islas Reyes, as\u00ed como los directores generales de las \u00e1reas acad\u00e9micas, y titulares de la Unidad de G\u00e9nero y de Recursos Financieros.<\/p>\n","protected":false},"excerpt":{"rendered":"<p>La Universidad Veracruzana (UV) recibi\u00f3 el 26 de octubre a tres integrantes de la Universidad de las Fuerzas Armadas (ESPE) de Quito, Ecuador, quienes durante una semana conocieron c\u00f3mo se administran los recursos humanos en esta casa de estudios.<\/p>\n\r\n<div class=\"seriesmeta\">Contenido 9 de 42 del n\u00famero <a href=\"https:\/\/www.uv.mx\/universo\/numero\/617\/\" class=\"series-370\" title=\"617\">617<\/a><\/div>","protected":false},"author":1664,"featured_media":10974,"comment_status":"closed","ping_status":"closed","sticky":false,"template":"","format":"standard","meta":[],"categories":[1],"tags":[],"series":[370],"_links":{"self":[{"href":"https:\/\/www.uv.mx\/universo\/wp-json\/wp\/v2\/posts\/11005"}],"collection":[{"href":"https:\/\/www.uv.mx\/universo\/wp-json\/wp\/v2\/posts"}],"about":[{"href":"https:\/\/www.uv.mx\/universo\/wp-json\/wp\/v2\/types\/post"}],"author":[{"embeddable":true,"href":"https:\/\/www.uv.mx\/universo\/wp-json\/wp\/v2\/users\/1664"}],"replies":[{"embeddable":true,"href":"https:\/\/www.uv.mx\/universo\/wp-json\/wp\/v2\/comments?post=11005"}],"version-history":[{"count":0,"href":"https:\/\/www.uv.mx\/universo\/wp-json\/wp\/v2\/posts\/11005\/revisions"}],"wp:featuredmedia":[{"embeddable":true,"href":"https:\/\/www.uv.mx\/universo\/wp-json\/wp\/v2\/media\/10974"}],"wp:attachment":[{"href":"https:\/\/www.uv.mx\/universo\/wp-json\/wp\/v2\/media?parent=11005"}],"wp:term":[{"taxonomy":"category","embeddable":true,"href":"https:\/\/www.uv.mx\/universo\/wp-json\/wp\/v2\/categories?post=11005"},{"taxonomy":"post_tag","embeddable":true,"href":"https:\/\/www.uv.mx\/universo\/wp-json\/wp\/v2\/tags?post=11005"},{"taxonomy":"series","embeddable":true,"href":"https:\/\/www.uv.mx\/universo\/wp-json\/wp\/v2\/series?post=11005"}],"curies":[{"name":"wp","href":"https:\/\/api.w.org\/{rel}","templated":true}]}}