{"id":12151,"date":"2015-12-14T07:59:20","date_gmt":"2015-12-14T13:59:20","guid":{"rendered":"https:\/\/www.uv.mx\/universo\/?p=12151"},"modified":"2015-12-15T16:56:22","modified_gmt":"2015-12-15T22:56:22","slug":"uv-y-unicach-editaron-libro-sobre-investigacion-en-artes","status":"publish","type":"post","link":"https:\/\/www.uv.mx\/universo\/cultura\/uv-y-unicach-editaron-libro-sobre-investigacion-en-artes\/","title":{"rendered":"UV y Unicach editaron libro sobre investigaci\u00f3n en artes"},"content":{"rendered":"<div class=\"seriesmeta noshow\">Contenido 40 de 50 del n\u00famero <a href=\"https:\/\/www.uv.mx\/universo\/numero\/623\/\" class=\"series-376\" title=\"623\">623<\/a><\/div>\r\n<p class=\"Autor\"><span style=\"font-size: 10pt\"><strong>Jos\u00e9 Agust\u00edn Castellanos<\/strong><\/span><\/p>\n<div id=\"attachment_12139\" style=\"width: 310px\" class=\"wp-caption alignright\"><a href=\"https:\/\/www.uv.mx\/universo\/files\/2015\/12\/623-cult-010.jpg\"><img aria-describedby=\"caption-attachment-12139\" decoding=\"async\" loading=\"lazy\" class=\"size-medium wp-image-12139\" src=\"https:\/\/www.uv.mx\/universo\/files\/2015\/12\/623-cult-010-300x165.jpg\" alt=\"La presentaci\u00f3n se realiz\u00f3 en el CECDA\" width=\"300\" height=\"165\" srcset=\"https:\/\/www.uv.mx\/universo\/files\/2015\/12\/623-cult-010-300x165.jpg 300w, https:\/\/www.uv.mx\/universo\/files\/2015\/12\/623-cult-010.jpg 700w\" sizes=\"(max-width: 300px) 100vw, 300px\" \/><\/a><p id=\"caption-attachment-12139\" class=\"wp-caption-text\">La presentaci\u00f3n se realiz\u00f3 en el CECDA<\/p><\/div>\n<p class=\"Texto\">La Universidad Veracruzana (UV) y la Universidad de Ciencias y Artes de Chiapas (Unicach) editaron el libro Investigaci\u00f3n en artes y humanidades, resultado del trabajo de colaboraci\u00f3n entre diversas facultades y universidades de artes.<\/p>\n<p class=\"Texto\">La presentaci\u00f3n de este material se realiz\u00f3 en el marco del 6\u00ba Coloquio de Investigaci\u00f3n en Artes, organizado por el Centro de Estudios, Creaci\u00f3n y Documentaci\u00f3n de la Artes (CECDA), y fue presidida por los autores colaboradores: Vladimir Gonz\u00e1lez Roblero, catedr\u00e1tico de la Facultad de Artes de la Unicach; Xavier C\u00f3zar, director del Instituto de Artes Pl\u00e1sticas (IAP) de la UV; Yosi Anaya, investigadora de la misma entidad acad\u00e9mica, moderados por Sergio Dom\u00ednguez Aguilar, catedr\u00e1tico de esta casa de estudios.<\/p>\n<p class=\"Texto\">\u201cHemos pertenecido y participado en varias redes de trabajo, y coincidido continuamente en el tema del arte como una forma de conocimiento\u201d, expres\u00f3 Gonz\u00e1lez Roblero respecto al esp\u00edritu e intenci\u00f3n de la publicaci\u00f3n. \u201cEn 2010 la Unicach nos invit\u00f3 a participar en la Red Latinoamericana de Metodolog\u00eda de las Ciencias Sociales, con sede en Argentina, donde propusimos una mesa con el t\u00edtulo de este libro y tuvo una gran aceptaci\u00f3n.<\/p>\n<p class=\"Texto\">A partir de esa primera experiencia, y con el objetivo de recopilar las ponencias que se presentaban, realizamos la publicaci\u00f3n.\u201d El trabajo colaborativo muestra un recuento de que el arte como conocimiento ha sufrido un proceso de institucionalizaci\u00f3n en las universidades; tambi\u00e9n da a conocer los retos a los que se ha tenido que enfrentar. El libro contiene la secci\u00f3n \u201cArte y metodolog\u00edas\u201d, donde se documentan los procesos creativos, c\u00f3mo se investiga y se crea el arte; recopila la participaci\u00f3n de miembros de la UV.<\/p>\n<p class=\"Texto\">Posteriormente, y poniendo principal atenci\u00f3n en c\u00f3mo se ense\u00f1a el arte, se exhiben los retos que tienen las facultades de artes desde diferentes paradigmas educativos. En tanto, Xavier C\u00f3zar recalc\u00f3 la importancia de la colaboraci\u00f3n entre regiones, acentuando el compromiso que tienen las facultades de artes con la formaci\u00f3n de estudiantes: \u201cEste proceso es parte de la validaci\u00f3n del arte como conocimiento, a trav\u00e9s de una serie de indicadores traducidos en est\u00edmulos financieros extraordinarios\u201d.<\/p>\n<p class=\"Texto\">Agreg\u00f3 que pese a estas primicias, no se ha logrado tener un nivel de respeto desde la mirada cientificista, la cual no est\u00e1 precisamente pensada para el quehacer art\u00edstico. \u201cEsta condici\u00f3n de intentar sujetarse a una condici\u00f3n totalmente comprobable, positivista, en la cual todo tiene que ser medible, no da cabida a la sensibilidad representativa de la creaci\u00f3n art\u00edstica.<\/p>\n<p class=\"Texto\">En ese sentido, este libro es una nueva propuesta con respecto a la docencia, la pedagog\u00eda y la investigaci\u00f3n en las artes.\u201d Subray\u00f3 el compromiso que los estudiantes de artes tienen con la activaci\u00f3n y construcci\u00f3n del pensamiento: \u201cLa cuesti\u00f3n de estudiar artes no nos hace artistas, centr\u00e1ndonos en la condici\u00f3n de que el artista es un c\u00famulo de saberes, competencias, actitudes y valores que finalmente se adquieren a lo largo de la vida\u201d.<\/p>\n<p class=\"Texto\">Por \u00faltimo, Sergio Dom\u00ednguez agreg\u00f3 una visi\u00f3n exterior del texto, reconociendo el esfuerzo de esta red de trabajo: \u201cEn general el libro es un conjunto de voces que reclaman un espacio institucional; el arte \u2013que surge de la experiencia\u2013 es tan serio como la ciencia. Buscamos recuperar ese lugar que el arte ten\u00eda en la instituci\u00f3n educativa, buscamos esa integraci\u00f3n a manera de trascendencia de fronteras.<\/p>\n","protected":false},"excerpt":{"rendered":"<p>La Universidad Veracruzana (UV) y la Universidad de Ciencias y Artes de Chiapas (Unicach) editaron el libro Investigaci\u00f3n en artes y humanidades, resultado del trabajo de colaboraci\u00f3n entre diversas facultades y universidades de artes.<\/p>\n\r\n<div class=\"seriesmeta\">Contenido 40 de 50 del n\u00famero <a href=\"https:\/\/www.uv.mx\/universo\/numero\/623\/\" class=\"series-376\" title=\"623\">623<\/a><\/div>","protected":false},"author":1668,"featured_media":12139,"comment_status":"closed","ping_status":"closed","sticky":false,"template":"","format":"standard","meta":[],"categories":[5],"tags":[],"series":[376],"_links":{"self":[{"href":"https:\/\/www.uv.mx\/universo\/wp-json\/wp\/v2\/posts\/12151"}],"collection":[{"href":"https:\/\/www.uv.mx\/universo\/wp-json\/wp\/v2\/posts"}],"about":[{"href":"https:\/\/www.uv.mx\/universo\/wp-json\/wp\/v2\/types\/post"}],"author":[{"embeddable":true,"href":"https:\/\/www.uv.mx\/universo\/wp-json\/wp\/v2\/users\/1668"}],"replies":[{"embeddable":true,"href":"https:\/\/www.uv.mx\/universo\/wp-json\/wp\/v2\/comments?post=12151"}],"version-history":[{"count":0,"href":"https:\/\/www.uv.mx\/universo\/wp-json\/wp\/v2\/posts\/12151\/revisions"}],"wp:featuredmedia":[{"embeddable":true,"href":"https:\/\/www.uv.mx\/universo\/wp-json\/wp\/v2\/media\/12139"}],"wp:attachment":[{"href":"https:\/\/www.uv.mx\/universo\/wp-json\/wp\/v2\/media?parent=12151"}],"wp:term":[{"taxonomy":"category","embeddable":true,"href":"https:\/\/www.uv.mx\/universo\/wp-json\/wp\/v2\/categories?post=12151"},{"taxonomy":"post_tag","embeddable":true,"href":"https:\/\/www.uv.mx\/universo\/wp-json\/wp\/v2\/tags?post=12151"},{"taxonomy":"series","embeddable":true,"href":"https:\/\/www.uv.mx\/universo\/wp-json\/wp\/v2\/series?post=12151"}],"curies":[{"name":"wp","href":"https:\/\/api.w.org\/{rel}","templated":true}]}}