{"id":12907,"date":"2016-02-02T07:59:36","date_gmt":"2016-02-02T13:59:36","guid":{"rendered":"https:\/\/www.uv.mx\/universo\/?p=12907"},"modified":"2016-02-16T20:11:01","modified_gmt":"2016-02-17T02:11:01","slug":"realizar-movilidad-amplio-mis-horizontes-jesus-garcia","status":"publish","type":"post","link":"https:\/\/www.uv.mx\/universo\/regiones\/realizar-movilidad-amplio-mis-horizontes-jesus-garcia\/","title":{"rendered":"Realizar movilidad ampli\u00f3 mis horizontes: Jes\u00fas Garc\u00eda"},"content":{"rendered":"<div class=\"seriesmeta noshow\">Contenido 24 de 36 del n\u00famero <a href=\"https:\/\/www.uv.mx\/universo\/numero\/627\/\" class=\"series-383\" title=\"627\">627<\/a><\/div>\r\n<p class=\"Resumen\"><em>El universitario, quien realiza una estancia en Espa\u00f1a, cursa dos licenciaturas del \u00e1rea de ingenier\u00eda<\/em><\/p>\n<div id=\"attachment_12893\" style=\"width: 310px\" class=\"wp-caption alignright\"><a href=\"https:\/\/www.uv.mx\/universo\/files\/2016\/02\/527-reg-006.jpg\"><img aria-describedby=\"caption-attachment-12893\" decoding=\"async\" loading=\"lazy\" class=\"size-medium wp-image-12893\" src=\"https:\/\/www.uv.mx\/universo\/files\/2016\/02\/527-reg-006-300x168.jpg\" alt=\"El joven visit\u00f3 el pe\u00f1\u00f3n de Gibraltar\" width=\"300\" height=\"168\" srcset=\"https:\/\/www.uv.mx\/universo\/files\/2016\/02\/527-reg-006-300x168.jpg 300w, https:\/\/www.uv.mx\/universo\/files\/2016\/02\/527-reg-006.jpg 700w\" sizes=\"(max-width: 300px) 100vw, 300px\" \/><\/a><p id=\"caption-attachment-12893\" class=\"wp-caption-text\">El joven visit\u00f3 el pe\u00f1\u00f3n de Gibraltar<\/p><\/div>\n<p class=\"Autor\"><span style=\"font-size: 10pt\"><strong>David Sandoval Rodr\u00edguez<\/strong><\/span><\/p>\n<p class=\"Texto\"><strong>Coatza \u2022 Mina \u2022 Acayucan.- <\/strong>Jes\u00fas Antonio Garc\u00eda Mart\u00ednez estudia dos licenciaturas en la Universidad Veracruzana: Ingenier\u00eda Mec\u00e1nica, en el sistema escolarizado, e Ingenier\u00eda en Sistemas de Producci\u00f3n Agropecuaria, en modalidad a distancia, en la regi\u00f3n Coatzacoalcos-Minatitl\u00e1n, y actualmente realiza una estancia de movilidad en la Universidad de C\u00f3rdoba, en Espa\u00f1a.<\/p>\n<p class=\"Texto\">Dicha estancia de dos cuatrimestres es posible gracias a la beca Erasmus Mundus que obtuvo como parte del programa de movilidad latinoamericana al interior de la Comunidad Europea (CE). \u201cDesde que ingres\u00e9 a la Universidad hab\u00eda escuchado historias de j\u00f3venes que realizaron movilidad nacional, pero me parec\u00eda algo inalcanzable, siempre cre\u00ed que eran programas para la \u00e9lite de la Universidad o aquellos promedios que s\u00f3lo en licenciaturas diferentes a ingenier\u00eda se pod\u00edan alcanzar.\u201d<\/p>\n<p class=\"Texto\">Reconoci\u00f3 que esta mentalidad persiste en muchos estudiantes y en \u00e9l cambi\u00f3 cuando convers\u00f3 con su tutora, Dinora V\u00e1zquez Luna, acad\u00e9mica de la Facultad de Ingenier\u00eda en Sistemas de Producci\u00f3n Agropecuaria (FISPA), quien le recomend\u00f3 que buscara las becas, nacionales e internacionales, \u201cque dejara el miedo y estereotipos sobre ellas, que cualquier inscrito en la Universidad puede alcanzarlas a cambio de un esfuerzo\u201d.<\/p>\n<p class=\"Texto\">Con su intercesi\u00f3n realiz\u00f3 la solicitud para la beca Erasmus Mundus, cuyo tr\u00e1mite fue completamente en l\u00ednea, desde su registro hasta la validaci\u00f3n de sus documentos oficiales. \u201cUno de los primeros problemas que surgi\u00f3 durante ese tr\u00e1mite fue decidir el pa\u00eds donde quer\u00eda mi estancia, buscar qu\u00e9 escuela ten\u00eda un programa que se pareciera al de mi Facultad, que los cr\u00e9ditos convalidaran, puntos administrativos en los cuales no piensas al principio, sino en que quieres aprender cosas nuevas.<\/p>\n<div id=\"attachment_12892\" style=\"width: 310px\" class=\"wp-caption alignright\"><a href=\"https:\/\/www.uv.mx\/universo\/files\/2016\/02\/527-reg-005.jpg\"><img aria-describedby=\"caption-attachment-12892\" decoding=\"async\" loading=\"lazy\" class=\"size-medium wp-image-12892\" src=\"https:\/\/www.uv.mx\/universo\/files\/2016\/02\/527-reg-005-300x169.jpg\" alt=\"Con sus compa\u00f1eros en la Universidad de C\u00f3rdoba\" width=\"300\" height=\"169\" srcset=\"https:\/\/www.uv.mx\/universo\/files\/2016\/02\/527-reg-005-300x169.jpg 300w, https:\/\/www.uv.mx\/universo\/files\/2016\/02\/527-reg-005.jpg 700w\" sizes=\"(max-width: 300px) 100vw, 300px\" \/><\/a><p id=\"caption-attachment-12892\" class=\"wp-caption-text\">Con sus compa\u00f1eros en la Universidad de C\u00f3rdoba<\/p><\/div>\n<p class=\"Texto\">\u201d\u00c9sa es una ventaja del programa Erasmus Mundus: te da la oportunidad de cursar materias que no son de tu programa educativo, pero tampoco es cuesti\u00f3n de desviarte de tu carrera, sino de complementarla; eso para m\u00ed es una de las finalidades de un intercambio, que podamos desarrollarnos en un ambiente que nos facilite incrementar nuestras perspectivas profesionales dentro de nuestra especialidad\u201d, detall\u00f3 el universitario.<\/p>\n<p class=\"Texto\">El siguiente problema que enfrent\u00f3 fue el dominio del idioma, que en este caso le solicitaban adem\u00e1s del ingl\u00e9s, nivel B2, el alem\u00e1n: \u201cMi ingl\u00e9s no llegaba a tanto pero sab\u00eda que practicando lo obtendr\u00eda, pero aprender otro idioma en tan poco tiempo no era una opci\u00f3n. Fue as\u00ed que me decid\u00ed por Espa\u00f1a\u201d.<\/p>\n<p class=\"Texto\">Esta decisi\u00f3n gener\u00f3 un tercer problema: encontrar qu\u00e9 universidades espa\u00f1olas estaban dentro del programa Erasmus y cu\u00e1l ser\u00eda de mayor utilidad. \u201cMe decid\u00ed por C\u00f3rdoba, que aparte de ser una ciudad con gran cultura \u2013ya que en la antig\u00fcedad era la capital del Emirato Independiente y del Califato Omeya en el siglo X\u2013 cuenta con el prestigio de su escuela de agr\u00f3nomos, la cual es reconocida entre las universidades de Espa\u00f1a\u201d.<\/p>\n<p class=\"Texto\">Reconoci\u00f3 que al principio el proceso le pareci\u00f3 frustrante por la solicitud de constancias muy espec\u00edficas, esto propici\u00f3 que pidiera el apoyo del director, Hugo Ismael Noble P\u00e9rez, y el secretario Acad\u00e9mico de su Facultad, Ernesto Ra\u00fal Rodr\u00edguez Garc\u00eda.<\/p>\n<p class=\"Texto\">\u201cMuy amables, ellos me dijeron que por tr\u00e1mites y papeleo no me preocupara, que s\u00f3lo les dijera qu\u00e9 era lo que quer\u00eda y c\u00f3mo, y ellos se encargaban de conseguirlos. Esto fue algo muy bueno ya que al entrar a la Universidad me dijeron que los directores y secretarios acad\u00e9micos nunca tienen tiempo para ti y tus problemas, te dejan a la deriva; comprob\u00e9 que s\u00f3lo es un mito ya que me apoyaron en lo que les ped\u00ed y a\u00fan me siguen ayudando.\u201d<\/p>\n<p class=\"Texto\">El d\u00eda de la publicaci\u00f3n de resultados su nombre no apareci\u00f3. Cinco d\u00edas despu\u00e9s recibi\u00f3 un correo en alem\u00e1n e ingl\u00e9s de la instituci\u00f3n anfitriona, la Universidad de Berl\u00edn, donde le notificaban que hab\u00eda sido aceptado por su instituci\u00f3n de destino: la Universidad de C\u00f3rdoba.<\/p>\n<p class=\"Texto\">\u201cAl principio no lo cre\u00ed, volv\u00ed a leer porque cre\u00ed que estaba d\u00e1ndole una mala traducci\u00f3n, que mi deseo de ir hac\u00eda que mi mente leyera lo que ella quer\u00eda ver. Reenvi\u00e9 el correo a mi tutora y ella me lo confirm\u00f3 con un mensaje: \u2018Felicidades. Te han aceptado\u2019.\u201d<\/p>\n<p class=\"Texto\">Incluso tuvo que cancelar su boleto de avi\u00f3n a Europa debido al retraso en la emisi\u00f3n de documentos gubernamentales, sin embargo logr\u00f3 obtener su visado y tr\u00e1mites completos para viajar. En la actualidad, Jes\u00fas Antonio Garc\u00eda presenta los ex\u00e1menes finales de su primer cuatrimestre en Espa\u00f1a, enfoc\u00e1ndose en seis materias: teledetecci\u00f3n, construcci\u00f3n, ganader\u00eda \u201ccerdo ib\u00e9rico\u201d, tecnolog\u00edas de la informaci\u00f3n y comunicaci\u00f3n (TIC), dise\u00f1o de equipos agroganaderos y dise\u00f1o de estructuras de madera.<\/p>\n<p class=\"Texto\">\u201cEste semestre que est\u00e1 por iniciar tengo planes de empezar con la primera parte de mi tesis, en una forma de ayuda mutua entre las dos universidades y lo pretendo hacer en el \u00e1rea de construcci\u00f3n rural, maquinaria agr\u00edcola, espec\u00edficamente en pruebas de equipos fitosanitarios los cuales a\u00fan est\u00e1n en fase de dise\u00f1o y no se encuentran en el mercado.\u201d<\/p>\n<p class=\"Texto\">La Universidad de C\u00f3rdoba y el programa Erasmus realizan adem\u00e1s otras actividades para facilitar la comunicaci\u00f3n entre sus estudiantes y de otras universidades de la Uni\u00f3n Europea, \u201cte platican de sus lugares de or\u00edgenes, su situaci\u00f3n estudiantil y econ\u00f3mica.<\/p>\n<p class=\"Texto\">Todo eso sirve para darte cuenta que no es muy diferente un pa\u00eds de otro; claro, tienen distintos problemas y los solucionan distinto, dependiendo de sus posibilidades. Los beneficiados con la beca Erasmus son conocidos como embajadores estudiantiles, por compartir su cultura con otros\u201d.<\/p>\n<p class=\"Texto\">Garc\u00eda Mart\u00ednez subray\u00f3 que esta experiencia le ha ense\u00f1ado que todo estudiante puede obtener una beca sin importar el nivel socioecon\u00f3mico del que provenga. \u201cUna oportunidad como \u00e9sta te abre los ojos y te ampl\u00eda los horizontes. Como alumno de la Veracruzana uno no sabe los beneficios que ofrece, entre ellos esta clase de becas y el apoyo de tus tutores\u201d, destac\u00f3.<\/p>\n<p class=\"Texto\">\u201cInvito a mis compa\u00f1eros a participar en las nuevas convocatorias de Erasmus Mundus y dejar de lado los prejuicios, obtener esta beca es ganancia y una recompensa a nuestro esfuerzo estudiantil\u201d. Se dirigi\u00f3 tambi\u00e9n a los tutores y acad\u00e9micos de la instituci\u00f3n: \u201cPor favor, h\u00e1ganles saber a sus estudiantes que existen becas como \u00e9sta, mot\u00edvenlos. A fin de cuentas algunas personas s\u00f3lo requieren de peque\u00f1os empujones para lograr cosas grandes\u201d.<\/p>\n<p class=\"Texto\">Al finalizar explic\u00f3 c\u00f3mo organiza su tiempo para cursar dos licenciaturas. A Ingenier\u00eda Mec\u00e1nica asiste de lunes a viernes, mientras que los s\u00e1bados los dedica por completo a Ingenier\u00eda en Sistemas de Producci\u00f3n Agropecuaria. \u201cLos domingos puedo apoyar a mi padre y a mis t\u00edos en el campo, aprovecho para estar con la familia y al mismo tiempo estudio y pongo en pr\u00e1ctica los conocimientos de esta carrera.<\/p>\n<p class=\"Texto\">Como dicen, no es trabajo si haces lo que te gusta. S\u00f3lo es raz\u00f3n de administrar tu tiempo y dedicar un momento del d\u00eda para cada actividad, ya sea familiar, escolar o una visita de alg\u00fan amigo. Mi prioridad principal es acabar mis ingenier\u00edas\u201d.<\/p>\n","protected":false},"excerpt":{"rendered":"<p>Jes\u00fas Antonio Garc\u00eda Mart\u00ednez estudia dos licenciaturas en la Universidad Veracruzana: Ingenier\u00eda Mec\u00e1nica, en el sistema escolarizado, e Ingenier\u00eda en Sistemas de Producci\u00f3n Agropecuaria, en modalidad a distancia, en la regi\u00f3n Coatzacoalcos-Minatitl\u00e1n, y actualmente realiza una estancia de movilidad en la Universidad de C\u00f3rdoba, en Espa\u00f1a.<\/p>\n\r\n<div class=\"seriesmeta\">Contenido 24 de 36 del n\u00famero <a href=\"https:\/\/www.uv.mx\/universo\/numero\/627\/\" class=\"series-383\" title=\"627\">627<\/a><\/div>","protected":false},"author":1668,"featured_media":12893,"comment_status":"closed","ping_status":"closed","sticky":false,"template":"","format":"standard","meta":[],"categories":[360],"tags":[],"series":[383],"_links":{"self":[{"href":"https:\/\/www.uv.mx\/universo\/wp-json\/wp\/v2\/posts\/12907"}],"collection":[{"href":"https:\/\/www.uv.mx\/universo\/wp-json\/wp\/v2\/posts"}],"about":[{"href":"https:\/\/www.uv.mx\/universo\/wp-json\/wp\/v2\/types\/post"}],"author":[{"embeddable":true,"href":"https:\/\/www.uv.mx\/universo\/wp-json\/wp\/v2\/users\/1668"}],"replies":[{"embeddable":true,"href":"https:\/\/www.uv.mx\/universo\/wp-json\/wp\/v2\/comments?post=12907"}],"version-history":[{"count":0,"href":"https:\/\/www.uv.mx\/universo\/wp-json\/wp\/v2\/posts\/12907\/revisions"}],"wp:featuredmedia":[{"embeddable":true,"href":"https:\/\/www.uv.mx\/universo\/wp-json\/wp\/v2\/media\/12893"}],"wp:attachment":[{"href":"https:\/\/www.uv.mx\/universo\/wp-json\/wp\/v2\/media?parent=12907"}],"wp:term":[{"taxonomy":"category","embeddable":true,"href":"https:\/\/www.uv.mx\/universo\/wp-json\/wp\/v2\/categories?post=12907"},{"taxonomy":"post_tag","embeddable":true,"href":"https:\/\/www.uv.mx\/universo\/wp-json\/wp\/v2\/tags?post=12907"},{"taxonomy":"series","embeddable":true,"href":"https:\/\/www.uv.mx\/universo\/wp-json\/wp\/v2\/series?post=12907"}],"curies":[{"name":"wp","href":"https:\/\/api.w.org\/{rel}","templated":true}]}}