{"id":14520,"date":"2016-05-09T08:59:28","date_gmt":"2016-05-09T13:59:28","guid":{"rendered":"https:\/\/www.uv.mx\/universo\/?p=14520"},"modified":"2016-05-09T14:57:22","modified_gmt":"2016-05-09T19:57:22","slug":"filu-2016-supero-los-32-mil-visitantes","status":"publish","type":"post","link":"https:\/\/www.uv.mx\/universo\/cultura\/filu-2016-supero-los-32-mil-visitantes\/","title":{"rendered":"FILU 2016 super\u00f3 los 32 mil visitantes"},"content":{"rendered":"<div class=\"seriesmeta noshow\">Contenido 32 de 43 del n\u00famero <a href=\"https:\/\/www.uv.mx\/universo\/numero\/637\/\" class=\"series-393\" title=\"637\">637<\/a><\/div>\r\n<div id=\"attachment_14525\" style=\"width: 732px\" class=\"wp-caption aligncenter\"><a href=\"https:\/\/www.uv.mx\/universo\/files\/2016\/05\/Universo-637-019.jpg\"><img aria-describedby=\"caption-attachment-14525\" decoding=\"async\" loading=\"lazy\" class=\"size-full wp-image-14525\" src=\"https:\/\/www.uv.mx\/universo\/files\/2016\/05\/Universo-637-019.jpg\" alt=\"La Orquesta de Salsa ameniz\u00f3 la clausura\" width=\"722\" height=\"482\" srcset=\"https:\/\/www.uv.mx\/universo\/files\/2016\/05\/Universo-637-019.jpg 722w, https:\/\/www.uv.mx\/universo\/files\/2016\/05\/Universo-637-019-300x200.jpg 300w\" sizes=\"(max-width: 722px) 100vw, 722px\" \/><\/a><p id=\"caption-attachment-14525\" class=\"wp-caption-text\">La Orquesta de Salsa ameniz\u00f3 la clausura<\/p><\/div>\n<div id=\"attachment_14524\" style=\"width: 732px\" class=\"wp-caption aligncenter\"><a href=\"https:\/\/www.uv.mx\/universo\/files\/2016\/05\/Universo-637-018.jpg\"><img aria-describedby=\"caption-attachment-14524\" decoding=\"async\" loading=\"lazy\" class=\"size-full wp-image-14524\" src=\"https:\/\/www.uv.mx\/universo\/files\/2016\/05\/Universo-637-018.jpg\" alt=\"\u00c9dgar Garc\u00eda, Leticia Rodr\u00edguez y Magali Velasco \" width=\"722\" height=\"482\" srcset=\"https:\/\/www.uv.mx\/universo\/files\/2016\/05\/Universo-637-018.jpg 722w, https:\/\/www.uv.mx\/universo\/files\/2016\/05\/Universo-637-018-300x200.jpg 300w\" sizes=\"(max-width: 722px) 100vw, 722px\" \/><\/a><p id=\"caption-attachment-14524\" class=\"wp-caption-text\">\u00c9dgar Garc\u00eda, Leticia Rodr\u00edguez y Magali Velasco<\/p><\/div>\n<p><em>La Feria se consolid\u00f3 como la m\u00e1s importante del sur sureste mexicano y una de los cinco mejores del pa\u00eds <\/em><\/p>\n<p><em>La derrama econ\u00f3mica fue de tres millones de pesos<\/em><\/p>\n<p><span style=\"font-size: 10pt\"><strong>Karina de la Paz reyes, Paola Cort\u00e9s y Claudia Peralta<\/strong><\/span><\/p>\n<p>La XXIII edici\u00f3n de la Feria Internacional del Libro Universitario (FILU) super\u00f3 el r\u00e9cord del a\u00f1o anterior, al registrar una afluencia de m\u00e1s de 32 mil visitantes y una derrama econ\u00f3mica de tres millones de pesos, resalt\u00f3 Leticia Rodr\u00edguez Audirac, secretaria Acad\u00e9mica de la Universidad Veracruzana (UV), al clausurar el evento que tuvo lugar del 22 de abril al 1 de mayo, en el Complejo Deportivo Omega.<\/p>\n<p>En representaci\u00f3n de la rectora Sara Ladr\u00f3n de Guevara, la funcionaria destac\u00f3 que este hecho consolida a la FILU como la feria m\u00e1s importante del<br \/>\nsureste mexicano y una de las cinco mejores a nivel nacional.<\/p>\n<p>\u201cEsto no hubiera sido posible sin el esfuerzo de los estudiantes, acad\u00e9micos, investigadores, escritores, promotores, divulgadores, y todos los involucrados en las innumerables actividades desarrolladas durante estos 10 d\u00edas.\u201d<\/p>\n<p>Subray\u00f3 que la FILU juega un papel importante en el modelo educativo y en la formaci\u00f3n integral de los estudiantes de la UV, porque es el foro id\u00f3neo para promover la lectura, fortalecer la difusi\u00f3n del libro, distribuir el conocimiento y fomentar la cultura.<\/p>\n<p>Rodr\u00edguez Audirac resalt\u00f3 la presentaci\u00f3n de m\u00e1s de 75 libros, 32 de los cuales fueron editados por la Universidad Veracruzana; la relizaci\u00f3n de 20 conferencias y mesas redondas; as\u00ed como diversas actividades culturales a las que acudi\u00f3 el p\u00fablico en general.<\/p>\n<p>Ante un nutrido p\u00fablico concentrado en el Foro \u201cSergio Galindo\u201d, Rodr\u00edguez Audirac celebr\u00f3 que la XXIII edici\u00f3n haya sido dedicada a Francia, por lo cual se cont\u00f3 con la colaboraci\u00f3n de la Alianza Francesa y la Embajada de Francia en M\u00e9xico.<\/p>\n<p>Los asistentes tuvieron la oportunidad de conocer a escritores e intelectuales y abordar temas relevantes en el contexto nacional e internacional, como la cultura y la paz.<\/p>\n<p>Asimismo, destac\u00f3 el importante papel del p\u00fablico infantil, \u201cpues son ellos los futuros lectores y escritores\u201d.<\/p>\n<p>En el cierre del foro que enmarc\u00f3 novedades editoriales, encuentros y espacios de reflexi\u00f3n, Magali Velasco Vargas, coordinadora general de la FILU 2016, reconoci\u00f3 la labor del equipo que hizo posible el desarrollo del evento, a lo cual tambi\u00e9n contribuyeron voluntarios<br \/>\nde diversas facultades de esta casa de estudios.<\/p>\n<p>Por su parte, Edgar Garc\u00eda Valencia, director de la Editorial UV, expres\u00f3 su agradecimiento a los editores y expositores que ofrecieron sus publicaciones.<\/p>\n<p>Record\u00f3 que en 2015, la Editorial de la UV obtuvo una derrama econ\u00f3mica de 100 mil pesos; cifra que se elev\u00f3 20 por ciento este a\u00f1o.<\/p>\n<p>Tras la participaci\u00f3n de las autoridades universitarias, la Orquesta de Salsa de la UV ofreci\u00f3 un concierto y puso a bailar al p\u00fablico reunido en el foro principal de la feria.<\/p>\n<p><strong>Puente entre la sociedad y los libros<\/strong><br \/>\nEsta fiesta de las letras es un puente entre la sociedad y los libros, coincidieron acad\u00e9micos, lectores y estudiantes universitarios.<\/p>\n<p>Irlanda Villegas, acad\u00e9mica de la UV, celebr\u00f3 que la edici\u00f3n 2016 haya tenido como pa\u00eds invitado a Francia, que se abordaran temas de traducci\u00f3n, y que hubiera un punto de venta de libros en franc\u00e9s a precios razonables.<\/p>\n<p>Otro aspecto que resalt\u00f3 fue la FILU Ni\u00f1os, en la que los infantes\u00a0 pudieron disfrutar y adquirir libros. \u201cFelicito a los organizadores. Hubo eventos muy interesantes todo el tiempo\u201d, dijo. Como sugerencia, cit\u00f3 la necesidad de un mejor sistema de ventilaci\u00f3n, pues \u201cel calor estuvo muy agotador\u201d.<\/p>\n<p>Manuel Z\u00e1rate expres\u00f3 que a\u00f1o con a\u00f1o asiste a la FILU, pues le parece muy interesante todo lo que aqu\u00ed se presenta, principalmente la<br \/>\ndiversidad de casas editoriales, libros y escritores. Salvo por el calor, dijo, \u201cla organizaci\u00f3n fue bastante buena\u201d.<\/p>\n<p><strong>M\u00e1s lectores<\/strong><br \/>\nA decir de algunos expositores, la FILU tiene ya un p\u00fablico que cada a\u00f1o espera esta fiesta editorial para comprar libros que no se encuentran con facilidad.<\/p>\n<p>\u201cEs una buena feria, la gente cada vez la ubica m\u00e1s, as\u00ed que el pr\u00f3ximo a\u00f1o asistiremos con seguridad\u201d, opin\u00f3 Gabriel P\u00e9rez, de editorial Colof\u00f3n-Anagrama.<br \/>\nGiovanni, de la editorial Paid\u00f3s, coment\u00f3 que \u201cfue una buena edici\u00f3n, aunque le falt\u00f3 m\u00e1s publicidad, pues esper\u00e1bamos m\u00e1s asistentes\u201d.<\/p>\n<p>Es importante se\u00f1alar que durante los 10 d\u00edas de actividades, se instalaron cerca de 100 stands, en los que expusieron alrededor de 80 editoriales y librer\u00edas.<\/p>\n<div id=\"attachment_14526\" style=\"width: 732px\" class=\"wp-caption aligncenter\"><a href=\"https:\/\/www.uv.mx\/universo\/files\/2016\/05\/Universo-637-020.jpg\"><img aria-describedby=\"caption-attachment-14526\" decoding=\"async\" loading=\"lazy\" class=\"size-full wp-image-14526\" src=\"https:\/\/www.uv.mx\/universo\/files\/2016\/05\/Universo-637-020.jpg\" alt=\"Participaron alrededor de 80 expositores\" width=\"722\" height=\"482\" srcset=\"https:\/\/www.uv.mx\/universo\/files\/2016\/05\/Universo-637-020.jpg 722w, https:\/\/www.uv.mx\/universo\/files\/2016\/05\/Universo-637-020-300x200.jpg 300w\" sizes=\"(max-width: 722px) 100vw, 722px\" \/><\/a><p id=\"caption-attachment-14526\" class=\"wp-caption-text\">Participaron alrededor de 80 expositores<\/p><\/div>\n<p><a href=\"https:\/\/www.uv.mx\/universo\/files\/2016\/05\/Universo-637-021.jpg\"><img decoding=\"async\" loading=\"lazy\" class=\"aligncenter size-full wp-image-14528\" src=\"https:\/\/www.uv.mx\/universo\/files\/2016\/05\/Universo-637-021.jpg\" alt=\"Universo-637-021\" width=\"722\" height=\"482\" srcset=\"https:\/\/www.uv.mx\/universo\/files\/2016\/05\/Universo-637-021.jpg 722w, https:\/\/www.uv.mx\/universo\/files\/2016\/05\/Universo-637-021-300x200.jpg 300w\" sizes=\"(max-width: 722px) 100vw, 722px\" \/><\/a><\/p>\n<div id=\"attachment_14530\" style=\"width: 732px\" class=\"wp-caption aligncenter\"><a href=\"https:\/\/www.uv.mx\/universo\/files\/2016\/05\/Universo-637-022.jpg\"><img aria-describedby=\"caption-attachment-14530\" decoding=\"async\" loading=\"lazy\" class=\"size-full wp-image-14530\" src=\"https:\/\/www.uv.mx\/universo\/files\/2016\/05\/Universo-637-022.jpg\" alt=\"El evento atrae a m\u00e1s lectores cada a\u00f1o\" width=\"722\" height=\"482\" srcset=\"https:\/\/www.uv.mx\/universo\/files\/2016\/05\/Universo-637-022.jpg 722w, https:\/\/www.uv.mx\/universo\/files\/2016\/05\/Universo-637-022-300x200.jpg 300w\" sizes=\"(max-width: 722px) 100vw, 722px\" \/><\/a><p id=\"caption-attachment-14530\" class=\"wp-caption-text\">El evento atrae a m\u00e1s lectores cada a\u00f1o<\/p><\/div>\n","protected":false},"excerpt":{"rendered":"<p>La XXIII edici\u00f3n de la Feria Internacional del Libro Universitario (FILU) super\u00f3 el r\u00e9cord del a\u00f1o anterior, al registrar una afluencia de m\u00e1s de 32 mil visitantes y una derrama econ\u00f3mica de tres millones de pesos, resalt\u00f3 Leticia Rodr\u00edguez Audirac, secretaria Acad\u00e9mica de la Universidad Veracruzana (UV), al clausurar el evento que tuvo lugar del 22 de abril al 1 de mayo, en el Complejo Deportivo Omega.<\/p>\n\r\n<div class=\"seriesmeta\">Contenido 32 de 43 del n\u00famero <a href=\"https:\/\/www.uv.mx\/universo\/numero\/637\/\" class=\"series-393\" title=\"637\">637<\/a><\/div>","protected":false},"author":1869,"featured_media":14526,"comment_status":"closed","ping_status":"closed","sticky":false,"template":"","format":"standard","meta":[],"categories":[5],"tags":[],"series":[393],"_links":{"self":[{"href":"https:\/\/www.uv.mx\/universo\/wp-json\/wp\/v2\/posts\/14520"}],"collection":[{"href":"https:\/\/www.uv.mx\/universo\/wp-json\/wp\/v2\/posts"}],"about":[{"href":"https:\/\/www.uv.mx\/universo\/wp-json\/wp\/v2\/types\/post"}],"author":[{"embeddable":true,"href":"https:\/\/www.uv.mx\/universo\/wp-json\/wp\/v2\/users\/1869"}],"replies":[{"embeddable":true,"href":"https:\/\/www.uv.mx\/universo\/wp-json\/wp\/v2\/comments?post=14520"}],"version-history":[{"count":0,"href":"https:\/\/www.uv.mx\/universo\/wp-json\/wp\/v2\/posts\/14520\/revisions"}],"wp:featuredmedia":[{"embeddable":true,"href":"https:\/\/www.uv.mx\/universo\/wp-json\/wp\/v2\/media\/14526"}],"wp:attachment":[{"href":"https:\/\/www.uv.mx\/universo\/wp-json\/wp\/v2\/media?parent=14520"}],"wp:term":[{"taxonomy":"category","embeddable":true,"href":"https:\/\/www.uv.mx\/universo\/wp-json\/wp\/v2\/categories?post=14520"},{"taxonomy":"post_tag","embeddable":true,"href":"https:\/\/www.uv.mx\/universo\/wp-json\/wp\/v2\/tags?post=14520"},{"taxonomy":"series","embeddable":true,"href":"https:\/\/www.uv.mx\/universo\/wp-json\/wp\/v2\/series?post=14520"}],"curies":[{"name":"wp","href":"https:\/\/api.w.org\/{rel}","templated":true}]}}