{"id":14769,"date":"2016-05-16T10:38:54","date_gmt":"2016-05-16T15:38:54","guid":{"rendered":"https:\/\/www.uv.mx\/universo\/?p=14769"},"modified":"2016-05-16T10:48:20","modified_gmt":"2016-05-16T15:48:20","slug":"egresados-obtuvieron-premio-al-desempeno-de-excelencia","status":"publish","type":"post","link":"https:\/\/www.uv.mx\/universo\/general\/egresados-obtuvieron-premio-al-desempeno-de-excelencia\/","title":{"rendered":"Egresados obtuvieron Premio al Desempe\u00f1o de Excelencia"},"content":{"rendered":"<div class=\"seriesmeta noshow\">Contenido 6 de 39 del n\u00famero <a href=\"https:\/\/www.uv.mx\/universo\/numero\/638\/\" class=\"series-394\" title=\"638\">638<\/a><\/div>\r\n<p><em>La Rectora entreg\u00f3 medallas conmemorativas a\u00a016 universitarios\u00a0que destacaron en\u00a0el Examen General\u00a0para el Egreso de\u00a0la Licenciatura<\/em><\/p>\n<div id=\"attachment_14710\" style=\"width: 732px\" class=\"wp-caption aligncenter\"><a href=\"https:\/\/www.uv.mx\/universo\/files\/2016\/05\/Universo-638-066.jpg\"><img aria-describedby=\"caption-attachment-14710\" decoding=\"async\" loading=\"lazy\" class=\"size-full wp-image-14710\" src=\"https:\/\/www.uv.mx\/universo\/files\/2016\/05\/Universo-638-066.jpg\" alt=\"Los j\u00f3venes estuvieron acompa\u00f1ados de sus familiares y autoridades universitarias\" width=\"722\" height=\"482\" srcset=\"https:\/\/www.uv.mx\/universo\/files\/2016\/05\/Universo-638-066.jpg 722w, https:\/\/www.uv.mx\/universo\/files\/2016\/05\/Universo-638-066-300x200.jpg 300w\" sizes=\"(max-width: 722px) 100vw, 722px\" \/><\/a><p id=\"caption-attachment-14710\" class=\"wp-caption-text\">Los j\u00f3venes estuvieron acompa\u00f1ados de sus familiares y autoridades universitarias<\/p><\/div>\n<p><strong><span style=\"font-size: 8pt\"><br \/>\nDavid Sandoval Rodr\u00edguez<\/span><\/strong><\/p>\n<p>La Universidad Veracruzana reconoci\u00f3 a 16 j\u00f3venes\u00a0egresados de sus diversas licenciaturas, con una medalla conmemorativa y un diploma, por haber obtenido el Premio Ceneval al Desempe\u00f1o de Excelencia en el Examen\u00a0General para el Egreso de la Licenciatura (EGEL).<\/p>\n<p>El 11 de mayo, en la Sala\u00a0de Juntas de la Rector\u00eda,\u00a0Sara Ladr\u00f3n de Guevara\u00a0encabez\u00f3 una ceremonia en la que estuvieron presentes los\u00a0j\u00f3venes y sus familiares, as\u00ed\u00a0como Leticia Rodr\u00edguez\u00a0Audirac, secretaria Acad\u00e9mica; H\u00e9ctor Coronel Brizio, director general de Administraci\u00f3n Escolar, y el coordinador de Asuntos Estudiantiles Juan Capetillo Hern\u00e1ndez.<\/p>\n<p>\u201cEstamos muy orgullosos de ustedes, la Universidad Veracruzana \u2013su alma m\u00e1ter\u2013 reconoce su esfuerzo, reconoce la reciprocidad para dar educaci\u00f3n superior p\u00fablica de calidad\u201d, dijo la Rectora a los egresados.<\/p>\n<p>Los galardonados, recalc\u00f3, representan \u201clas pruebas de que la Universidad Veracruzana es un espacio f\u00e9rtil, un espacio que propicia una formaci\u00f3n de calidad, y es gracias a la instituci\u00f3n que \u2013frente a todos<br \/>\nlos embates\u2013 sigue empe\u00f1ada\u00a0en dar educaci\u00f3n de calidad\u00a0a nuestros j\u00f3venes; gracias a\u00a0las familias por brindarles\u00a0su apoyo\u201d.<\/p>\n<p>Asimismo, reconoci\u00f3 la calidad y profesionalismo del Centro Nacional de Evaluaci\u00f3n para la Educaci\u00f3n Superior, A.C. (Ceneval), en la aplicaci\u00f3n del examen de ingreso en la m\u00e1xima casa de estudios de Veracruz.<\/p>\n<p>Igualmente, Sara Ladr\u00f3n de Guevara enfatiz\u00f3 qu\u00e9 sucede con las aplicaciones de ex\u00e1menes de egreso del Ceneval, porque al ser un instrumento externo no admite subjetividad alguna y se aplica a millones en todo el pa\u00eds.<\/p>\n<div id=\"attachment_14711\" style=\"width: 732px\" class=\"wp-caption aligncenter\"><a href=\"https:\/\/www.uv.mx\/universo\/files\/2016\/05\/Universo-638-067.jpg\"><img aria-describedby=\"caption-attachment-14711\" decoding=\"async\" loading=\"lazy\" class=\"size-full wp-image-14711\" src=\"https:\/\/www.uv.mx\/universo\/files\/2016\/05\/Universo-638-067.jpg\" alt=\"&quot;La Universidad Veracruzana \u2013su alma m\u00e1ter\u2013 reconoce su esfuerzo, reconoce la reciprocidad para dar educaci\u00f3n superior p\u00fablica de calidad\u201d: Sara Ladr\u00f3n de Guevara\" width=\"722\" height=\"482\" srcset=\"https:\/\/www.uv.mx\/universo\/files\/2016\/05\/Universo-638-067.jpg 722w, https:\/\/www.uv.mx\/universo\/files\/2016\/05\/Universo-638-067-300x200.jpg 300w\" sizes=\"(max-width: 722px) 100vw, 722px\" \/><\/a><p id=\"caption-attachment-14711\" class=\"wp-caption-text\">\u00abLa Universidad Veracruzana \u2013su alma m\u00e1ter\u2013 reconoce su esfuerzo, reconoce la reciprocidad para dar educaci\u00f3n superior p\u00fablica de calidad\u201d: Sara Ladr\u00f3n de Guevara<\/p><\/div>\n<p>&nbsp;<\/p>\n<p>\u201cCuando presentaron el Examen General para el Egreso de la Licenciatura no compitieron entre alumnos de la Veracruzana, se midieron con sus pares a nivel nacional, egresados de distintas formaciones profesionales en las que decidieron hacer una carrera\u201d, agreg\u00f3 la Rectora.<\/p>\n<p>A nombre de los galardonados, Yenny Ivette Murrieta Hern\u00e1ndez, egresada de la Licenciatura en Administraci\u00f3n de Negocios Internacionales, expres\u00f3 un mensaje de agradecimiento a su familia y a sus profesores.<\/p>\n<p>\u201cEs un orgullo enorme poder estar aqu\u00ed. No tengo palabras\u00a0para expresar mi felicidad. Es\u00a0un logro por el que trabaj\u00e9 durante los cuatro a\u00f1os de la carrera y\u00a0hoy lo veo plasmado en esta medalla y en este reconocimiento. Es un honor estar con ustedes y\u00a0que nos dediquen esta ceremonia, en lo personal es muy significativa\u201d, manifest\u00f3 la premiada.<\/p>\n<p>Juan Capetillo puntualiz\u00f3 que en el ciclo Julio-Diciembre 2014 seis egresados recibieron el premio de Ceneval, y para el ciclo Enero-Junio 2015 lo obtuvieron 12.<\/p>\n<p>Destac\u00f3 adem\u00e1s el esfuerzo institucional que, a trav\u00e9s del Fondo de Apoyo a la Educaci\u00f3n Superior, la Universidad ha realizado para que mil 950 alumnos presenten el EGEL a un costo de 320 pesos, pues el precio establecido es de mil 807.<\/p>\n<p>En la ceremonia estuvieron presentes las directoras generales de las \u00e1reas acad\u00e9micas Econ\u00f3mico-Administrativa, Liliana Betancourt, y de Ciencias de la Salud, Concepci\u00f3n S\u00e1nchez; el director general de Comunicaci\u00f3n Universitaria, Raciel Mart\u00ednez; Alberto Navarrete Mungu\u00eda,\u00a0director de la Facultad de Medicina; Sandra Luz Gonz\u00e1lez Herrera, directora de la Facultad de Bioan\u00e1lisis; Martha Patricia Dom\u00ednguez Chenge, directora de la Facultad de Ciencias Administrativas y Sociales, y Gabriela Calles Barradas, secretaria t\u00e9cnica del Sistema de\u00a0Ense\u00f1anza Abierta.<\/p>\n<div id=\"attachment_14712\" style=\"width: 732px\" class=\"wp-caption aligncenter\"><a href=\"https:\/\/www.uv.mx\/universo\/files\/2016\/05\/Universo-638-068.jpg\"><img aria-describedby=\"caption-attachment-14712\" decoding=\"async\" loading=\"lazy\" class=\"size-full wp-image-14712\" src=\"https:\/\/www.uv.mx\/universo\/files\/2016\/05\/Universo-638-068.jpg\" alt=\"Yenny Ivette Murrieta Hern\u00e1ndez habl\u00f3 a nombre de los galardonados\" width=\"722\" height=\"482\" srcset=\"https:\/\/www.uv.mx\/universo\/files\/2016\/05\/Universo-638-068.jpg 722w, https:\/\/www.uv.mx\/universo\/files\/2016\/05\/Universo-638-068-300x200.jpg 300w\" sizes=\"(max-width: 722px) 100vw, 722px\" \/><\/a><p id=\"caption-attachment-14712\" class=\"wp-caption-text\">Yenny Ivette Murrieta Hern\u00e1ndez habl\u00f3 a nombre de los galardonados<\/p><\/div>\n","protected":false},"excerpt":{"rendered":"<p>La Universidad Veracruzana reconoci\u00f3 a 16 j\u00f3venes egresados de sus diversas licenciaturas, con una medalla conmemorativa y un diploma, por haber obtenido el Premio Ceneval al Desempe\u00f1o de Excelencia en el Examen General para el Egreso de la Licenciatura (EGEL).<\/p>\n\r\n<div class=\"seriesmeta\">Contenido 6 de 39 del n\u00famero <a href=\"https:\/\/www.uv.mx\/universo\/numero\/638\/\" class=\"series-394\" title=\"638\">638<\/a><\/div>","protected":false},"author":1775,"featured_media":14710,"comment_status":"closed","ping_status":"closed","sticky":false,"template":"","format":"standard","meta":[],"categories":[1],"tags":[],"series":[394],"_links":{"self":[{"href":"https:\/\/www.uv.mx\/universo\/wp-json\/wp\/v2\/posts\/14769"}],"collection":[{"href":"https:\/\/www.uv.mx\/universo\/wp-json\/wp\/v2\/posts"}],"about":[{"href":"https:\/\/www.uv.mx\/universo\/wp-json\/wp\/v2\/types\/post"}],"author":[{"embeddable":true,"href":"https:\/\/www.uv.mx\/universo\/wp-json\/wp\/v2\/users\/1775"}],"replies":[{"embeddable":true,"href":"https:\/\/www.uv.mx\/universo\/wp-json\/wp\/v2\/comments?post=14769"}],"version-history":[{"count":0,"href":"https:\/\/www.uv.mx\/universo\/wp-json\/wp\/v2\/posts\/14769\/revisions"}],"wp:featuredmedia":[{"embeddable":true,"href":"https:\/\/www.uv.mx\/universo\/wp-json\/wp\/v2\/media\/14710"}],"wp:attachment":[{"href":"https:\/\/www.uv.mx\/universo\/wp-json\/wp\/v2\/media?parent=14769"}],"wp:term":[{"taxonomy":"category","embeddable":true,"href":"https:\/\/www.uv.mx\/universo\/wp-json\/wp\/v2\/categories?post=14769"},{"taxonomy":"post_tag","embeddable":true,"href":"https:\/\/www.uv.mx\/universo\/wp-json\/wp\/v2\/tags?post=14769"},{"taxonomy":"series","embeddable":true,"href":"https:\/\/www.uv.mx\/universo\/wp-json\/wp\/v2\/series?post=14769"}],"curies":[{"name":"wp","href":"https:\/\/api.w.org\/{rel}","templated":true}]}}