{"id":15399,"date":"2016-06-06T08:59:31","date_gmt":"2016-06-06T13:59:31","guid":{"rendered":"https:\/\/www.uv.mx\/universo\/?p=15399"},"modified":"2016-06-06T10:04:46","modified_gmt":"2016-06-06T15:04:46","slug":"la-musica-despierta-conciencias","status":"publish","type":"post","link":"https:\/\/www.uv.mx\/universo\/cultura\/la-musica-despierta-conciencias\/","title":{"rendered":"La m\u00fasica despierta conciencias"},"content":{"rendered":"<div class=\"seriesmeta noshow\">Contenido 29 de 45 del n\u00famero <a href=\"https:\/\/www.uv.mx\/universo\/numero\/641\/\" class=\"series-397\" title=\"641\">641<\/a><\/div>\r\n<div id=\"attachment_15256\" style=\"width: 732px\" class=\"wp-caption aligncenter\"><a href=\"https:\/\/www.uv.mx\/universo\/files\/2016\/06\/Universo-641-018.jpg\"><img aria-describedby=\"caption-attachment-15256\" decoding=\"async\" loading=\"lazy\" class=\"size-full wp-image-15256\" src=\"https:\/\/www.uv.mx\/universo\/files\/2016\/06\/Universo-641-018.jpg\" alt=\"Karla Jim\u00e9nez Garc\u00eda\" width=\"722\" height=\"482\" srcset=\"https:\/\/www.uv.mx\/universo\/files\/2016\/06\/Universo-641-018.jpg 722w, https:\/\/www.uv.mx\/universo\/files\/2016\/06\/Universo-641-018-300x200.jpg 300w\" sizes=\"(max-width: 722px) 100vw, 722px\" \/><\/a><p id=\"caption-attachment-15256\" class=\"wp-caption-text\">Karla Jim\u00e9nez Garc\u00eda<\/p><\/div>\n<div id=\"attachment_15257\" style=\"width: 732px\" class=\"wp-caption aligncenter\"><a href=\"https:\/\/www.uv.mx\/universo\/files\/2016\/06\/Universo-641-019.jpg\"><img aria-describedby=\"caption-attachment-15257\" decoding=\"async\" loading=\"lazy\" class=\"size-full wp-image-15257\" src=\"https:\/\/www.uv.mx\/universo\/files\/2016\/06\/Universo-641-019.jpg\" alt=\"Rafael Jim\u00e9nez Rojas\" width=\"722\" height=\"482\" srcset=\"https:\/\/www.uv.mx\/universo\/files\/2016\/06\/Universo-641-019.jpg 722w, https:\/\/www.uv.mx\/universo\/files\/2016\/06\/Universo-641-019-300x200.jpg 300w\" sizes=\"(max-width: 722px) 100vw, 722px\" \/><\/a><p id=\"caption-attachment-15257\" class=\"wp-caption-text\">Rafael Jim\u00e9nez Rojas<\/p><\/div>\n<p>&nbsp;<\/p>\n<p><strong>Carlos Hugo Hermida Rosales<\/strong><\/p>\n<p>Karla Jim\u00e9nez Garc\u00eda y Rafael Jim\u00e9nez Rojas, m\u00fasicos adscritos a la Direcci\u00f3n General de Difusi\u00f3n Cultural, coincidieron que la m\u00fasica despierta conciencias ya que tiene gran poder de sensibilizaci\u00f3n y hace vibrar a las personas menos esperadas.<\/p>\n<p>Los artistas que conforman el d\u00fao musical Guitarra y Violonchelo \u201cKarla y Rafael Jim\u00e9nez\u201d, aseguraron que si bien dedicarse a la m\u00fasica en ocasiones es complicado y requiere mucho esfuerzo, las satisfacciones obtenidas valen el trabajo realizado.<\/p>\n<p>Rafael Jim\u00e9nez es director del Ensamble Cl\u00e1sico de Guitarra, grupo de guitarristas profesionales que interpreta desde m\u00fasica barroca hasta contempor\u00e1nea, incluidos g\u00e9neros poco comunes en este instrumento como la m\u00fasica cl\u00e1sica.<\/p>\n<p>El guitarrista comparti\u00f3 que inici\u00f3 su preparaci\u00f3n musical a los ocho a\u00f1os, edad a la cual su mam\u00e1 pidi\u00f3 al conocido maestro Alfonso Moreno que le diera clases.<br \/>\n\u201cSer alumno del profesor Moreno requiri\u00f3 mucho esfuerzo de mi parte, en ocasiones me dejaba combinaciones musicales para que las repitiera 30 veces al d\u00eda, sin embargo nunca se me hizo cansado.\u201d<\/p>\n<p>El m\u00fasico manifest\u00f3 que el principal reto dentro de su formaci\u00f3n musical siempre fue estar preparado para competir, lo cual es algo muy com\u00fan dentro de ese ambiente.<br \/>\n\u201cA lo largo de los a\u00f1os compites en \u00e1mbitos m\u00e1s amplios como concursos nacionales o internacionales, y aunque desde chico debes aprender a lidiar con la presi\u00f3n, el reto principal es contigo mismo y descubrir que est\u00e1s en el camino adecuado\u201d, coment\u00f3 el int\u00e9rprete.<\/p>\n<p>En su opini\u00f3n, todo el trabajo y preparaci\u00f3n valen la pena por la satisfacci\u00f3n obtenida cada vez que termina un concierto, momento durante el cual s\u00f3lo piensa cu\u00e1ndo ser\u00e1 su siguiente presentaci\u00f3n.<\/p>\n<p>Rafael Jim\u00e9nez mencion\u00f3 sentirse agradecido por los 37 a\u00f1os de laborar en la Universidad, ya que gracias a ello ha podido basar su carrera art\u00edstica en uno de los principales objetivos universitarios: distribuir el conocimiento y la cultura a toda la poblaci\u00f3n, sin importar el nivel socioecon\u00f3mico.<\/p>\n<p>El m\u00fasico relat\u00f3 que aunque a veces es complicado entrar en el gusto de la poblaci\u00f3n, ya que est\u00e1 bombardeada por los medios de comunicaci\u00f3n con m\u00fasica comercial, el Ensamble Cl\u00e1sico de Guitarra est\u00e1 preparado para ello y siempre dan su mejor esfuerzo en cada actuaci\u00f3n, ya sea que se presenten en un gran foro o en la parroquia de una peque\u00f1a comunidad.<\/p>\n<p>\u201cSer m\u00fasico es mi vida, me ha permitido conocer una gran cantidad de personas, lo cual es maravilloso. Observar que tus interpretaciones producen euforia y emoci\u00f3n en el espectador, es una sensaci\u00f3n bell\u00edsima\u201d, a\u00f1adi\u00f3 el artista.<\/p>\n<p>Por su parte, Karla Jim\u00e9nez inici\u00f3 su preparaci\u00f3n a los ocho a\u00f1os en el Centro de Iniciaci\u00f3n Musical Infantil, el cual estaba a cargo de Fabi\u00e1n Hern\u00e1ndez; aunque al principio ten\u00eda inter\u00e9s por tocar la guitarra, finalmente se inclin\u00f3 por el violonchelo, ya que le pareci\u00f3 un instrumento muy bello e imagin\u00f3 \u201cque sonar\u00eda hermoso\u201d.<\/p>\n<p>La artista asegur\u00f3 que fue muy dif\u00edcil comenzar ya que requiri\u00f3 de mucho esfuerzo, pero durante esta etapa su familia fue un gran apoyo pues siempre la motivaron a que continuara sus clases de m\u00fasica.<\/p>\n<p>La int\u00e9rprete de violonchelo comparti\u00f3 que la m\u00fasica le ha dado grandes satisfacciones, entre ellas conocer lugares y personas que le ayudan a realizarse profesionalmente. Agreg\u00f3 que aunque en M\u00e9xico el panorama para los m\u00fasicos es muy complicado debido a que muchas veces se necesita de contactos para lograr alg\u00fan puesto o cargo, ella se brinda al m\u00e1ximo en cada presentaci\u00f3n.<\/p>\n<p>Karla Jim\u00e9nez enfatiz\u00f3 que ser m\u00fasico y pertenecer a la Universidad es un honor que conlleva un gran compromiso, por lo cual se prepara constantemente para mantener su ritmo de trabajo y transmitir confianza al p\u00fablico que asiste a sus conciertos y recitales.<\/p>\n<p>\u201cQuienes nos dedicamos a la m\u00fasica somos muy sensibles; en lo personal, interpretarla me da sensaciones que no puedo describir. La clave para ser un buen m\u00fasico es comprometerte con tus sentimientos para transmitirlos al espectador\u201d, concluy\u00f3 la artista.<\/p>\n","protected":false},"excerpt":{"rendered":"<p>Karla Jim\u00e9nez Garc\u00eda y Rafael Jim\u00e9nez Rojas, m\u00fasicos adscritos a la Direcci\u00f3n General de Difusi\u00f3n Cultural, coincidieron que la m\u00fasica despierta conciencias ya que tiene gran poder de sensibilizaci\u00f3n y hace vibrar a las personas menos esperadas.<\/p>\n\r\n<div class=\"seriesmeta\">Contenido 29 de 45 del n\u00famero <a href=\"https:\/\/www.uv.mx\/universo\/numero\/641\/\" class=\"series-397\" title=\"641\">641<\/a><\/div>","protected":false},"author":1869,"featured_media":15256,"comment_status":"closed","ping_status":"closed","sticky":false,"template":"","format":"standard","meta":[],"categories":[5],"tags":[],"series":[397],"_links":{"self":[{"href":"https:\/\/www.uv.mx\/universo\/wp-json\/wp\/v2\/posts\/15399"}],"collection":[{"href":"https:\/\/www.uv.mx\/universo\/wp-json\/wp\/v2\/posts"}],"about":[{"href":"https:\/\/www.uv.mx\/universo\/wp-json\/wp\/v2\/types\/post"}],"author":[{"embeddable":true,"href":"https:\/\/www.uv.mx\/universo\/wp-json\/wp\/v2\/users\/1869"}],"replies":[{"embeddable":true,"href":"https:\/\/www.uv.mx\/universo\/wp-json\/wp\/v2\/comments?post=15399"}],"version-history":[{"count":0,"href":"https:\/\/www.uv.mx\/universo\/wp-json\/wp\/v2\/posts\/15399\/revisions"}],"wp:featuredmedia":[{"embeddable":true,"href":"https:\/\/www.uv.mx\/universo\/wp-json\/wp\/v2\/media\/15256"}],"wp:attachment":[{"href":"https:\/\/www.uv.mx\/universo\/wp-json\/wp\/v2\/media?parent=15399"}],"wp:term":[{"taxonomy":"category","embeddable":true,"href":"https:\/\/www.uv.mx\/universo\/wp-json\/wp\/v2\/categories?post=15399"},{"taxonomy":"post_tag","embeddable":true,"href":"https:\/\/www.uv.mx\/universo\/wp-json\/wp\/v2\/tags?post=15399"},{"taxonomy":"series","embeddable":true,"href":"https:\/\/www.uv.mx\/universo\/wp-json\/wp\/v2\/series?post=15399"}],"curies":[{"name":"wp","href":"https:\/\/api.w.org\/{rel}","templated":true}]}}