{"id":16960,"date":"2016-09-05T08:59:44","date_gmt":"2016-09-05T13:59:44","guid":{"rendered":"https:\/\/www.uv.mx\/universo\/?p=16960"},"modified":"2016-09-05T11:42:37","modified_gmt":"2016-09-05T16:42:37","slug":"prioritario-reorganizar-las-finanzas-en-veracruz","status":"publish","type":"post","link":"https:\/\/www.uv.mx\/universo\/regiones\/prioritario-reorganizar-las-finanzas-en-veracruz\/","title":{"rendered":"Prioritario reorganizar las finanzas en Veracruz"},"content":{"rendered":"<div class=\"pps-series-post-details pps-series-post-details-variant-classic pps-series-post-details-25529\" data-series-id=\"406\"><div class=\"pps-series-meta-content\"><div class=\"pps-series-meta-text\">Esta entrada es parte 16 de 47 en la serie <a href=\"https:\/\/www.uv.mx\/universo\/numero\/650\/\">650<\/a><\/div><\/div><\/div><div id=\"attachment_16817\" style=\"width: 732px\" class=\"wp-caption aligncenter\"><a href=\"https:\/\/www.uv.mx\/universo\/files\/2016\/09\/Universo-650-030.jpg\"><img loading=\"lazy\" decoding=\"async\" aria-describedby=\"caption-attachment-16817\" class=\"size-full wp-image-16817\" src=\"https:\/\/www.uv.mx\/universo\/files\/2016\/09\/Universo-650-030.jpg\" alt=\"Las mesas fueron moderadas por acad\u00e9micos\" width=\"722\" height=\"481\" srcset=\"https:\/\/www.uv.mx\/universo\/files\/2016\/09\/Universo-650-030.jpg 722w, https:\/\/www.uv.mx\/universo\/files\/2016\/09\/Universo-650-030-300x200.jpg 300w\" sizes=\"auto, (max-width: 722px) 100vw, 722px\" \/><\/a><p id=\"caption-attachment-16817\" class=\"wp-caption-text\">Las mesas fueron moderadas por acad\u00e9micos<\/p><\/div>\n<p>&nbsp;<\/p>\n<p><strong>Veracruz \u2022 Boca del R\u00edo<\/strong><\/p>\n<p><span style=\"font-size: 10pt\"><strong>Carlos Hermida y Alma Mart\u00ednez<\/strong><\/span><\/p>\n<p>En la segunda sesi\u00f3n de los Foros de Consulta Ciudadana para el Plan Veracruzano de Desarrollo (PVD) 2016-2018 se generaron propuestas, acciones concretas y estrategias para impulsar un gobierno nuevo para los veracruzanos.<\/p>\n<p>Los ponentes definieron este foro como \u201cun espacio plural donde las voces son escuchadas\u201d, asimismo manifestaron su inter\u00e9s en que \u00e9stas realmente sean tomadas en cuenta y ejecutadas.<\/p>\n<p>Alfonso P\u00e9rez Morales, vicerrector de la regi\u00f3n Veracruz, destac\u00f3 la trascendencia de las propuestas, en un \u00e1mbito que busca salvaguardar la seguridad de la poblaci\u00f3n en diversos sentidos.<\/p>\n<p>Las mesas de trabajo fueron dirigidas por la directora de la Facultad de Contadur\u00eda, Mar\u00eda Eugenia Sent\u00edes Santos, junto con su equipo de acad\u00e9micos expertos; el director de la Facultad de Ciencias de la Comunicaci\u00f3n, Marco Agust\u00edn Malpica Rivera; la acad\u00e9mica Magaly Corona Garc\u00eda y otros maestros especialistas en el \u00e1rea, as\u00ed como investigadores del Centro de Investigaci\u00f3n en Micro y Nanotecnolog\u00eda (Microna) junto con su coordinador Enrique Morales Gonz\u00e1lez.<\/p>\n<p><strong>Reorganizar finanzas p\u00fablicas<\/strong><br \/>\nMarco Antonio N\u00fa\u00f1ez, diputado electo por el Partido Acci\u00f3n Nacional, manifest\u00f3 su inter\u00e9s por establecer mecanismos para una fiscalizaci\u00f3n efectiva en el estado, mediante una desconcentraci\u00f3n de las retenciones de los empleados municipales y de las cuentas bancarias de los ayuntamientos. Indic\u00f3 que la Secretar\u00eda de Finanzas y Planeaci\u00f3n (Sefiplan) debe dejar de tener el control absoluto del dinero de los municipios.<\/p>\n<p>Abel Cuevas Melo propuso una reingenier\u00eda de gobierno a trav\u00e9s de la erradicaci\u00f3n de los niveles de subdirecci\u00f3n de \u00e1reas. Asimismo, Alejandro Salas<br \/>\nexpuso los beneficios que tendr\u00edan los municipios si tuvieran una cartograf\u00eda actualizada que muestre las zonas de desarrollo que favorezcan la generaci\u00f3n de empleos y la planeaci\u00f3n urbana, as\u00ed como el establecimiento de industrias.<\/p>\n<p><strong>Regenerar competitividad gubernamental<\/strong><br \/>\nLas propuestas de este factor se dirigieron en dos vertientes: hacia la situaci\u00f3n por la cual atraviesa el Instituto de Pensiones del Estado (IPE) y la reactivaci\u00f3n<br \/>\ndel deporte.<\/p>\n<p>Filiberto Medina inst\u00f3 al gobierno actual a pagar la deuda que mantiene con el IPE y reintegrar la reserva t\u00e9cnica; al gobierno entrante lo exhort\u00f3 a sancionar a los culpables del desfalco financiero y vigilar la transparencia en la rendici\u00f3n de cuentas.<\/p>\n<p><strong>Redefinir comunicaci\u00f3n social y propaganda<\/strong><br \/>\nLa moderaci\u00f3n de este tema estuvo a cargo de Marco Agust\u00edn Malpica y Magaly Corona, mientras que la relator\u00eda fue realizada por Antonio Mar\u00edn Card\u00edn y Alicia Elena Urbina Gonz\u00e1lez.<\/p>\n<p>Oscar Francisco Calahorra Fuentes present\u00f3 el proyecto de un sistema veracruzano de radio cultural, que rescat el talento de m\u00fasicos locales y las tradiciones del estado; asimismo, que est\u00e9 relacionado con radiodifusoras culturales de todo el pa\u00eds.<\/p>\n<p><strong>Protecci\u00f3n civil y urbana<\/strong><br \/>\nLos trabajos fueron abiertos por Isidro Cano Luna, quien resalt\u00f3 la importancia de la prevenci\u00f3n en materia de protecci\u00f3n civil, ante eventos inesperados como las cat\u00e1strofes naturales.<\/p>\n<p>La moderaci\u00f3n corri\u00f3 a cargo de Agust\u00edn Herrera May y Jaime Mart\u00ednez Castillo, mientras que en la relator\u00eda acompa\u00f1\u00f3 a Isidro Cano, Margarita D\u00edaz Olaldez.<br \/>\nCarlos Cer\u00f3n \u00c1lvarez present\u00f3 una aplicaci\u00f3n multiplataforma para protecci\u00f3n civil estatal, la cual brindar\u00e1 a la poblaci\u00f3n informaci\u00f3n relacionada con la protecci\u00f3n civil del estado y estar\u00e1 integrada al sector salud para notificar las regiones dentro de la entidad que presenten epidemias o pandemias.<\/p>\n","protected":false},"excerpt":{"rendered":"<div class=\"pps-series-post-details pps-series-post-details-variant-classic pps-series-post-details-25529 pps-series-meta-excerpt\" data-series-id=\"406\"><div class=\"pps-series-meta-content\"><div class=\"pps-series-meta-text\">Esta entrada es parte 16 de 47 en la serie <a href=\"https:\/\/www.uv.mx\/universo\/numero\/650\/\">650<\/a><\/div><\/div><\/div><p>En la segunda sesi\u00f3n de los Foros de Consulta Ciudadana para el Plan Veracruzano de Desarrollo (PVD) 2016-2018 se generaron propuestas, acciones concretas y estrategias para impulsar un gobierno nuevo para los veracruzanos.<\/p>\n","protected":false},"author":1869,"featured_media":16817,"comment_status":"closed","ping_status":"closed","sticky":false,"template":"","format":"standard","meta":{"footnotes":""},"categories":[360],"tags":[],"series":[406],"class_list":["post-16960","post","type-post","status-publish","format-standard","has-post-thumbnail","hentry","category-regiones","series-406"],"_links":{"self":[{"href":"https:\/\/www.uv.mx\/universo\/wp-json\/wp\/v2\/posts\/16960","targetHints":{"allow":["GET"]}}],"collection":[{"href":"https:\/\/www.uv.mx\/universo\/wp-json\/wp\/v2\/posts"}],"about":[{"href":"https:\/\/www.uv.mx\/universo\/wp-json\/wp\/v2\/types\/post"}],"author":[{"embeddable":true,"href":"https:\/\/www.uv.mx\/universo\/wp-json\/wp\/v2\/users\/1869"}],"replies":[{"embeddable":true,"href":"https:\/\/www.uv.mx\/universo\/wp-json\/wp\/v2\/comments?post=16960"}],"version-history":[{"count":0,"href":"https:\/\/www.uv.mx\/universo\/wp-json\/wp\/v2\/posts\/16960\/revisions"}],"wp:featuredmedia":[{"embeddable":true,"href":"https:\/\/www.uv.mx\/universo\/wp-json\/wp\/v2\/media\/16817"}],"wp:attachment":[{"href":"https:\/\/www.uv.mx\/universo\/wp-json\/wp\/v2\/media?parent=16960"}],"wp:term":[{"taxonomy":"category","embeddable":true,"href":"https:\/\/www.uv.mx\/universo\/wp-json\/wp\/v2\/categories?post=16960"},{"taxonomy":"post_tag","embeddable":true,"href":"https:\/\/www.uv.mx\/universo\/wp-json\/wp\/v2\/tags?post=16960"},{"taxonomy":"series","embeddable":true,"href":"https:\/\/www.uv.mx\/universo\/wp-json\/wp\/v2\/series?post=16960"}],"curies":[{"name":"wp","href":"https:\/\/api.w.org\/{rel}","templated":true}]}}