{"id":17439,"date":"2016-09-26T08:59:53","date_gmt":"2016-09-26T13:59:53","guid":{"rendered":"https:\/\/www.uv.mx\/universo\/?p=17439"},"modified":"2016-09-26T11:28:18","modified_gmt":"2016-09-26T16:28:18","slug":"uv-fuerte-aliada-de-asociacion-chelonia","status":"publish","type":"post","link":"https:\/\/www.uv.mx\/universo\/general\/uv-fuerte-aliada-de-asociacion-chelonia\/","title":{"rendered":"UV, fuerte aliada de Asociaci\u00f3n Chelonia"},"content":{"rendered":"<div class=\"seriesmeta noshow\">Contenido 7 de 41 del n\u00famero <a href=\"https:\/\/www.uv.mx\/universo\/numero\/653\/\" class=\"series-409\" title=\"653\">653<\/a><\/div>\r\n<div id=\"attachment_17393\" style=\"width: 732px\" class=\"wp-caption aligncenter\"><a href=\"https:\/\/www.uv.mx\/universo\/universo-653-061\/\"><img aria-describedby=\"caption-attachment-17393\" decoding=\"async\" loading=\"lazy\" class=\"size-full wp-image-17393\" src=\"https:\/\/www.uv.mx\/universo\/files\/2016\/09\/UNiverso-653-061.jpg\" alt=\"Miguel C\u00e1rdenas, Celia Acosta, Clementina Barrera Pascual Linares y Manuel Merch\u00e1n \" width=\"722\" height=\"481\" srcset=\"https:\/\/www.uv.mx\/universo\/files\/2016\/09\/UNiverso-653-061.jpg 722w, https:\/\/www.uv.mx\/universo\/files\/2016\/09\/UNiverso-653-061-300x200.jpg 300w\" sizes=\"(max-width: 722px) 100vw, 722px\" \/><\/a><p id=\"caption-attachment-17393\" class=\"wp-caption-text\">Miguel C\u00e1rdenas, Celia Acosta, Clementina Barrera Pascual Linares y Manuel Merch\u00e1n<\/p><\/div>\n<p>&nbsp;<\/p>\n<p><em>En junio de 2015 ambas instituciones firmaron un convenio para ejecutar proyectos de investigaci\u00f3n acad\u00e9mica y conservaci\u00f3n de recursos naturales<\/em><\/p>\n<p><span style=\"font-size: 8pt\"><strong>Carlos Hugo Hermida Rosales<\/strong><\/span><\/p>\n<p>Manuel Merch\u00e1n Fornelino, presidente de la Asociaci\u00f3n Chelonia, afirm\u00f3 que la Universidad Veracruzana (UV) es<br \/>\nfuerte aliada de \u00e9sta para el\u00a0desarrollo de proyectos enfocados a la conservaci\u00f3n del medio ambiente en M\u00e9xico, y que la fuerte actividad de sus estudiantes brinda la pauta para la creaci\u00f3n de nuevos proyectos en conjunto.<\/p>\n<p>La Asociaci\u00f3n Chelonia, organizaci\u00f3n sin fines de lucro con sede en Madrid, Espa\u00f1a, y con delegaciones en varios pa\u00edses de Europa, \u00c1frica y Am\u00e9rica, tiene como objetivo la conservaci\u00f3n e investigaci\u00f3n de recursos naturales marinos y continentales.<\/p>\n<p>En junio de 2015, la UV firm\u00f3 un convenio con esta asociaci\u00f3n para la ejecuci\u00f3n de proyectos con objetivos comunes enfocados en las partes de investigaci\u00f3n, acad\u00e9mica y conservaci\u00f3n de recursos naturales.<\/p>\n<p>Manuel Merch\u00e1n coment\u00f3 que a partir de este convenio, M\u00e9xico se ha convertido en una prioridad para la Asociaci\u00f3n Chelonia dentro del campo de la formaci\u00f3n acad\u00e9mica y desarrollo de proyectos.<\/p>\n<p>Mencion\u00f3 que entre los trabajos realizados en conjunto con la UV se encuentra la publicaci\u00f3n del libro digital Din\u00e1mica poblacional y manejo de tortugas marinas (Chelonia mydas y Lepidochelys kempii) en Santander, Veracruz, M\u00e9xico, que parte de la tesis de Edgar Bautista Apan, egresado de la Licenciatura en Biolog\u00eda.<\/p>\n<p>Tambi\u00e9n ejecutan el proyecto \u201cDistribuci\u00f3n, abundancia y estado de conservaci\u00f3n del coral cuerno de alce en el arrecife de la Laja\u201d, estudio que llevan a cabo en la localidad de Chachalacas, municipio de \u00darsulo Galv\u00e1n.<\/p>\n<p>La actividad m\u00e1s reciente consisti\u00f3 en la participaci\u00f3n de Manuel Merch\u00e1n y Miguel Andr\u00e9s C\u00e1rdenas, director general de Asociaci\u00f3n Chelonia en Colombia, en el Simposio Internacional de Investigaciones Biol\u00f3gicas, realizado por la Red de Investigaci\u00f3n en Ciencias Biol\u00f3gicas de la UV.<\/p>\n<p>En este evento, Merch\u00e1n Fornelino brind\u00f3 una introducci\u00f3n sobre los objetivos de la asociaci\u00f3n que dirige, as\u00ed como de los proyectos que realiza en diversas partes del mundo.<\/p>\n<p>Por su parte, Andr\u00e9s C\u00e1rdenas expuso un estudio de caso aplicado a bosques tropicales, realizado en la regi\u00f3n de Piedemonte llanero en Colombia, con el cual resalt\u00f3 la importancia de los bosques de galer\u00eda como corredores biol\u00f3gicos que permiten el intercambio gen\u00e9tico.<\/p>\n<p>Clementina Barrera Bernal, de la Facultad de Biolog\u00eda, destac\u00f3 que el convenio entre la UV y la Asociaci\u00f3n Chelonia ha permitido a esta entidad acad\u00e9mica alcanzar metas del Programa de Trabajo Estrat\u00e9gico de la UV, ya que las publicaciones y cursos impartidos han permitido a los cuerpos acad\u00e9micos pasar de un nivel a otro.<\/p>\n<p>Expres\u00f3 que pese a enfrentarse a las barreras de los recursos monetarios y del tiempo, actualmente se encuentran en la consolidaci\u00f3n de nuevos proyectos que les permitan trabajar con instituciones de otros pa\u00edses como los Emiratos \u00c1rabes Unidos y Jap\u00f3n, para continuar el apoyo a la internacionalizaci\u00f3n de la UV.<\/p>\n<p>Las personas que deseen colaborar en las iniciativas que la Asociaci\u00f3n Chelonia trabaja en conjunto con la Universidad, pueden acercarse a investigadores integrantes de la Red de Investigaci\u00f3n en Ciencias Biol\u00f3gicas, a la Facultad de Biolog\u00eda o a los institutos de Ciencias Marinas y Pesquer\u00edas o de Investigaciones Forestales.<\/p>\n<p>Tambi\u00e9n pueden contactar directamente con la Asociaci\u00f3n Chelonia en su p\u00e1gina web: <a href=\"http:\/\/www.asociacionchelonia.org\" target=\"_blank\">www.asociacionchelonia.org<\/a>\u00a0o al correo electr\u00f3nico:\u00a0<a href=\"mailto:chelonia@chelonia.es\" target=\"_blank\">chelonia@chelonia.es<\/a><\/p>\n","protected":false},"excerpt":{"rendered":"<p>Manuel Merch\u00e1n Fornelino, presidente de la Asociaci\u00f3n Chelonia, afirm\u00f3 que la Universidad Veracruzana (UV) es<br \/>\nfuerte aliada de \u00e9sta para el desarrollo de proyectos enfocados a la conservaci\u00f3n del medio ambiente en M\u00e9xico, y que la fuerte actividad de sus estudiantes brinda la pauta para la creaci\u00f3n de nuevos proyectos en conjunto.<\/p>\n\r\n<div class=\"seriesmeta\">Contenido 7 de 41 del n\u00famero <a href=\"https:\/\/www.uv.mx\/universo\/numero\/653\/\" class=\"series-409\" title=\"653\">653<\/a><\/div>","protected":false},"author":1775,"featured_media":17393,"comment_status":"closed","ping_status":"closed","sticky":false,"template":"","format":"standard","meta":[],"categories":[1],"tags":[],"series":[409],"_links":{"self":[{"href":"https:\/\/www.uv.mx\/universo\/wp-json\/wp\/v2\/posts\/17439"}],"collection":[{"href":"https:\/\/www.uv.mx\/universo\/wp-json\/wp\/v2\/posts"}],"about":[{"href":"https:\/\/www.uv.mx\/universo\/wp-json\/wp\/v2\/types\/post"}],"author":[{"embeddable":true,"href":"https:\/\/www.uv.mx\/universo\/wp-json\/wp\/v2\/users\/1775"}],"replies":[{"embeddable":true,"href":"https:\/\/www.uv.mx\/universo\/wp-json\/wp\/v2\/comments?post=17439"}],"version-history":[{"count":0,"href":"https:\/\/www.uv.mx\/universo\/wp-json\/wp\/v2\/posts\/17439\/revisions"}],"wp:featuredmedia":[{"embeddable":true,"href":"https:\/\/www.uv.mx\/universo\/wp-json\/wp\/v2\/media\/17393"}],"wp:attachment":[{"href":"https:\/\/www.uv.mx\/universo\/wp-json\/wp\/v2\/media?parent=17439"}],"wp:term":[{"taxonomy":"category","embeddable":true,"href":"https:\/\/www.uv.mx\/universo\/wp-json\/wp\/v2\/categories?post=17439"},{"taxonomy":"post_tag","embeddable":true,"href":"https:\/\/www.uv.mx\/universo\/wp-json\/wp\/v2\/tags?post=17439"},{"taxonomy":"series","embeddable":true,"href":"https:\/\/www.uv.mx\/universo\/wp-json\/wp\/v2\/series?post=17439"}],"curies":[{"name":"wp","href":"https:\/\/api.w.org\/{rel}","templated":true}]}}