{"id":17828,"date":"2016-10-10T08:59:16","date_gmt":"2016-10-10T13:59:16","guid":{"rendered":"https:\/\/www.uv.mx\/universo\/?p=17828"},"modified":"2016-10-10T11:48:17","modified_gmt":"2016-10-10T16:48:17","slug":"carrera-tambien-soy-uv-convoco-a-mas-de-500-personas","status":"publish","type":"post","link":"https:\/\/www.uv.mx\/universo\/deportes\/carrera-tambien-soy-uv-convoco-a-mas-de-500-personas\/","title":{"rendered":"Carrera \u201cTambi\u00e9n soy UV\u201d convoc\u00f3 a m\u00e1s de 500 personas"},"content":{"rendered":"<div class=\"seriesmeta noshow\">Contenido 44 de 46 del n\u00famero <a href=\"https:\/\/www.uv.mx\/universo\/numero\/655\/\" class=\"series-411\" title=\"655\">655<\/a><\/div>\r\n<div id=\"attachment_17692\" style=\"width: 502px\" class=\"wp-caption aligncenter\"><a href=\"https:\/\/www.uv.mx\/universo\/files\/2016\/10\/Universo-655-004.jpg\"><img aria-describedby=\"caption-attachment-17692\" decoding=\"async\" loading=\"lazy\" class=\"size-full wp-image-17692\" src=\"https:\/\/www.uv.mx\/universo\/files\/2016\/10\/Universo-655-004.jpg\" alt=\"Fernando de la Calleja y Jos\u00e9 Luis Alan\u00eds\" width=\"492\" height=\"720\" srcset=\"https:\/\/www.uv.mx\/universo\/files\/2016\/10\/Universo-655-004.jpg 492w, https:\/\/www.uv.mx\/universo\/files\/2016\/10\/Universo-655-004-205x300.jpg 205w\" sizes=\"(max-width: 492px) 100vw, 492px\" \/><\/a><p id=\"caption-attachment-17692\" class=\"wp-caption-text\">Fernando de la Calleja y Jos\u00e9 Luis Alan\u00eds<\/p><\/div>\n<div id=\"attachment_17693\" style=\"width: 730px\" class=\"wp-caption aligncenter\"><a href=\"https:\/\/www.uv.mx\/universo\/files\/2016\/10\/Universo-655-005.jpg\"><img aria-describedby=\"caption-attachment-17693\" decoding=\"async\" loading=\"lazy\" class=\"size-full wp-image-17693\" src=\"https:\/\/www.uv.mx\/universo\/files\/2016\/10\/Universo-655-005.jpg\" alt=\"Ganadoras de la categor\u00eda estudiantes femenil\" width=\"720\" height=\"824\" srcset=\"https:\/\/www.uv.mx\/universo\/files\/2016\/10\/Universo-655-005.jpg 720w, https:\/\/www.uv.mx\/universo\/files\/2016\/10\/Universo-655-005-262x300.jpg 262w\" sizes=\"(max-width: 720px) 100vw, 720px\" \/><\/a><p id=\"caption-attachment-17693\" class=\"wp-caption-text\">Ganadoras de la categor\u00eda estudiantes femenil<\/p><\/div>\n<p>&nbsp;<\/p>\n<p><em>Participaron en las diferentes categor\u00edas de esta actividad organizada por el Ceeepor<\/em><\/p>\n<p><strong>Alma Celia San Mart\u00edn Cruz<\/strong><\/p>\n<p>Con la participaci\u00f3n de m\u00e1s de 500 competidores se llev\u00f3 a cabo la 3\u00aa Carrera \u201cTambi\u00e9n soy UV, corre conmigo, cuento contigo\u201d, organizada por el Centro de Educaci\u00f3n Especial y Entrenamiento de Poza Rica (Ceeepor), el 6 de octubre.<\/p>\n<p>Integrantes de la comunidad universitaria y p\u00fablico en general respondieron al llamado del Ceeepor para participar en esta carrera cuyo objetivo fue concienciar a la sociedad acerca de la importancia que tiene incluir a las personas con capacidades diferentes en todos los \u00e1mbitos.<\/p>\n<p>El vicerrector de la regi\u00f3n Poza Rica-Tuxpan, Jos\u00e9 Luis Alan\u00eds M\u00e9ndez, agradeci\u00f3 el apoyo de los competidores, asistentes, padres de familia y organizaciones que a\u00f1o con a\u00f1o participan en esta carrera por la inclusi\u00f3n.<br \/>\n\u201cLa Universidad no es solamente un espacio para brindar una carrera profesional, es una instituci\u00f3n en donde se recibe a toda la sociedad para interactuar, promoviendo el di\u00e1logo y aprendizaje.\u201d<\/p>\n<p>Alan\u00eds M\u00e9ndez destac\u00f3 el apoyo de directores, maestros y estudiantes de las facultades de Psicolog\u00eda y Pedagog\u00eda, reconoci\u00f3 la labor de\u00a0 la organizadora Isnarda Cruz Casanova y su equipo de trabajo, as\u00ed como el compromiso de los padres de familia con la educaci\u00f3n de sus hijos.<\/p>\n<p>Las categor\u00edas en las que participaron fueron: estudiantes, libre, acad\u00e9micos y personal de la Universidad y superh\u00e9roes, todas en ramas varonil y femenil.<\/p>\n<p>En la categor\u00eda estudiantes femenil recibieron medalla Liliana Danna Torres Garc\u00eda, Gissel Fuentes y Aracely Garc\u00eda Celis, por los tres primeros lugares. En la rama varonil: Jehu Mora Olarte, Jazael Ju\u00e1rez Soto y Aldo Hern\u00e1ndez Coro, quienes hicieron los tiempos: de 9 minutos con 11 segundos, 9 minutos con 30 segundos y 9 minutos 40 segundos, respectivamente.<\/p>\n<p>En la libre femenil: Narda Cristina Silva Guzm\u00e1n, Mar\u00eda Fernanda Silva Guzm\u00e1n y Sxunashi Sandoval Zapata, con tiempos de: 10 minutos con 42 segundos, 11 minutos con 18 segundos y 13 minutos 31 segundos.<br \/>\nEn la rama varonil: Servando de la Fuente, Jorge Alberto Aguilar Galicia y Pedro Romero Garc\u00eda, con 9 minutos 35 segundos, 9 minutos 48 segundos y 10 minutos 6 segundos.<\/p>\n<p>En la categor\u00eda acad\u00e9micos y personal de la Universidad, en la rama femenil: Esperanza Aoyama, de la Facultad de Pedagog\u00eda; Mar\u00eda Teresa Ram\u00edrez, del SETSUV, y Am\u00e9rica Espinosa Hern\u00e1ndez directora de la Facultad de Psicolog\u00eda.<\/p>\n<p>En la rama varonil: Daniel Gonz\u00e1lez y Felipe N\u00e1jera, con tiempos de 20 minutos 48 segundos y 17 minutos y 19 segundos.<\/p>\n<p>En la categor\u00eda especial femenil, la ganadora fue Antonia Montserrat Santiago Flores, del CRIT, con un tiempo de 26 minutos; en categor\u00eda varonil, el primer lugar fue para Fernando de la Calleja Gallardo, alumno del SEA y atleta paraol\u00edmpico, seguido por No\u00e9 L\u00f3pez Garc\u00eda, del CRIT.<\/p>\n","protected":false},"excerpt":{"rendered":"<p>Con la participaci\u00f3n de m\u00e1s de 500 competidores se llev\u00f3 a cabo la 3\u00aa Carrera \u201cTambi\u00e9n soy UV, corre conmigo, cuento contigo\u201d, organizada por el Centro de Educaci\u00f3n Especial y Entrenamiento de Poza Rica (Ceeepor), el 6 de octubre.<\/p>\n\r\n<div class=\"seriesmeta\">Contenido 44 de 46 del n\u00famero <a href=\"https:\/\/www.uv.mx\/universo\/numero\/655\/\" class=\"series-411\" title=\"655\">655<\/a><\/div>","protected":false},"author":1869,"featured_media":17693,"comment_status":"closed","ping_status":"closed","sticky":false,"template":"","format":"standard","meta":[],"categories":[7],"tags":[],"series":[411],"_links":{"self":[{"href":"https:\/\/www.uv.mx\/universo\/wp-json\/wp\/v2\/posts\/17828"}],"collection":[{"href":"https:\/\/www.uv.mx\/universo\/wp-json\/wp\/v2\/posts"}],"about":[{"href":"https:\/\/www.uv.mx\/universo\/wp-json\/wp\/v2\/types\/post"}],"author":[{"embeddable":true,"href":"https:\/\/www.uv.mx\/universo\/wp-json\/wp\/v2\/users\/1869"}],"replies":[{"embeddable":true,"href":"https:\/\/www.uv.mx\/universo\/wp-json\/wp\/v2\/comments?post=17828"}],"version-history":[{"count":0,"href":"https:\/\/www.uv.mx\/universo\/wp-json\/wp\/v2\/posts\/17828\/revisions"}],"wp:featuredmedia":[{"embeddable":true,"href":"https:\/\/www.uv.mx\/universo\/wp-json\/wp\/v2\/media\/17693"}],"wp:attachment":[{"href":"https:\/\/www.uv.mx\/universo\/wp-json\/wp\/v2\/media?parent=17828"}],"wp:term":[{"taxonomy":"category","embeddable":true,"href":"https:\/\/www.uv.mx\/universo\/wp-json\/wp\/v2\/categories?post=17828"},{"taxonomy":"post_tag","embeddable":true,"href":"https:\/\/www.uv.mx\/universo\/wp-json\/wp\/v2\/tags?post=17828"},{"taxonomy":"series","embeddable":true,"href":"https:\/\/www.uv.mx\/universo\/wp-json\/wp\/v2\/series?post=17828"}],"curies":[{"name":"wp","href":"https:\/\/api.w.org\/{rel}","templated":true}]}}