{"id":17832,"date":"2016-10-10T08:59:19","date_gmt":"2016-10-10T13:59:19","guid":{"rendered":"https:\/\/www.uv.mx\/universo\/?p=17832"},"modified":"2016-10-10T11:48:17","modified_gmt":"2016-10-10T16:48:17","slug":"obra-coeditada-por-la-uv-obtuvo-premio-caniem-al-arte-editorial","status":"publish","type":"post","link":"https:\/\/www.uv.mx\/universo\/cultura\/obra-coeditada-por-la-uv-obtuvo-premio-caniem-al-arte-editorial\/","title":{"rendered":"Obra coeditada por la UV obtuvo Premio CANIEM al Arte Editorial"},"content":{"rendered":"<div class=\"seriesmeta noshow\">Contenido 41 de 46 del n\u00famero <a href=\"https:\/\/www.uv.mx\/universo\/numero\/655\/\" class=\"series-411\" title=\"655\">655<\/a><\/div>\r\n<p><a href=\"https:\/\/www.uv.mx\/universo\/files\/2016\/10\/Universo-655-008.jpg\"><img decoding=\"async\" loading=\"lazy\" class=\"aligncenter size-full wp-image-17696\" src=\"https:\/\/www.uv.mx\/universo\/files\/2016\/10\/Universo-655-008.jpg\" alt=\"Universo-655-008\" width=\"497\" height=\"722\" srcset=\"https:\/\/www.uv.mx\/universo\/files\/2016\/10\/Universo-655-008.jpg 497w, https:\/\/www.uv.mx\/universo\/files\/2016\/10\/Universo-655-008-207x300.jpg 207w\" sizes=\"(max-width: 497px) 100vw, 497px\" \/><\/a><\/p>\n<p>&nbsp;<\/p>\n<p>El libro Nacho L\u00f3pez. Fot\u00f3grafo de M\u00e9xico, coedici\u00f3n de la Universidad Veracruzana (UV), el Instituto Nacional de Bellas Artes y la Secretar\u00eda de Cultura, obtuvo el Premio CANIEM al Arte Editorial 2016.<\/p>\n<p>La ceremonia de entrega de reconocimientos se llevar\u00e1 a cabo el jueves 17 de noviembre del presente a\u00f1o, a las 18:00 horas, en el Museo Tamayo de la Ciudad de M\u00e9xico.<\/p>\n<p>Este libro form\u00f3 parte de la exposici\u00f3n que en abril pasado permaneci\u00f3 en el Palacio de Bellas Artes, como homenaje a uno de los mejores fot\u00f3grafos de M\u00e9xico y del siglo XX, y fundador de la Licenciatura en Fotograf\u00eda en la UV.<\/p>\n<p>En la creaci\u00f3n del volumen participaron Jos\u00e9 Antonio Rodr\u00edguez y Alberto Toval\u00edn, en el Consejo Editorial; Evelyn Useda Miranda, Mariana Casanova Zamudio, Mar\u00eda Elena Rangel Guerrero y Julio Adri\u00e1n P\u00e9rez Rivas, en la coordinaci\u00f3n editorial, y Teresa Peyret y Julio Adri\u00e1n P\u00e9rez Rivas, en el dise\u00f1o.<\/p>\n<p>El trabajo de Nacho L\u00f3pez fue innovador. No era el fot\u00f3grafo de las complacencias del poder o de la sonrisa de los pol\u00edticos asegurando un pa\u00eds pr\u00f3spero y feliz, ni del paisaje encapsulado en la belleza ajena a la realidad. Fue m\u00e1s bien el creador de historias a ras de pueblo, de secuencias que adquir\u00edan movimiento en la idea fabricada en el cine, de reportajes nacidos en la calle, de ensayos visuales no ajenos a las propuestas en la pantalla de Luis Bu\u00f1uel, \u201cEl Indio\u201d Fern\u00e1ndez, Gabriel Figueroa, Mauricio Magdaleno, Ismael Rodr\u00edguez o Alejandro Galindo.<\/p>\n<p>Su trabajo se public\u00f3 en su momento en las revistas Pulso, Ma\u00f1ana, Hoy, Rotofoto, Presente y Siempre!<\/p>\n<p>Adem\u00e1s de la vasta obra fotogr\u00e1fica que se muestra en el libro Nacho L\u00f3pez. Fot\u00f3grafo de M\u00e9xico, se publican los textos introductorios de Rafael Tovar y de Teresa, secretario de Cultura; Mar\u00eda Cristina Garc\u00eda Cepeda, directora general del Instituto Nacional de Bellas Artes; Miguel Fern\u00e1ndez F\u00e9lix, director del Museo del Palacio de Bellas Artes, y Sara Ladr\u00f3n de Guevara, rectora de la UV.<\/p>\n<p>Tambi\u00e9n cuenta con art\u00edculos de Jos\u00e9 Antonio Rodr\u00edguez, Alberto Toval\u00edn, Yessica Contreras, Rebeca Monroy Nasr, John Mraz, Pilar Urreta, Jesse Lerner, Antonio Saborit y Citlalli L\u00f3pez Binnq\u00fcist, quienes comentan la obra del fot\u00f3grafo.<\/p>\n","protected":false},"excerpt":{"rendered":"<p>El libro Nacho L\u00f3pez. Fot\u00f3grafo de M\u00e9xico, coedici\u00f3n de la Universidad Veracruzana (UV), el Instituto Nacional de Bellas Artes y la Secretar\u00eda de Cultura, obtuvo el Premio CANIEM al Arte Editorial 2016.<\/p>\n\r\n<div class=\"seriesmeta\">Contenido 41 de 46 del n\u00famero <a href=\"https:\/\/www.uv.mx\/universo\/numero\/655\/\" class=\"series-411\" title=\"655\">655<\/a><\/div>","protected":false},"author":1869,"featured_media":17696,"comment_status":"closed","ping_status":"closed","sticky":false,"template":"","format":"standard","meta":[],"categories":[5],"tags":[],"series":[411],"_links":{"self":[{"href":"https:\/\/www.uv.mx\/universo\/wp-json\/wp\/v2\/posts\/17832"}],"collection":[{"href":"https:\/\/www.uv.mx\/universo\/wp-json\/wp\/v2\/posts"}],"about":[{"href":"https:\/\/www.uv.mx\/universo\/wp-json\/wp\/v2\/types\/post"}],"author":[{"embeddable":true,"href":"https:\/\/www.uv.mx\/universo\/wp-json\/wp\/v2\/users\/1869"}],"replies":[{"embeddable":true,"href":"https:\/\/www.uv.mx\/universo\/wp-json\/wp\/v2\/comments?post=17832"}],"version-history":[{"count":0,"href":"https:\/\/www.uv.mx\/universo\/wp-json\/wp\/v2\/posts\/17832\/revisions"}],"wp:featuredmedia":[{"embeddable":true,"href":"https:\/\/www.uv.mx\/universo\/wp-json\/wp\/v2\/media\/17696"}],"wp:attachment":[{"href":"https:\/\/www.uv.mx\/universo\/wp-json\/wp\/v2\/media?parent=17832"}],"wp:term":[{"taxonomy":"category","embeddable":true,"href":"https:\/\/www.uv.mx\/universo\/wp-json\/wp\/v2\/categories?post=17832"},{"taxonomy":"post_tag","embeddable":true,"href":"https:\/\/www.uv.mx\/universo\/wp-json\/wp\/v2\/tags?post=17832"},{"taxonomy":"series","embeddable":true,"href":"https:\/\/www.uv.mx\/universo\/wp-json\/wp\/v2\/series?post=17832"}],"curies":[{"name":"wp","href":"https:\/\/api.w.org\/{rel}","templated":true}]}}