{"id":17840,"date":"2016-10-10T08:59:58","date_gmt":"2016-10-10T13:59:58","guid":{"rendered":"https:\/\/www.uv.mx\/universo\/?p=17840"},"modified":"2016-10-10T11:48:14","modified_gmt":"2016-10-10T16:48:14","slug":"fca-apoya-la-movilidad-estudiantil","status":"publish","type":"post","link":"https:\/\/www.uv.mx\/universo\/destacadas\/fca-apoya-la-movilidad-estudiantil\/","title":{"rendered":"FCA apoya la movilidad estudiantil"},"content":{"rendered":"<div class=\"seriesmeta noshow\">Contenido 2 de 46 del n\u00famero <a href=\"https:\/\/www.uv.mx\/universo\/numero\/655\/\" class=\"series-411\" title=\"655\">655<\/a><\/div>\r\n<div id=\"attachment_17702\" style=\"width: 732px\" class=\"wp-caption aligncenter\"><a href=\"https:\/\/www.uv.mx\/universo\/files\/2016\/10\/Universo-655-014.jpg\"><img aria-describedby=\"caption-attachment-17702\" decoding=\"async\" loading=\"lazy\" class=\"size-full wp-image-17702\" src=\"https:\/\/www.uv.mx\/universo\/files\/2016\/10\/Universo-655-014.jpg\" alt=\"Diana S\u00e1nchez Zeferino y alumnas que acudieron a Colombia\" width=\"722\" height=\"481\" srcset=\"https:\/\/www.uv.mx\/universo\/files\/2016\/10\/Universo-655-014.jpg 722w, https:\/\/www.uv.mx\/universo\/files\/2016\/10\/Universo-655-014-300x200.jpg 300w\" sizes=\"(max-width: 722px) 100vw, 722px\" \/><\/a><p id=\"caption-attachment-17702\" class=\"wp-caption-text\">Diana S\u00e1nchez Zeferino y alumnas que acudieron a Colombia<\/p><\/div>\n<div id=\"attachment_17701\" style=\"width: 732px\" class=\"wp-caption aligncenter\"><a href=\"https:\/\/www.uv.mx\/universo\/files\/2016\/10\/Universo-655-013.jpg\"><img aria-describedby=\"caption-attachment-17701\" decoding=\"async\" loading=\"lazy\" class=\"size-full wp-image-17701\" src=\"https:\/\/www.uv.mx\/universo\/files\/2016\/10\/Universo-655-013.jpg\" alt=\"Mar\u00eda Guadalupe Palacios e Itzayana Mota realizaron estancia en Guanajuato\" width=\"722\" height=\"481\" srcset=\"https:\/\/www.uv.mx\/universo\/files\/2016\/10\/Universo-655-013.jpg 722w, https:\/\/www.uv.mx\/universo\/files\/2016\/10\/Universo-655-013-300x200.jpg 300w\" sizes=\"(max-width: 722px) 100vw, 722px\" \/><\/a><p id=\"caption-attachment-17701\" class=\"wp-caption-text\">Mar\u00eda Guadalupe Palacios e Itzayana Mota realizaron estancia en Guanajuato<\/p><\/div>\n<p>&nbsp;<\/p>\n<p><em>Cuatro estudiantes y una docentea cudieron a la Universidad de los Llanos en Villavicencio, Colombia<\/em><\/p>\n<p><em>Dos alumnas participaron en el XXVI Verano de la Investigaci\u00f3n Cient\u00edfica<\/em><\/p>\n<p><strong>Coatza \u2022 Mina \u2022 Acayucan<\/strong><\/p>\n<p><span style=\"font-size: 10pt\"><strong>Cecilia Escribano reyes<\/strong><\/span><\/p>\n<p>La Facultad de Contadur\u00eda y Administraci\u00f3n (FCA) apoya la movilidad de sus estudiantes ya que contribuye a la calidad en su formaci\u00f3n acad\u00e9mica, por lo que exhorta a alumnos de los cuatro programas educativos que ofrece (Contadur\u00eda, Administraci\u00f3n, Sistemas Computacionales Administrativos y Gesti\u00f3n y Direcci\u00f3n de Negocios) a participar en este tipo de experiencias, se\u00f1al\u00f3 el director Jos\u00e9 Luis S\u00e1nchez Leyva.<\/p>\n<p>En el periodo Febrero-Julio 2016, cuatro estudiantes y una docente acudieron a la Universidad de los Llanos en Villavicencio, Colombia, y durante 15 d\u00edas realizaron actividades acad\u00e9micas e intercambiaron conocimientos.<\/p>\n<p>Asimismo, Mar\u00eda Guadalupe Palacios Cortaza, del octavo semestre de Gesti\u00f3n y Direcci\u00f3n de Negocios, e Itzayana Mota Rodr\u00edguez, de Administraci\u00f3n, participaron durante dos meses en el XXVI Verano de la Investigaci\u00f3n Cient\u00edfica organizado por la Academia Mexicana de Ciencias, en Salvatierra, Guanajuato, donde trabajaron sobre la problem\u00e1tica de violencia de g\u00e9nero.<\/p>\n<p>La investigaci\u00f3n fue dirigida por Roc\u00edo Rosas Vargas, del Departamento de Ciencias Sociales y Administrativas; las universitarias aprendieron a utilizar instrumentos de investigaci\u00f3n y trabajaron con sus pares de Colima, Tijuana, M\u00e9xico y Guanajuato, quienes abordaron el tema en conjunto.<\/p>\n<p>Universidad de los Llanos, Colombia Karina de los \u00c1ngeles Barrientos Rosado, del s\u00e9ptimo semestre de Contadur\u00eda, dijo que su movilidad en la Universidad de los Llanos fue una experiencia sumamente positiva en<br \/>\nel\u00e1mbito profesional y personal. Como parte de \u00e9sta imparti\u00f3 una pl\u00e1tica sobre la modernizaci\u00f3n del sistema tributario en M\u00e9xico y pudo comparar c\u00f3mo se encuentran ambos pa\u00edses en el aspecto contable.<\/p>\n<p>\u201cAprend\u00ed sobre la cultura y tradiciones colombianas. En el tema fiscal, nuestro pa\u00eds est\u00e1 m\u00e1s avanzado, tenemos facturaci\u00f3n electr\u00f3nica y en Colombia no la hay.\u201d<\/p>\n<p>Agreg\u00f3 que conoci\u00f3 la carrera de Mercadeo, \u201cfue una experiencia integral y nutrida, me parece excepcional que la Universidad y la FCA se esfuercen para que los universitarios vivan esta experiencia, estoy muy agradecida porque trabajen para que estos intercambios acad\u00e9micos y culturales se realicen\u201d.<\/p>\n<p>Barrientos Rosado exhort\u00f3 a sus compa\u00f1eros a aprovechar las oportunidades que se les presenten, pues \u201cen un intercambio estudiantil se aprende de todo, aspectos culturales y acad\u00e9micos, abres tus horizontes y tu mente\u201d.<\/p>\n<p>En tanto, la acad\u00e9mica Diana Edith S\u00e1nchez Zeferino, responsable de la estancia en Colombia, se\u00f1al\u00f3 que este tipo de experiencias contribuyen a la formaci\u00f3n integral de los estudiantes. Detall\u00f3 que la participaci\u00f3n de las universitarias consisti\u00f3 en una serie de conferencias sobre temas como: la cultura empresarial en M\u00e9xico, la problem\u00e1tica de las peque\u00f1as y medianas empresas mexicanas, el desarrollo de habilidades directivas para los estudiantes de mercadeo y el curso de lenguaje de se\u00f1as para negocios.<\/p>\n<p>\u201cEs interesante observar el comportamiento de los estudiantes colombianos en cuanto a la sensibilizaci\u00f3n sobre los problemas sociales, son cr\u00edticos, les interesa la pol\u00edtica, conocen su historia, saben de d\u00f3nde vienen, organizan debates, atienden a las minor\u00edas, se expresan a trav\u00e9s de murales y pintas. Pudimos apreciar sus caracter\u00edsticas sociales y nos motivaron para fomentar esos aspectos en los estudiantes de la UV.\u201d<\/p>\n<p>Por su parte, Sheila Katherina Sierra Picazzo, del s\u00e9ptimo semestre de Sistemas Computacionales Administrativos, desarroll\u00f3 un curso de Telefex para el dise\u00f1o de videos, animaciones y gr\u00e1ficos, dirigido a los estudiantes de Mercadeo de la universidad colombiana.<\/p>\n<p>\u201cFue una experiencia incre\u00edble porque pude enriquecer mis conocimientos, fue emocionante compartir con ellos y conocer la cultura\u201d. Agreg\u00f3 que realizaron la metodolog\u00eda del caf\u00e9 mundial en cuestiones de equidad de g\u00e9nero y acoso y hostigamiento sexual, \u201ccompartimos puntos de vista con los universitarios de Colombia\u201d.<\/p>\n<p>Diana Berenice Villalobos Quime, del tercer semestre de Gesti\u00f3n y Direcci\u00f3n de Negocios, imparti\u00f3 un curso de caracter\u00edsticas emprendedoras, a un grupo de administraci\u00f3n del primer semestre de la universidad de Colombia; calific\u00f3 la experiencia como enriquecedora, \u201ces una oportunidad \u00fanica y deseo hacer una estancia en otro pa\u00eds\u201d.<\/p>\n<p>Para Mayra del Rosario Ram\u00edrez Alegr\u00eda, de la carrera de Administraci\u00f3n, fue una experiencia enriquecedora en todos los aspectos, realiz\u00f3 un rally de responsabilidad social empresarial (RSE): \u201cLos estudiantes de Colombia tienen buen nivel de conocimientos en materia de RSE, aprendimos de ellos desde la perspectiva de administraci\u00f3n y de mercadeo\u201d.<\/p>\n<p>La joven aprovech\u00f3 su estancia para aprender pasos b\u00e1sicos del tradicional baile del joropo; para corresponder lo anterior, ense\u00f1\u00f3 zapateado veracruzano y algunos pasos de baile oaxaque\u00f1o.<\/p>\n<p>\u201cMe atrevo a decir que antes de la estancia luchaba por mis ideales y buscaba tener un t\u00edtulo, despu\u00e9s de la estancia pretendo estudiar una maestr\u00eda en un pa\u00eds distinto, quiero viajar, saber m\u00e1s de mi pa\u00eds y de otros pa\u00edses.\u201d<\/p>\n<p><strong>XXVI Verano de la Investigaci\u00f3n Cient\u00edfica<\/strong><br \/>\nMar\u00eda Guadalupe Palacios e Itzayana Mota se\u00f1alaron que durante su estancia en Salvatierra, Guanajuato, detectaron que los habitantes no se sienten seguros de la calidad de vida. Tambi\u00e9n observaron que ha disminuido la violencia y aumentado el turismo, factores que coinciden con su nombramiento como Pueblo M\u00e1gico.<\/p>\n<p>En contraste, \u201chay datos alarmantes sobre la violencia hacia la mujer, a\u00fan no existe libertad de expresi\u00f3n ni de vestido, y en las universidades encontramos violencia en el noviazgo\u201d, relataron.<\/p>\n<p>\u201cNo hab\u00edamos tenido tanto contacto con la violencia de g\u00e9nero y esta investigaci\u00f3n nos sorprendi\u00f3 mucho con estos casos, a\u00fan hay diferencias en razonamiento y en cultura principalmente para las mujeres; la movilidad ayud\u00f3 a nuestra formaci\u00f3n, nos sumerge en temas con los que no estamos relacionados pero que son importantes, tenemos que atenderlos y enfrentarlos.\u201d<\/p>\n<p>Mota Rodr\u00edguez agreg\u00f3 que la motivaci\u00f3n recibida por el Director de la FCA \u201cnos impulsa a enfrentar los retos de la movilidad, la responsabilidad de representar a la Veracruzana en otros estados y vivir estas experiencias\u201d.<\/p>\n","protected":false},"excerpt":{"rendered":"<p>La Facultad de Contadur\u00eda y Administraci\u00f3n (FCA) apoya la movilidad de sus estudiantes ya que contribuye a la calidad en su formaci\u00f3n acad\u00e9mica, por lo que exhorta a alumnos de los cuatro programas educativos que ofrece (Contadur\u00eda, Administraci\u00f3n, Sistemas Computacionales Administrativos y Gesti\u00f3n y Direcci\u00f3n de Negocios) a participar en este tipo de experiencias, se\u00f1al\u00f3 el director Jos\u00e9 Luis S\u00e1nchez Leyva.<\/p>\n\r\n<div class=\"seriesmeta\">Contenido 2 de 46 del n\u00famero <a href=\"https:\/\/www.uv.mx\/universo\/numero\/655\/\" class=\"series-411\" title=\"655\">655<\/a><\/div>","protected":false},"author":1869,"featured_media":17753,"comment_status":"closed","ping_status":"closed","sticky":false,"template":"","format":"standard","meta":[],"categories":[278,360],"tags":[],"series":[411],"_links":{"self":[{"href":"https:\/\/www.uv.mx\/universo\/wp-json\/wp\/v2\/posts\/17840"}],"collection":[{"href":"https:\/\/www.uv.mx\/universo\/wp-json\/wp\/v2\/posts"}],"about":[{"href":"https:\/\/www.uv.mx\/universo\/wp-json\/wp\/v2\/types\/post"}],"author":[{"embeddable":true,"href":"https:\/\/www.uv.mx\/universo\/wp-json\/wp\/v2\/users\/1869"}],"replies":[{"embeddable":true,"href":"https:\/\/www.uv.mx\/universo\/wp-json\/wp\/v2\/comments?post=17840"}],"version-history":[{"count":0,"href":"https:\/\/www.uv.mx\/universo\/wp-json\/wp\/v2\/posts\/17840\/revisions"}],"wp:featuredmedia":[{"embeddable":true,"href":"https:\/\/www.uv.mx\/universo\/wp-json\/wp\/v2\/media\/17753"}],"wp:attachment":[{"href":"https:\/\/www.uv.mx\/universo\/wp-json\/wp\/v2\/media?parent=17840"}],"wp:term":[{"taxonomy":"category","embeddable":true,"href":"https:\/\/www.uv.mx\/universo\/wp-json\/wp\/v2\/categories?post=17840"},{"taxonomy":"post_tag","embeddable":true,"href":"https:\/\/www.uv.mx\/universo\/wp-json\/wp\/v2\/tags?post=17840"},{"taxonomy":"series","embeddable":true,"href":"https:\/\/www.uv.mx\/universo\/wp-json\/wp\/v2\/series?post=17840"}],"curies":[{"name":"wp","href":"https:\/\/api.w.org\/{rel}","templated":true}]}}