{"id":17848,"date":"2016-10-10T08:59:25","date_gmt":"2016-10-10T13:59:25","guid":{"rendered":"https:\/\/www.uv.mx\/universo\/?p=17848"},"modified":"2016-10-10T11:48:16","modified_gmt":"2016-10-10T16:48:16","slug":"ingenieria-celebro-60-aniversario","status":"publish","type":"post","link":"https:\/\/www.uv.mx\/universo\/regiones\/ingenieria-celebro-60-aniversario\/","title":{"rendered":"Ingenier\u00eda celebr\u00f3 60 aniversario"},"content":{"rendered":"<div class=\"seriesmeta noshow\">Contenido 35 de 46 del n\u00famero <a href=\"https:\/\/www.uv.mx\/universo\/numero\/655\/\" class=\"series-411\" title=\"655\">655<\/a><\/div>\r\n<div id=\"attachment_17707\" style=\"width: 732px\" class=\"wp-caption aligncenter\"><a href=\"https:\/\/www.uv.mx\/universo\/files\/2016\/10\/Universo-655-019.jpg\"><img aria-describedby=\"caption-attachment-17707\" decoding=\"async\" loading=\"lazy\" class=\"size-full wp-image-17707\" src=\"https:\/\/www.uv.mx\/universo\/files\/2016\/10\/Universo-655-019.jpg\" alt=\"Autoridades universitarias inauguraron las actividades\" width=\"722\" height=\"542\" srcset=\"https:\/\/www.uv.mx\/universo\/files\/2016\/10\/Universo-655-019.jpg 722w, https:\/\/www.uv.mx\/universo\/files\/2016\/10\/Universo-655-019-300x225.jpg 300w\" sizes=\"(max-width: 722px) 100vw, 722px\" \/><\/a><p id=\"caption-attachment-17707\" class=\"wp-caption-text\">Autoridades universitarias inauguraron las actividades<\/p><\/div>\n<div id=\"attachment_17708\" style=\"width: 732px\" class=\"wp-caption aligncenter\"><a href=\"https:\/\/www.uv.mx\/universo\/files\/2016\/10\/Universo-655-020.jpg\"><img aria-describedby=\"caption-attachment-17708\" decoding=\"async\" loading=\"lazy\" class=\"size-full wp-image-17708\" src=\"https:\/\/www.uv.mx\/universo\/files\/2016\/10\/Universo-655-020.jpg\" alt=\"Los estudiantes participaron en conferencias y talleres\" width=\"722\" height=\"542\" srcset=\"https:\/\/www.uv.mx\/universo\/files\/2016\/10\/Universo-655-020.jpg 722w, https:\/\/www.uv.mx\/universo\/files\/2016\/10\/Universo-655-020-300x225.jpg 300w\" sizes=\"(max-width: 722px) 100vw, 722px\" \/><\/a><p id=\"caption-attachment-17708\" class=\"wp-caption-text\">Los estudiantes participaron en conferencias y talleres<\/p><\/div>\n<p>&nbsp;<\/p>\n<p><em>La comunidad universitaria particip\u00f3 en la Semana T\u00e9cnica, Cultural y Deportiva<\/em><\/p>\n<p><strong>Veracruz<\/strong><\/p>\n<p><span style=\"font-size: 10pt\"><strong>Aracely Hern\u00e1ndez Rodr\u00edguez<\/strong><\/span><\/p>\n<p>La Facultad de Ingenier\u00eda realiz\u00f3, del 3 al 7 de octubre, la Semana T\u00e9cnica, Cultural y Deportiva en el marco de la celebraci\u00f3n del 60 aniversario de su fundaci\u00f3n, con talleres, conferencias, y exposiciones de trabajos.<\/p>\n<p>En la inauguraci\u00f3n de este evento, Carlos Lamothe Zavaleta, secretario Acad\u00e9mico regional, destac\u00f3 la estrecha vinculaci\u00f3n que desde sus inicios ha tenido la Facultad de Ingenier\u00eda con la parte productiva; enfatiz\u00f3 que esto es fundamental para una universidad p\u00fablica como la Veracruzana, lo cual se manifest\u00f3 con la presencia de representantes de empresas productivas como Tenaris-Tamsa.<\/p>\n<p>Por su parte Rafael D\u00edaz Sobac, director general del \u00c1rea Acad\u00e9mica T\u00e9cnica, dijo que la Facultad es la cuna de la ingenier\u00eda en Veracruz \u201cporque no s\u00f3lo genera excelentes profesionistas y acad\u00e9micos, sino que es una entidad muy din\u00e1mica, sus estudiantes siempre dan mucho de qu\u00e9 hablar en forma positiva y demuestran su liderazgo con la organizaci\u00f3n de este tipo de eventos\u201d.<\/p>\n<p>Afirm\u00f3 que la semana de actividades fue \u201cun ejercicio de responsabilidad para los alumnos\u201d, quienes deben ser l\u00edderes que transformen su entorno, l\u00edderes de conocimiento en el aula y que busquen el bien de sus compa\u00f1eros. \u201cCuando se habla del bien, se hace referencia a nunca perder los valores de respeto, solidaridad, entusiasmo y responsabilidad\u201d.<\/p>\n<p>D\u00edaz Sobac mencion\u00f3 que los representantes de las empresas buscan egresados con actitud, talento, responsabilidad y \u00e9tica, m\u00e1s que conocimientos y buenas calificaciones, \u201calumnos que se sientan orgullos de su instituci\u00f3n y que contribuyan a hacer crecer una empresa y posicionarla como l\u00edder\u201d.<\/p>\n<p>Expres\u00f3 que esto no se aprende en las aulas, sino en actividades como las desarrolladas en este evento.<\/p>\n<p>Silvia Monserrat Jim\u00e9nez Gonz\u00e1lez, consejera alumna de la Facultad, a nombre de sus compa\u00f1eros agradeci\u00f3 a los profesores, pero en especial reconoci\u00f3 el trabajo del acad\u00e9mico Francisco Ortiz Mart\u00ednez por su gran entusiasmo y liderazgo para organizar la semana de actividades; \u201ces un gusto contar con docentes comprometidos con los estudiantes\u201d.<\/p>\n<p>Francisco Ortiz, jefe de Ingenier\u00eda Mec\u00e1nica y El\u00e9ctrica, explic\u00f3 que la finalidad de este evento fue la integraci\u00f3n, de ah\u00ed el eslogan \u201cLa formaci\u00f3n integral, base de la ingenier\u00eda actual\u201d, pues dijo que el joven estudiante debe ser competente para poder desarrollarse en el \u00e1mbito profesional.<\/p>\n<p>Hizo un llamado a sus compa\u00f1eros acad\u00e9micos: \u201cUnamos fuerzas, demostremos que la Facultad de Ingenier\u00eda est\u00e1 en la c\u00faspide y que nunca ha bajado, que la Universidad es forjadora de l\u00edderes\u201d.<\/p>\n<p>Por \u00faltimo, Agust\u00edn Flores Fuentes, director de la Facultad de Ingenier\u00eda, coment\u00f3 que con la Semana T\u00e9cnica, Cultural y Deportiva concluyeron los festejos del 60 aniversario de la fundaci\u00f3n de dicha entidad.<\/p>\n","protected":false},"excerpt":{"rendered":"<p>La Facultad de Ingenier\u00eda realiz\u00f3, del 3 al 7 de octubre, la Semana T\u00e9cnica, Cultural y Deportiva en el marco de la celebraci\u00f3n del 60 aniversario de su fundaci\u00f3n, con talleres, conferencias, y exposiciones de trabajos.<\/p>\n\r\n<div class=\"seriesmeta\">Contenido 35 de 46 del n\u00famero <a href=\"https:\/\/www.uv.mx\/universo\/numero\/655\/\" class=\"series-411\" title=\"655\">655<\/a><\/div>","protected":false},"author":1869,"featured_media":17707,"comment_status":"closed","ping_status":"closed","sticky":false,"template":"","format":"standard","meta":[],"categories":[360],"tags":[],"series":[411],"_links":{"self":[{"href":"https:\/\/www.uv.mx\/universo\/wp-json\/wp\/v2\/posts\/17848"}],"collection":[{"href":"https:\/\/www.uv.mx\/universo\/wp-json\/wp\/v2\/posts"}],"about":[{"href":"https:\/\/www.uv.mx\/universo\/wp-json\/wp\/v2\/types\/post"}],"author":[{"embeddable":true,"href":"https:\/\/www.uv.mx\/universo\/wp-json\/wp\/v2\/users\/1869"}],"replies":[{"embeddable":true,"href":"https:\/\/www.uv.mx\/universo\/wp-json\/wp\/v2\/comments?post=17848"}],"version-history":[{"count":0,"href":"https:\/\/www.uv.mx\/universo\/wp-json\/wp\/v2\/posts\/17848\/revisions"}],"wp:featuredmedia":[{"embeddable":true,"href":"https:\/\/www.uv.mx\/universo\/wp-json\/wp\/v2\/media\/17707"}],"wp:attachment":[{"href":"https:\/\/www.uv.mx\/universo\/wp-json\/wp\/v2\/media?parent=17848"}],"wp:term":[{"taxonomy":"category","embeddable":true,"href":"https:\/\/www.uv.mx\/universo\/wp-json\/wp\/v2\/categories?post=17848"},{"taxonomy":"post_tag","embeddable":true,"href":"https:\/\/www.uv.mx\/universo\/wp-json\/wp\/v2\/tags?post=17848"},{"taxonomy":"series","embeddable":true,"href":"https:\/\/www.uv.mx\/universo\/wp-json\/wp\/v2\/series?post=17848"}],"curies":[{"name":"wp","href":"https:\/\/api.w.org\/{rel}","templated":true}]}}