{"id":19635,"date":"2017-01-23T08:59:33","date_gmt":"2017-01-23T14:59:33","guid":{"rendered":"https:\/\/www.uv.mx\/universo\/?p=19635"},"modified":"2017-01-23T10:14:13","modified_gmt":"2017-01-23T16:14:13","slug":"gabriela-flores-nachon-se-presentara-con-la-osx","status":"publish","type":"post","link":"https:\/\/www.uv.mx\/universo\/regiones\/gabriela-flores-nachon-se-presentara-con-la-osx\/","title":{"rendered":"Gabriela Flores Nach\u00f3n se presentar\u00e1 con la OSX"},"content":{"rendered":"<div class=\"seriesmeta noshow\">Contenido 27 de 37 del n\u00famero <a href=\"https:\/\/www.uv.mx\/universo\/numero\/665\/\" class=\"series-421\" title=\"665\">665<\/a><\/div>\r\n<div id=\"attachment_19520\" style=\"width: 732px\" class=\"wp-caption aligncenter\"><a href=\"https:\/\/www.uv.mx\/universo\/files\/2017\/01\/Univeso-665-014.jpg\"><img aria-describedby=\"caption-attachment-19520\" decoding=\"async\" loading=\"lazy\" class=\"size-full wp-image-19520\" src=\"https:\/\/www.uv.mx\/universo\/files\/2017\/01\/Univeso-665-014.jpg\" alt=\"Es egresada de la Facultad de M\u00fasica\" width=\"722\" height=\"803\" srcset=\"https:\/\/www.uv.mx\/universo\/files\/2017\/01\/Univeso-665-014.jpg 722w, https:\/\/www.uv.mx\/universo\/files\/2017\/01\/Univeso-665-014-270x300.jpg 270w\" sizes=\"(max-width: 722px) 100vw, 722px\" \/><\/a><p id=\"caption-attachment-19520\" class=\"wp-caption-text\">Es egresada de la Facultad de M\u00fasica<\/p><\/div>\n<p>&nbsp;<\/p>\n<p><em>Participar\u00e1 en una Gala de \u00d3pera con el bar\u00edtono Josu\u00e9 Cer\u00f3n, en jornada dirigida por Lanfranco Marcelletti<\/em><\/p>\n<p><span style=\"font-size: 10pt\"><strong>Jorge V\u00e1zquez Pacheco<\/strong><\/span><\/p>\n<p>La Orquesta Sinf\u00f3nica de Xalapa (OSX) ofrece el viernes 27 de enero un concierto en el que participar\u00e1 la mezzosoprano xalape\u00f1a Gabriela Flores Nach\u00f3n, cantante con una s\u00f3lida personalidad en la l\u00edrica nacional, en un contexto en que tambi\u00e9n destaca la presencia de la soprano de Naolinco, Mar\u00eda Fernanda Castillo.<br \/>\nCon preparaci\u00f3n art\u00edstica en la Facultad de M\u00fasica de la Universidad Veracruzana bajo la gu\u00eda de Socorro Perfecto y cursos adicionales con Armando Mora, Gabriela se ubic\u00f3 de golpe en el panorama musical al alcanzar la final en el Concurso Nacional de Canto \u201cCarlo Morelli\u201d 2012. Posteriormente se incorpor\u00f3 al Estudio de \u00d3pera de Bellas Artes, en el que permaneci\u00f3 por espacio de dos a\u00f1os.<br \/>\nHoy, con una experiencia que le ubica como una de las m\u00e1s destacadas cantantes j\u00f3venes en la cuerda de mezzo, Gabriela se presenta en su ciudad natal bajo la direcci\u00f3n de Lanfranco Marcelletti y en una Gala de \u00d3pera en la cual compartir\u00e1 escenario con el experimentado bar\u00edtono Josu\u00e9 Cer\u00f3n.<br \/>\nEl programa se compone de fragmentos orquestales procedentes de t\u00edtulos oper\u00edsticos, as\u00ed como arias que ser\u00e1n recreadas por Gabriela y Josu\u00e9. El programa se desarrollar\u00e1 con una primera secci\u00f3n destinada a la creatividad del italiano Gioacchino Rossini, con la obertura para la \u00f3pera Sem\u00edramis, las arias \u201cUna voce poco fa\u201d y \u201cLargo al factotum\u201d de El barbero de Sevilla, as\u00ed como la m\u00fasica para el Pas de six de la \u00f3pera Guillermo Tell y el d\u00fao de Rosina y F\u00edgaro conocido como \u201cDunque io son\u201d, tambi\u00e9n de El barbero de Sevilla.<br \/>\nVendr\u00e1n m\u00e1s adelante la Sinfon\u00eda en Re mayor, conocida como \u201cVeneciana\u201d de Antonio Salieri; el aria para bar\u00edtono \u201cRivolgete a lui lo sguardo\u201d, de la \u00f3pera Cos\u00ec fan tutte de Mozart; la obertura para la \u00f3pera Los pescadores de perlas y \u201cHabanera\u201d de Carmen, ambas de Georges Bizet, para cerrar con el d\u00fao \u201cAi cappricci della sorte\u201d de la \u00f3pera La italiana en Argel de Rossini.<br \/>\nEl acontecimiento se anuncia para la hora de costumbre, las 20:30 horas, en la sala de conciertos Tlaqn\u00e1, Centro Cultural. Para m\u00e1s informes consultar la p\u00e1gina www.orquestasinfonicadexalapa.com<\/p>\n","protected":false},"excerpt":{"rendered":"<p>La Orquesta Sinf\u00f3nica de Xalapa (OSX) ofrece el viernes 27 de enero un concierto en el que participar\u00e1 la mezzosoprano xalape\u00f1a Gabriela Flores Nach\u00f3n, cantante con una s\u00f3lida personalidad en la l\u00edrica nacional, en un contexto en que tambi\u00e9n destaca la presencia de la soprano de Naolinco, Mar\u00eda Fernanda Castillo.<\/p>\n\r\n<div class=\"seriesmeta\">Contenido 27 de 37 del n\u00famero <a href=\"https:\/\/www.uv.mx\/universo\/numero\/665\/\" class=\"series-421\" title=\"665\">665<\/a><\/div>","protected":false},"author":1869,"featured_media":19520,"comment_status":"closed","ping_status":"closed","sticky":false,"template":"","format":"standard","meta":[],"categories":[360],"tags":[],"series":[421],"_links":{"self":[{"href":"https:\/\/www.uv.mx\/universo\/wp-json\/wp\/v2\/posts\/19635"}],"collection":[{"href":"https:\/\/www.uv.mx\/universo\/wp-json\/wp\/v2\/posts"}],"about":[{"href":"https:\/\/www.uv.mx\/universo\/wp-json\/wp\/v2\/types\/post"}],"author":[{"embeddable":true,"href":"https:\/\/www.uv.mx\/universo\/wp-json\/wp\/v2\/users\/1869"}],"replies":[{"embeddable":true,"href":"https:\/\/www.uv.mx\/universo\/wp-json\/wp\/v2\/comments?post=19635"}],"version-history":[{"count":0,"href":"https:\/\/www.uv.mx\/universo\/wp-json\/wp\/v2\/posts\/19635\/revisions"}],"wp:featuredmedia":[{"embeddable":true,"href":"https:\/\/www.uv.mx\/universo\/wp-json\/wp\/v2\/media\/19520"}],"wp:attachment":[{"href":"https:\/\/www.uv.mx\/universo\/wp-json\/wp\/v2\/media?parent=19635"}],"wp:term":[{"taxonomy":"category","embeddable":true,"href":"https:\/\/www.uv.mx\/universo\/wp-json\/wp\/v2\/categories?post=19635"},{"taxonomy":"post_tag","embeddable":true,"href":"https:\/\/www.uv.mx\/universo\/wp-json\/wp\/v2\/tags?post=19635"},{"taxonomy":"series","embeddable":true,"href":"https:\/\/www.uv.mx\/universo\/wp-json\/wp\/v2\/series?post=19635"}],"curies":[{"name":"wp","href":"https:\/\/api.w.org\/{rel}","templated":true}]}}