{"id":20195,"date":"2017-03-13T08:59:50","date_gmt":"2017-03-13T14:59:50","guid":{"rendered":"https:\/\/www.uv.mx\/universo\/?p=20195"},"modified":"2017-03-13T10:38:22","modified_gmt":"2017-03-13T16:38:22","slug":"especie-humana-se-enfrentara-a-mas-epidemias-causadas-por-virus","status":"publish","type":"post","link":"https:\/\/www.uv.mx\/universo\/general\/especie-humana-se-enfrentara-a-mas-epidemias-causadas-por-virus\/","title":{"rendered":"Especie humana se enfrentar\u00e1 a m\u00e1s epidemias causadas por virus"},"content":{"rendered":"<div class=\"seriesmeta noshow\">Contenido 10 de 35 del n\u00famero <a href=\"https:\/\/www.uv.mx\/universo\/numero\/669\/\" class=\"series-426\" title=\"669\">669<\/a><\/div>\r\n<div id=\"attachment_20167\" style=\"width: 732px\" class=\"wp-caption aligncenter\"><a href=\"https:\/\/www.uv.mx\/universo\/universo-669-047\/\"><img aria-describedby=\"caption-attachment-20167\" decoding=\"async\" loading=\"lazy\" class=\"size-full wp-image-20167\" src=\"https:\/\/www.uv.mx\/universo\/files\/2017\/03\/Universo-669-047.jpg\" alt=\"Antonio Lazcano Araujo imparti\u00f3 ponencia en la USBI\" width=\"722\" height=\"482\" srcset=\"https:\/\/www.uv.mx\/universo\/files\/2017\/03\/Universo-669-047.jpg 722w, https:\/\/www.uv.mx\/universo\/files\/2017\/03\/Universo-669-047-300x200.jpg 300w\" sizes=\"(max-width: 722px) 100vw, 722px\" \/><\/a><p id=\"caption-attachment-20167\" class=\"wp-caption-text\">Antonio Lazcano Araujo imparti\u00f3 ponencia en la USBI<\/p><\/div>\n<p>&nbsp;<\/p>\n<p><span style=\"font-size: 8pt\"><strong>Claudia Peralta V\u00e1zquez<\/strong><\/span><\/p>\n<p>Antonio Eusebio Lazcano Araujo Reyes, cient\u00edfico mexicano especializado en biolog\u00eda evolutiva, advirti\u00f3 que en los pr\u00f3ximos a\u00f1os la especie humana se enfrentar\u00e1 a m\u00e1s epidemias\u00a0 producidas principalmente por el virus ARN (que usan el \u00e1cido ribonucleico como material gen\u00e9tico o en su proceso de reproducci\u00f3n) transmitido de los animales a las personas.<\/p>\n<p>Invitado por la Facultad de Biolog\u00eda y de la Academia Mexicana de Ciencias Secci\u00f3n Centro-Sur, destac\u00f3 que en los \u00faltimos 25 a\u00f1os hemos sido testigos de la aparici\u00f3n de pat\u00f3genos terribles como: la influenza A (H1N1), s\u00edndrome respiratorio agudo y grave (SARS, por sus siglas en ingl\u00e9s), influenza aviar, hantavirus (g\u00e9nero que agrupa varios virus ARN que son transmitidos por roedores infectados), Virus de Inmunodeficiencia Humana VIH\/SIDA, Virus del Nilo Occidental, \u00c9bola y Zika.<\/p>\n<p>Al impartir la conferencia \u201cOrigen y evoluci\u00f3n de los virus: una perspectiva molecular\u201d, el investigador de la Universidad Nacional Aut\u00f3noma de M\u00e9xico (UNAM) y fundador del Laboratorio de Origen de la Vida, se refiri\u00f3 al retorno de pat\u00f3genos humanos y a la aparici\u00f3n de nuevas enfermedades.<\/p>\n<p>Entre ellas mencion\u00f3 a la enfermedad de los legionarios,\u00a0 criptosporidiosis (enfermedad causada por un par\u00e1sito que vive en la tierra, los alimentos y el agua), \u00c9bola, fiebres hemorr\u00e1gicas, SIDA, s\u00edndrome t\u00f3xico.<\/p>\n<p>El investigador Nivel 3 del Sistema Nacional de Investigadores (SNI) tambi\u00e9n habl\u00f3 de la aparici\u00f3n de epidemias vivas en las plantas de frijol, c\u00edtricos, tomate, ca\u00f1a de az\u00facar, y las que atacan a los \u00e1rboles de las ciudades.<\/p>\n<p>\u201cClaramente necesitamos entender la din\u00e1mica de evoluci\u00f3n de los virus, para lo cual requerimos de marcadores evolutivos.\u201d<\/p>\n<p>Al inicio de su ponencia en la sala de videoconferencias de la Unidad de Servicios Bibliotecarios y de Informaci\u00f3n (USBI), la cual fue presenciada por estudiantes, acad\u00e9micos e investigadores de las regiones de Orizaba-C\u00f3rdoba y Poza Rica-Tuxpan, dijo que a los virus se les identifica como pat\u00f3genos, de hecho la palabra virus proviene del lat\u00edn \u201cveneno\u201d.<\/p>\n<p>En el origen de la vida, los virus tienen una tradici\u00f3n muy antigua que se remonta a finales del siglo XIX y principios del XX, en donde las personas empezaron a jugar con la idea de que si los virus son muy peque\u00f1os y se multiplican \u201ctal vez pudieran ser las primeras formas de vida\u201d.<\/p>\n<p>Relat\u00f3 que en el laboratorio, \u00e9l y su equipo de trabajo se dieron cuenta de que hab\u00eda un gran n\u00famero de secuencias de genomas virales que pod\u00edan ser analizados con una perspectiva evolutiva.<\/p>\n<p>\u201cEso explica el motivo de esta charla\u201d, manifest\u00f3 el especialista, quien se ha destacado por diversas publicaciones y reconocimientos nacionales e internacionales.<\/p>\n<p>En la ponencia tambi\u00e9n estuvieron Clementina Barrera Bernal, directora de la Facultad de Biolog\u00eda, y Margarita Mart\u00ednez G\u00f3mez, presidenta de la Academia Mexicana de Ciencias\u00a0 Secci\u00f3n Centro-Sur.<\/p>\n<p>Antonio Eusebio Lazcano Araujo Reyes es egresado de la Facultad de Ciencias de la UNAM, donde fund\u00f3 el Laboratorio de Origen de la Vida, anteriormente de microbiolog\u00eda.<\/p>\n<p>Durante m\u00e1s de 35 a\u00f1os ha estudiado el origen y la evoluci\u00f3n temprana de la vida por medio del an\u00e1lisis de secuencias de genes y genomas, adem\u00e1s es miembro de El Colegio Nacional.<\/p>\n","protected":false},"excerpt":{"rendered":"<p>Antonio Eusebio Lazcano Araujo Reyes, cient\u00edfico mexicano especializado en biolog\u00eda evolutiva, advirti\u00f3 que en los pr\u00f3ximos a\u00f1os la especie humana se enfrentar\u00e1 a m\u00e1s epidemias  producidas principalmente por el virus ARN (que usan el \u00e1cido ribonucleico como material gen\u00e9tico o en su proceso de reproducci\u00f3n) transmitido de los animales a las personas.<\/p>\n\r\n<div class=\"seriesmeta\">Contenido 10 de 35 del n\u00famero <a href=\"https:\/\/www.uv.mx\/universo\/numero\/669\/\" class=\"series-426\" title=\"669\">669<\/a><\/div>","protected":false},"author":1775,"featured_media":20167,"comment_status":"closed","ping_status":"closed","sticky":false,"template":"","format":"standard","meta":[],"categories":[1],"tags":[],"series":[426],"_links":{"self":[{"href":"https:\/\/www.uv.mx\/universo\/wp-json\/wp\/v2\/posts\/20195"}],"collection":[{"href":"https:\/\/www.uv.mx\/universo\/wp-json\/wp\/v2\/posts"}],"about":[{"href":"https:\/\/www.uv.mx\/universo\/wp-json\/wp\/v2\/types\/post"}],"author":[{"embeddable":true,"href":"https:\/\/www.uv.mx\/universo\/wp-json\/wp\/v2\/users\/1775"}],"replies":[{"embeddable":true,"href":"https:\/\/www.uv.mx\/universo\/wp-json\/wp\/v2\/comments?post=20195"}],"version-history":[{"count":0,"href":"https:\/\/www.uv.mx\/universo\/wp-json\/wp\/v2\/posts\/20195\/revisions"}],"wp:featuredmedia":[{"embeddable":true,"href":"https:\/\/www.uv.mx\/universo\/wp-json\/wp\/v2\/media\/20167"}],"wp:attachment":[{"href":"https:\/\/www.uv.mx\/universo\/wp-json\/wp\/v2\/media?parent=20195"}],"wp:term":[{"taxonomy":"category","embeddable":true,"href":"https:\/\/www.uv.mx\/universo\/wp-json\/wp\/v2\/categories?post=20195"},{"taxonomy":"post_tag","embeddable":true,"href":"https:\/\/www.uv.mx\/universo\/wp-json\/wp\/v2\/tags?post=20195"},{"taxonomy":"series","embeddable":true,"href":"https:\/\/www.uv.mx\/universo\/wp-json\/wp\/v2\/series?post=20195"}],"curies":[{"name":"wp","href":"https:\/\/api.w.org\/{rel}","templated":true}]}}