{"id":20232,"date":"2017-03-13T08:59:57","date_gmt":"2017-03-13T14:59:57","guid":{"rendered":"https:\/\/www.uv.mx\/universo\/?p=20232"},"modified":"2017-03-13T10:38:21","modified_gmt":"2017-03-13T16:38:21","slug":"uvi-las-selvas-medicina-y-fispa-sellan-calidad-de-la-uv-en-la-region-sur","status":"publish","type":"post","link":"https:\/\/www.uv.mx\/universo\/destacadas\/uvi-las-selvas-medicina-y-fispa-sellan-calidad-de-la-uv-en-la-region-sur\/","title":{"rendered":"UVI Las Selvas, Medicina y FISPA sellan calidad de la UV en la regi\u00f3n sur"},"content":{"rendered":"<div class=\"seriesmeta noshow\">Contenido 3 de 35 del n\u00famero <a href=\"https:\/\/www.uv.mx\/universo\/numero\/669\/\" class=\"series-426\" title=\"669\">669<\/a><\/div>\r\n<div id=\"attachment_20135\" style=\"width: 732px\" class=\"wp-caption aligncenter\"><a href=\"https:\/\/www.uv.mx\/universo\/files\/2017\/03\/Universo-669-015.jpg\"><img aria-describedby=\"caption-attachment-20135\" decoding=\"async\" loading=\"lazy\" class=\"size-full wp-image-20135\" src=\"https:\/\/www.uv.mx\/universo\/files\/2017\/03\/Universo-669-015.jpg\" alt=\"\" width=\"722\" height=\"412\" srcset=\"https:\/\/www.uv.mx\/universo\/files\/2017\/03\/Universo-669-015.jpg 722w, https:\/\/www.uv.mx\/universo\/files\/2017\/03\/Universo-669-015-300x171.jpg 300w\" sizes=\"(max-width: 722px) 100vw, 722px\" \/><\/a><p id=\"caption-attachment-20135\" class=\"wp-caption-text\">La Rectora celebr\u00f3 el Nivel 2 que otorg\u00f3 Ceneval a los aplicantes del EGEL<\/p><\/div>\n<div id=\"attachment_20134\" style=\"width: 732px\" class=\"wp-caption aligncenter\"><a href=\"https:\/\/www.uv.mx\/universo\/files\/2017\/03\/Universo-669-014.jpg\"><img aria-describedby=\"caption-attachment-20134\" decoding=\"async\" loading=\"lazy\" class=\"size-full wp-image-20134\" src=\"https:\/\/www.uv.mx\/universo\/files\/2017\/03\/Universo-669-014.jpg\" alt=\"\" width=\"722\" height=\"406\" srcset=\"https:\/\/www.uv.mx\/universo\/files\/2017\/03\/Universo-669-014.jpg 722w, https:\/\/www.uv.mx\/universo\/files\/2017\/03\/Universo-669-014-300x169.jpg 300w\" sizes=\"(max-width: 722px) 100vw, 722px\" \/><\/a><p id=\"caption-attachment-20134\" class=\"wp-caption-text\">Areli Castilla Chiu recibi\u00f3 la acreditaci\u00f3n de la LGID<\/p><\/div>\n<div id=\"attachment_20136\" style=\"width: 732px\" class=\"wp-caption aligncenter\"><a href=\"https:\/\/www.uv.mx\/universo\/files\/2017\/03\/Universo-669-016.jpg\"><img aria-describedby=\"caption-attachment-20136\" decoding=\"async\" loading=\"lazy\" class=\"size-full wp-image-20136\" src=\"https:\/\/www.uv.mx\/universo\/files\/2017\/03\/Universo-669-016.jpg\" alt=\"\" width=\"722\" height=\"406\" srcset=\"https:\/\/www.uv.mx\/universo\/files\/2017\/03\/Universo-669-016.jpg 722w, https:\/\/www.uv.mx\/universo\/files\/2017\/03\/Universo-669-016-300x169.jpg 300w\" sizes=\"(max-width: 722px) 100vw, 722px\" \/><\/a><p id=\"caption-attachment-20136\" class=\"wp-caption-text\">La comunidad de la FISPA celebr\u00f3 el reconocimiento como programa de calidad nacional<\/p><\/div>\n<p>&nbsp;<\/p>\n<p><em>En Medicina-Minatitl\u00e1n el Ceneval otorg\u00f3 el Nivel 2 a los egresados que presentaron el EGEL<\/em><\/p>\n<p><em>Est\u00e1 por cumplirse la meta de la presente administraci\u00f3n: acreditar el 100 por ciento de PE de calidad para 2017<\/em><\/p>\n<p><strong>Coatza \u2022 Mina \u2022 Acayucan<\/strong><\/p>\n<p><span style=\"font-size: 10pt\"><strong>David Sandoval Rodr\u00edguez<\/strong><\/span><\/p>\n<p>La Universidad Veracruzana (UV) sum\u00f3 m\u00e1s programas educativos (PE) reconocidos por su calidad, ahora en la regi\u00f3n Coatzacoalcos-Minatitl\u00e1n con las facultades de Medicina en Minatitl\u00e1n e Ingenier\u00eda en Sistemas de Producci\u00f3n Agropecuaria (FISPA) en Acayucan, adem\u00e1s de la Licenciatura en Gesti\u00f3n Intercultural para el Desarrollo (LGID) de la Universidad Veracruzana Intercultural (UVI) sede Las Selvas, ubicada en Huazuntl\u00e1n.<br \/>\nCon estos acontecimientos, la UV se acerca a la meta propuesta por la presente administraci\u00f3n: contar con el 100 por ciento de PE de calidad para 2017.<br \/>\nEl 8 de marzo, dos PE recibieron el reconocimiento que entregan los Comit\u00e9s Interinstitucionales para la Evaluaci\u00f3n de la Educaci\u00f3n Superior (CIEES) y que los acredita por su calidad a nivel nacional; asimismo, el otro PE fue reconocido como Programa de Alto Rendimiento Acad\u00e9mico por parte del Centro Nacional de Evaluaci\u00f3n para la Educaci\u00f3n Superior (Ceneval), por resultados en su Examen General para el Egreso de Licenciatura (EGEL).<br \/>\n\u201cEstamos ante una Universidad Veracruzana viva y activa, que tiene plena conciencia de su papel y que lo est\u00e1 desempe\u00f1ando con visi\u00f3n y perspectiva, y que, como un solo ente, sigue sumando fuerzas y esfuerzos hacia la consecuci\u00f3n del objetivo general de tener todos sus programas acreditados al final de mi administraci\u00f3n\u201d, manifest\u00f3 Sara Ladr\u00f3n de Guevara, rectora de la instituci\u00f3n.<br \/>\nEl Ceneval otorg\u00f3 el Nivel 2 al PE de Medicina en Minatitl\u00e1n, gracias a las calificaciones de sus egresados; al respecto, la Rectora destac\u00f3 que la Facultad ha sido pionera en la acreditaci\u00f3n con la que cuentan ahora los PE de Medicina de todas las regiones de la UV, \u201custedes nos se\u00f1alaron el camino\u201d, asever\u00f3.<br \/>\nLa meta y los resultados obtenidos coinciden con los objetivos generales de la presente administraci\u00f3n, a\u00f1adi\u00f3, \u201cpero, sobre todo, dan cuenta de la calidad de nuestros programas educativos, de la calidad con que formamos a nuestros alumnos, y de la calidad como criterio central en el ejercicio cotidiano de las labores de nuestra casa de estudio\u201d.<br \/>\nEn ese sentido, el director de la Facultad, Jos\u00e9 Luis S\u00e1nchez Rom\u00e1n, extendi\u00f3 el m\u00e1ximo reconocimiento a los acad\u00e9micos por su compromiso y motivaci\u00f3n.<br \/>\nAl celebrarse el D\u00eda Internacional de la Mujer, la Rectora pidi\u00f3 un aplauso de y para todas las mujeres en los tres eventos celebrados y apunt\u00f3: \u201cLa UV es un espacio propicio para las mujeres, algunas est\u00e1n cambiando esquemas en sus familias y otras son las primeras en sus casas que llegan a cursar una licenciatura\u201d.<br \/>\nEn la sede Las Selvas de la UVI, Sara Ladr\u00f3n de Guevara subray\u00f3 la pertinencia y pertenencia de la Licenciatura en Gesti\u00f3n Intercultural para el Desarrollo (LGID), que a partir de hoy es el primer PE de la UVI acreditado por los CIEES.<br \/>\nShantal Meseguer Galv\u00e1n, directora de la UVI, a\u00f1adi\u00f3 que desde su creaci\u00f3n 12 a\u00f1os atr\u00e1s, siempre se pens\u00f3 en proveer educaci\u00f3n de calidad, \u201cten\u00eda que ir unida a un trabajo contra las desigualdades de todo tipo, ofreciendo un servicio de pertenencia y pertinencia cultural para aprender de la diversidad\u201d.<br \/>\nEn ese sentido, el director de la FISPA, Nayib Bechara Acar Mart\u00ednez, al recibir a invitados y autoridades universitarias, dijo que en 21 a\u00f1os de historia se han titulado m\u00e1s de 700 egresados y actualmente el 60 por ciento obtiene empleo a seis meses de concluir sus estudios. \u201cEn la FISPA siempre damos m\u00e1s\u201d, recalc\u00f3.<br \/>\nLa consejera estudiantil, Marianne Itzel Chaires Herrera, resalt\u00f3 que en este d\u00eda de conmemoraciones y reconocimientos, \u201cla lucha de la mujer es por su participaci\u00f3n en igualdad con el hombre, para las mujeres de esta Facultad no existe ning\u00fan obst\u00e1culo\u201d.<br \/>\nEl vicerrector de la regi\u00f3n Coatzacoalcos-Minatitl\u00e1n, Jorge Alberto Andaverde Arredondo, puntualiz\u00f3 que en esta casa de estudio tienen cabida \u201ctodas las formas del pensamiento y se apoyan las acciones encaminadas al bien del pueblo mexicano, reconocemos nuestra pluralidad de ideas, sabemos que todos los universitarios colaboramos en la construcci\u00f3n de un mejor ma\u00f1ana\u201d.<br \/>\nCabe se\u00f1alar que en la UVI Las Selvas las autoridades universitarias encabezadas por la Rectora, el Vicerrector y la arque\u00f3loga y acad\u00e9mica, Lourdes Budar Jim\u00e9nez, responsable del proyecto \u201cPiedra Labrada\u201d, hicieron la donaci\u00f3n de la r\u00e9plica de la pieza arqueol\u00f3gica conocida como \u201cEl Pr\u00edncipe\u201d, cuyo original reside en el Museo de Antropolog\u00eda de Xalapa (MAX).<br \/>\nEn la visita a dicha sede se inaugur\u00f3 formalmente el VI Encuentro de Estudiantes de la UVI, que cont\u00f3 con representaciones de todas las sedes interculturales, delegaciones de estudiantes provenientes de Oaxaca e Hidalgo, as\u00ed como integrantes de organizaciones de la sociedad civil.<br \/>\nJavier D\u00edaz de la Serna Braojos, director t\u00e9cnico de CIEES, reconoci\u00f3 el esfuerzo y compromiso de las distintas comunidades universitarias y de la instituci\u00f3n en su conjunto por mantener la calidad educativa, \u201ces un compromiso continuo porque todos los mexicanos necesitamos buena educaci\u00f3n y ustedes son un ejemplo a seguir\u201d, asever\u00f3.<br \/>\nLas autoridades universitarias hicieron un recorrido por las nuevas instalaciones de la FISPA: espacios para el \u00e1rea administrativa, la biblioteca y aparatos para ejercitarse.<\/p>\n","protected":false},"excerpt":{"rendered":"<p>La Universidad Veracruzana (UV) sum\u00f3 m\u00e1s programas educativos (PE) reconocidos por su calidad, ahora en la regi\u00f3n Coatzacoalcos-Minatitl\u00e1n con las facultades de Medicina en Minatitl\u00e1n e Ingenier\u00eda en Sistemas de Producci\u00f3n Agropecuaria (FISPA) en Acayucan, adem\u00e1s de la Licenciatura en Gesti\u00f3n Intercultural para el Desarrollo (LGID) de la Universidad Veracruzana Intercultural (UVI) sede Las Selvas, ubicada en Huazuntl\u00e1n.<\/p>\n\r\n<div class=\"seriesmeta\">Contenido 3 de 35 del n\u00famero <a href=\"https:\/\/www.uv.mx\/universo\/numero\/669\/\" class=\"series-426\" title=\"669\">669<\/a><\/div>","protected":false},"author":1869,"featured_media":20237,"comment_status":"closed","ping_status":"closed","sticky":false,"template":"","format":"standard","meta":[],"categories":[278,360],"tags":[],"series":[426],"_links":{"self":[{"href":"https:\/\/www.uv.mx\/universo\/wp-json\/wp\/v2\/posts\/20232"}],"collection":[{"href":"https:\/\/www.uv.mx\/universo\/wp-json\/wp\/v2\/posts"}],"about":[{"href":"https:\/\/www.uv.mx\/universo\/wp-json\/wp\/v2\/types\/post"}],"author":[{"embeddable":true,"href":"https:\/\/www.uv.mx\/universo\/wp-json\/wp\/v2\/users\/1869"}],"replies":[{"embeddable":true,"href":"https:\/\/www.uv.mx\/universo\/wp-json\/wp\/v2\/comments?post=20232"}],"version-history":[{"count":0,"href":"https:\/\/www.uv.mx\/universo\/wp-json\/wp\/v2\/posts\/20232\/revisions"}],"wp:featuredmedia":[{"embeddable":true,"href":"https:\/\/www.uv.mx\/universo\/wp-json\/wp\/v2\/media\/20237"}],"wp:attachment":[{"href":"https:\/\/www.uv.mx\/universo\/wp-json\/wp\/v2\/media?parent=20232"}],"wp:term":[{"taxonomy":"category","embeddable":true,"href":"https:\/\/www.uv.mx\/universo\/wp-json\/wp\/v2\/categories?post=20232"},{"taxonomy":"post_tag","embeddable":true,"href":"https:\/\/www.uv.mx\/universo\/wp-json\/wp\/v2\/tags?post=20232"},{"taxonomy":"series","embeddable":true,"href":"https:\/\/www.uv.mx\/universo\/wp-json\/wp\/v2\/series?post=20232"}],"curies":[{"name":"wp","href":"https:\/\/api.w.org\/{rel}","templated":true}]}}