{"id":22263,"date":"2017-06-19T08:59:52","date_gmt":"2017-06-19T13:59:52","guid":{"rendered":"https:\/\/www.uv.mx\/universo\/?p=22263"},"modified":"2017-06-19T09:30:33","modified_gmt":"2017-06-19T14:30:33","slug":"uv-recibio-en-donacion-archivo-de-anatole-pohorilenko","status":"publish","type":"post","link":"https:\/\/www.uv.mx\/universo\/general\/uv-recibio-en-donacion-archivo-de-anatole-pohorilenko\/","title":{"rendered":"UV recibi\u00f3 en donaci\u00f3n archivo de Anatole Pohorilenko"},"content":{"rendered":"<div class=\"seriesmeta noshow\">Contenido 8 de 35 del n\u00famero <a href=\"https:\/\/www.uv.mx\/universo\/numero\/682\/\" class=\"series-439\" title=\"682\">682<\/a><\/div>\r\n<div id=\"attachment_22225\" style=\"width: 732px\" class=\"wp-caption aligncenter\"><a href=\"https:\/\/www.uv.mx\/universo\/universo-682-046\/\"><img aria-describedby=\"caption-attachment-22225\" decoding=\"async\" loading=\"lazy\" class=\"size-full wp-image-22225\" src=\"https:\/\/www.uv.mx\/universo\/files\/2017\/06\/Universo-682-046.jpg\" alt=\"Ana Salazar, Miriam Kaiser, Sara Ladr\u00f3n de Guevara, Vincent Cianni y Christopher Pool\" width=\"722\" height=\"483\" srcset=\"https:\/\/www.uv.mx\/universo\/files\/2017\/06\/Universo-682-046.jpg 722w, https:\/\/www.uv.mx\/universo\/files\/2017\/06\/Universo-682-046-300x201.jpg 300w\" sizes=\"(max-width: 722px) 100vw, 722px\" \/><\/a><p id=\"caption-attachment-22225\" class=\"wp-caption-text\">Ana Salazar, Miriam Kaiser, Sara Ladr\u00f3n de Guevara, Vincent Cianni y Christopher Pool<\/p><\/div>\n<p>&nbsp;<\/p>\n<p><span style=\"font-size: 8pt\"><strong>Claudia Peralta V\u00e1zquez<\/strong><\/span><\/p>\n<p>La Universidad Veracruzana (UV) recibi\u00f3 en donaci\u00f3n el archivo y colecci\u00f3n personal del estudioso de la cultura Olmeca, Anatole Pohorilenko \u2013fallecido hace tres a\u00f1os\u2013, cuyos aportes enriquecer\u00e1n los programas educativos de la Facultad de Antropolog\u00eda y el acervo universitario en \u00e1reas como la arqueolog\u00eda y el arte.<\/p>\n<p>En el marco del Simposio Internacional \u201cUso, administraci\u00f3n, control y representaci\u00f3n del agua en la costa Golfo\u201d, el fot\u00f3grafo Vincent Cianni, compa\u00f1ero y amigo del arque\u00f3logo alem\u00e1n, destac\u00f3: \u201c\u00c9sta es la forma en que Pohorilenko regresa a su querido M\u00e9xico, espero que este archivo sirva a estudiosos y p\u00fablico en general\u201d.<\/p>\n<p>Cianni destac\u00f3 la importancia de \u201ceste regalo\u201d de Estados Unidos a M\u00e9xico, en un momento tan significativo como el que se vive en la actualidad.<\/p>\n<p>En el mismo foro, Christopher Pool, de la Universidad de Kentucky, habl\u00f3 de los aportes de Pohorilenko al estudio de la cultura Olmeca y su influencia en el desarrollo art\u00edstico y cultural de Mesoam\u00e9rica.<\/p>\n<p>A su vez, Ana Mar\u00eda Salazar V\u00e1zquez, directora general de Bibliotecas, agradeci\u00f3 a Miriam Kaiser, directora de Exposiciones Nacionales e Internacionales del Instituto Nacional de Antropolog\u00eda e Historia, por su apoyo para que la colecci\u00f3n de Pohorilenko sea integrada a la Unidad de Servicios Bibliotecarios y de Informaci\u00f3n (USBI) de Xalapa.<\/p>\n<p>\u201cEs un trabajo de equipo que inicia en la Facultad de Antropolog\u00eda, con el aval de su director Sergio V\u00e1squez Z\u00e1rate, quien examin\u00f3 el contenido de la donaci\u00f3n.\u201d<\/p>\n<p>La funcionaria universitaria detall\u00f3 que ya se realizan los trabajos para catalogar los valiosos recursos documentales, para incorporarlos al acervo de la USBI.<\/p>\n<p>En su intervenci\u00f3n, Miriam Kaiser describi\u00f3 a Pohorilenko, a quien conoci\u00f3 en la d\u00e9cada de los sesenta, como un experto en el arte pict\u00f3rico del siglo XX y un apasionado por la cultura Olmeca.<\/p>\n","protected":false},"excerpt":{"rendered":"<p>La Universidad Veracruzana (UV) recibi\u00f3 en donaci\u00f3n el archivo y colecci\u00f3n personal del estudioso de la cultura Olmeca, Anatole Pohorilenko \u2013fallecido hace tres a\u00f1os\u2013, cuyos aportes enriquecer\u00e1n los programas educativos de la Facultad de Antropolog\u00eda y el acervo universitario en \u00e1reas como la arqueolog\u00eda y el arte.<\/p>\n\r\n<div class=\"seriesmeta\">Contenido 8 de 35 del n\u00famero <a href=\"https:\/\/www.uv.mx\/universo\/numero\/682\/\" class=\"series-439\" title=\"682\">682<\/a><\/div>","protected":false},"author":1775,"featured_media":22225,"comment_status":"closed","ping_status":"closed","sticky":false,"template":"","format":"standard","meta":[],"categories":[1],"tags":[],"series":[439],"_links":{"self":[{"href":"https:\/\/www.uv.mx\/universo\/wp-json\/wp\/v2\/posts\/22263"}],"collection":[{"href":"https:\/\/www.uv.mx\/universo\/wp-json\/wp\/v2\/posts"}],"about":[{"href":"https:\/\/www.uv.mx\/universo\/wp-json\/wp\/v2\/types\/post"}],"author":[{"embeddable":true,"href":"https:\/\/www.uv.mx\/universo\/wp-json\/wp\/v2\/users\/1775"}],"replies":[{"embeddable":true,"href":"https:\/\/www.uv.mx\/universo\/wp-json\/wp\/v2\/comments?post=22263"}],"version-history":[{"count":0,"href":"https:\/\/www.uv.mx\/universo\/wp-json\/wp\/v2\/posts\/22263\/revisions"}],"wp:featuredmedia":[{"embeddable":true,"href":"https:\/\/www.uv.mx\/universo\/wp-json\/wp\/v2\/media\/22225"}],"wp:attachment":[{"href":"https:\/\/www.uv.mx\/universo\/wp-json\/wp\/v2\/media?parent=22263"}],"wp:term":[{"taxonomy":"category","embeddable":true,"href":"https:\/\/www.uv.mx\/universo\/wp-json\/wp\/v2\/categories?post=22263"},{"taxonomy":"post_tag","embeddable":true,"href":"https:\/\/www.uv.mx\/universo\/wp-json\/wp\/v2\/tags?post=22263"},{"taxonomy":"series","embeddable":true,"href":"https:\/\/www.uv.mx\/universo\/wp-json\/wp\/v2\/series?post=22263"}],"curies":[{"name":"wp","href":"https:\/\/api.w.org\/{rel}","templated":true}]}}