{"id":22271,"date":"2017-06-19T08:59:55","date_gmt":"2017-06-19T13:59:55","guid":{"rendered":"https:\/\/www.uv.mx\/universo\/?p=22271"},"modified":"2017-06-19T09:30:33","modified_gmt":"2017-06-19T14:30:33","slug":"mas-de-100-estudiantes-participan-en-estancias-de-investigacion","status":"publish","type":"post","link":"https:\/\/www.uv.mx\/universo\/general\/mas-de-100-estudiantes-participan-en-estancias-de-investigacion\/","title":{"rendered":"M\u00e1s de 100 estudiantes participan en estancias de investigaci\u00f3n"},"content":{"rendered":"<div class=\"seriesmeta noshow\">Contenido 5 de 35 del n\u00famero <a href=\"https:\/\/www.uv.mx\/universo\/numero\/682\/\" class=\"series-439\" title=\"682\">682<\/a><\/div>\r\n<div id=\"attachment_22227\" style=\"width: 732px\" class=\"wp-caption aligncenter\"><a href=\"https:\/\/www.uv.mx\/universo\/universo-682-048\/\"><img aria-describedby=\"caption-attachment-22227\" decoding=\"async\" loading=\"lazy\" class=\"size-full wp-image-22227\" src=\"https:\/\/www.uv.mx\/universo\/files\/2017\/06\/Universo-682-048.jpg\" alt=\"Los j\u00f3venes fueron recibidos por autoridades universitarias\" width=\"722\" height=\"481\" srcset=\"https:\/\/www.uv.mx\/universo\/files\/2017\/06\/Universo-682-048.jpg 722w, https:\/\/www.uv.mx\/universo\/files\/2017\/06\/Universo-682-048-300x200.jpg 300w\" sizes=\"(max-width: 722px) 100vw, 722px\" \/><\/a><p id=\"caption-attachment-22227\" class=\"wp-caption-text\">Los j\u00f3venes fueron recibidos por autoridades universitarias<\/p><\/div>\n<p>&nbsp;<\/p>\n<p><span style=\"font-size: 8pt\"><strong>David Sandoval Rodr\u00edguez<\/strong><\/span><\/p>\n<p>Un total de 101 estudiantes de las cinco regiones universitarias que participan en el V Programa de Estancias Intersemestrales de Investigaci\u00f3n Cient\u00edfica fueron recibidos por autoridades de esta casa de estudio el 12 de junio en el auditorio de la Direcci\u00f3n General de Investigaciones (DGI).<\/p>\n<p>Del 13 de junio al 3 de julio y por quinto a\u00f1o consecutivo, los universitarios se integran\u00a0 a un programa de investigaci\u00f3n en alguna de las entidades de la m\u00e1xima casa de estudio, que para la presente edici\u00f3n cont\u00f3 con el apoyo de la Direcci\u00f3n General de Desarrollo Acad\u00e9mico e Innovaci\u00f3n Educativa (DGDAIE) en materia de est\u00edmulos econ\u00f3micos para los alumnos, ampliando as\u00ed el alcance de la convocatoria.<\/p>\n<p>En la bienvenida, Carmen Bl\u00e1zquez Dom\u00ednguez, titular de la DGI, enfatiz\u00f3 que el objetivo del programa radica en fomentar el inter\u00e9s de los estudiantes de licenciatura por la investigaci\u00f3n cient\u00edfica y tecnol\u00f3gica, promoviendo su movilidad dentro de las diferentes regiones de la instituci\u00f3n.<\/p>\n<p>La funcionaria puntualiz\u00f3 que de esta manera se fortalecen sus conocimientos disciplinares y \u201cesto permitir\u00e1 ampliar sus opciones de formaci\u00f3n profesional futura, obteniendo un aprovechamiento de los saberes que les ser\u00e1n transmitidos a trav\u00e9s de los investigadores anfitriones\u201d.<\/p>\n<p>Las estancias significan adem\u00e1s un acercamiento al trabajo acad\u00e9mico de los investigadores, que permite conocer de cerca su labor cotidiana y con ello\u00a0despertar el inter\u00e9s para que\u00a0los j\u00f3venes universitarios contin\u00faen en esta actividad y puedan\u00a0cursar un posgrado en alg\u00fan instituto o facultad, o bien en instituciones externas.<\/p>\n<p>A trav\u00e9s de la DGI y la DGDAIE, se gestionaron recursos econ\u00f3micos para otorgar apoyos a los participantes, quienes durante su estancia colaboran en el desarrollo de un proyecto de investigaci\u00f3n, \u201calgo que sin apoyo de movilidad ser\u00eda dif\u00edcil\u201d, destac\u00f3 Bl\u00e1zquez Dom\u00ednguez.<\/p>\n<p>Los alumnos evaluados y aprobados por los investigadores obtendr\u00e1n 10 cr\u00e9ditos en el \u00c1rea de Formaci\u00f3n de Elecci\u00f3n Libre (AFEL), detall\u00f3.<\/p>\n<p>Durante la presente administraci\u00f3n se ha incrementado la participaci\u00f3n de los j\u00f3venes, en la presente convocatoria hubo 198 solicitudes y fueron aprobadas 101, tras una evaluaci\u00f3n a cargo de una comisi\u00f3n espec\u00edfica.<\/p>\n<p>En la misma medida, se ha incrementado la participaci\u00f3n de investigadores en el programa, sumando un total<br \/>\nde 63 acad\u00e9micos.<\/p>\n<p>En su oportunidad, la rectora Sara Ladr\u00f3n de Guevara destac\u00f3 cinco aspectos del programa; continuidad, impulso a la investigaci\u00f3n, movilidad, n\u00famero de entidades universitarias participantes y pertinencia, todos relacionados con el eje estrat\u00e9gico \u201cInnovaci\u00f3n acad\u00e9mica con calidad\u201d del Programa de Trabajo Estrat\u00e9gico 2013-2017. \u201cTradici\u00f3n e Innovaci\u00f3n\u201d, cuyo objetivo es formar \u00edntegramente al estudiante con equidad, liderazgo, compromiso y principios \u00e9ticos y humanos.<\/p>\n","protected":false},"excerpt":{"rendered":"<p>Un total de 101 estudiantes de las cinco regiones universitarias que participan en el V Programa de Estancias Intersemestrales de Investigaci\u00f3n Cient\u00edfica fueron recibidos por autoridades de esta casa de estudio el 12 de junio en el auditorio de la Direcci\u00f3n General de Investigaciones (DGI).<\/p>\n\r\n<div class=\"seriesmeta\">Contenido 5 de 35 del n\u00famero <a href=\"https:\/\/www.uv.mx\/universo\/numero\/682\/\" class=\"series-439\" title=\"682\">682<\/a><\/div>","protected":false},"author":1775,"featured_media":22227,"comment_status":"closed","ping_status":"closed","sticky":false,"template":"","format":"standard","meta":[],"categories":[1],"tags":[],"series":[439],"_links":{"self":[{"href":"https:\/\/www.uv.mx\/universo\/wp-json\/wp\/v2\/posts\/22271"}],"collection":[{"href":"https:\/\/www.uv.mx\/universo\/wp-json\/wp\/v2\/posts"}],"about":[{"href":"https:\/\/www.uv.mx\/universo\/wp-json\/wp\/v2\/types\/post"}],"author":[{"embeddable":true,"href":"https:\/\/www.uv.mx\/universo\/wp-json\/wp\/v2\/users\/1775"}],"replies":[{"embeddable":true,"href":"https:\/\/www.uv.mx\/universo\/wp-json\/wp\/v2\/comments?post=22271"}],"version-history":[{"count":0,"href":"https:\/\/www.uv.mx\/universo\/wp-json\/wp\/v2\/posts\/22271\/revisions"}],"wp:featuredmedia":[{"embeddable":true,"href":"https:\/\/www.uv.mx\/universo\/wp-json\/wp\/v2\/media\/22227"}],"wp:attachment":[{"href":"https:\/\/www.uv.mx\/universo\/wp-json\/wp\/v2\/media?parent=22271"}],"wp:term":[{"taxonomy":"category","embeddable":true,"href":"https:\/\/www.uv.mx\/universo\/wp-json\/wp\/v2\/categories?post=22271"},{"taxonomy":"post_tag","embeddable":true,"href":"https:\/\/www.uv.mx\/universo\/wp-json\/wp\/v2\/tags?post=22271"},{"taxonomy":"series","embeddable":true,"href":"https:\/\/www.uv.mx\/universo\/wp-json\/wp\/v2\/series?post=22271"}],"curies":[{"name":"wp","href":"https:\/\/api.w.org\/{rel}","templated":true}]}}