{"id":23903,"date":"2017-09-25T08:59:41","date_gmt":"2017-09-25T13:59:41","guid":{"rendered":"https:\/\/www.uv.mx\/universo\/?p=23903"},"modified":"2017-09-25T09:54:57","modified_gmt":"2017-09-25T14:54:57","slug":"ingenieria-realizo-4to-simposio-de-metalurgia-y-materiales","status":"publish","type":"post","link":"https:\/\/www.uv.mx\/universo\/regiones\/ingenieria-realizo-4to-simposio-de-metalurgia-y-materiales\/","title":{"rendered":"Ingenier\u00eda realiz\u00f3 4to Simposio de Metalurgia y Materiales"},"content":{"rendered":"<div class=\"seriesmeta noshow\">Contenido 19 de 42 del n\u00famero <a href=\"https:\/\/www.uv.mx\/universo\/numero\/692\/\" class=\"series-449\" title=\"692\">692<\/a><\/div>\r\n<div id=\"attachment_23777\" style=\"width: 732px\" class=\"wp-caption aligncenter\"><a href=\"https:\/\/www.uv.mx\/universo\/files\/2017\/09\/Universo-692-027.jpg\"><img aria-describedby=\"caption-attachment-23777\" decoding=\"async\" loading=\"lazy\" class=\"size-full wp-image-23777\" src=\"https:\/\/www.uv.mx\/universo\/files\/2017\/09\/Universo-692-027.jpg\" alt=\"\" width=\"722\" height=\"542\" srcset=\"https:\/\/www.uv.mx\/universo\/files\/2017\/09\/Universo-692-027.jpg 722w, https:\/\/www.uv.mx\/universo\/files\/2017\/09\/Universo-692-027-300x225.jpg 300w\" sizes=\"(max-width: 722px) 100vw, 722px\" \/><\/a><p id=\"caption-attachment-23777\" class=\"wp-caption-text\">Autoridades regionales inauguraron el evento<\/p><\/div>\n<div id=\"attachment_23776\" style=\"width: 732px\" class=\"wp-caption aligncenter\"><a href=\"https:\/\/www.uv.mx\/universo\/files\/2017\/09\/Universo-692-026.jpg\"><img aria-describedby=\"caption-attachment-23776\" decoding=\"async\" loading=\"lazy\" class=\"size-full wp-image-23776\" src=\"https:\/\/www.uv.mx\/universo\/files\/2017\/09\/Universo-692-026.jpg\" alt=\"\" width=\"722\" height=\"542\" srcset=\"https:\/\/www.uv.mx\/universo\/files\/2017\/09\/Universo-692-026.jpg 722w, https:\/\/www.uv.mx\/universo\/files\/2017\/09\/Universo-692-026-300x225.jpg 300w\" sizes=\"(max-width: 722px) 100vw, 722px\" \/><\/a><p id=\"caption-attachment-23776\" class=\"wp-caption-text\">Los j\u00f3venes escucharon a ponentes de diversas instituciones<\/p><\/div>\n<p>&nbsp;<\/p>\n<p><strong>Veracruz<\/strong><\/p>\n<p><span style=\"font-size: 10pt\"><strong>F\u00e1tima Karina P\u00e9rez Ortega<\/strong><\/span><\/p>\n<p>La Universidad Veracruzana (UV), en coordinaci\u00f3n con la Academia de Metalurgia y Materiales, realiz\u00f3 el 4to Simposio de Metalurgia y Materiales (Simemat) \u201cImpacto e innovaci\u00f3n en materiales\u201d, los d\u00edas 20, 21 y 22 de septiembre en el Aula Magna de la Facultad de Ingenier\u00eda.<br \/>\nEl evento se realiza desde 2014 y tiene por objetivo establecer las bases que permitan destacar a nivel nacional el programa educativo (PE) Ingenier\u00eda en Metal\u00fargica y Ciencias de los Materiales, adem\u00e1s de acercar a la comunidad estudiantil a la industria del mismo sector y dar a conocer sus avances, objetivos y necesidades actuales.<br \/>\nEn la inauguraci\u00f3n se cont\u00f3 con la presencia de Carlos Lamothe Zavaleta, secretario Acad\u00e9mico regional; Enrique Morales Gonz\u00e1lez, director de la Facultad de Ingenier\u00eda; Dunia D\u00edaz D\u00edaz, jefe de carrera del PE Ingenier\u00eda Metal\u00fargica y Ciencias de los Materiales; Luis Zamora Peredo, en representaci\u00f3n del Centro de Investigaci\u00f3n de Micro y Nanotecnolog\u00eda; Ricardo Orozco Cruz, presidente de la Sociedad Mexicana de Electroqu\u00edmica, y Alfonso Izquierdo, director general de Investigaci\u00f3n y Desarrollo de Tenaris Tamsa.<br \/>\nTambi\u00e9n asistieron invitados especiales como Francisco Ortiz Mart\u00ednez, jefe de carrera del PE Ingenier\u00eda Mec\u00e1nica y El\u00e9ctrica; Casildo Pacheco Mart\u00ednez, jefe de carrera del PE Ingenier\u00eda Qu\u00edmica; M\u00f3nica Flores y Juan Andr\u00e9s P\u00e9rez, del Departamento de Reclutamiento y Selecci\u00f3n de Tenaris Tamsa.<br \/>\nEl Secretario Acad\u00e9mico Regional celebr\u00f3 la cuarta edici\u00f3n del simposio, mediante el cual la Universidad promueve PE pertinentes, de esta manera cumple de manera puntual el compromiso que tiene con la sociedad.<br \/>\nPor su parte, Alfonso Izquierdo resalt\u00f3 la responsabilidad que los estudiantes tienen ante la comunidad, de ah\u00ed la importancia de su preparaci\u00f3n y estar siempre informados en temas de investigaci\u00f3n.<br \/>\nEn tanto el Director de la Facultad de Ingenier\u00eda dijo que este evento es para beneficio y desarrollo de la comunidad.<br \/>\nComo parte del simposio, especialistas de Tenaris Tamsa, del Instituto Nacional de Antropolog\u00eda e Historia (INAH), de la Facultad de Qu\u00edmica de la Universidad Nacional Aut\u00f3noma de M\u00e9xico (UNAM) y de Materiales Tecnol\u00f3gicos Ellwood presentaron diversas ponencias.<\/p>\n","protected":false},"excerpt":{"rendered":"<p>La Universidad Veracruzana (UV), en coordinaci\u00f3n con la Academia de Metalurgia y Materiales, realiz\u00f3 el 4to Simposio de Metalurgia y Materiales (Simemat) \u201cImpacto e innovaci\u00f3n en materiales\u201d, los d\u00edas 20, 21 y 22 de septiembre en el Aula Magna de la Facultad de Ingenier\u00eda.<\/p>\n\r\n<div class=\"seriesmeta\">Contenido 19 de 42 del n\u00famero <a href=\"https:\/\/www.uv.mx\/universo\/numero\/692\/\" class=\"series-449\" title=\"692\">692<\/a><\/div>","protected":false},"author":1869,"featured_media":23777,"comment_status":"closed","ping_status":"closed","sticky":false,"template":"","format":"standard","meta":[],"categories":[360],"tags":[],"series":[449],"_links":{"self":[{"href":"https:\/\/www.uv.mx\/universo\/wp-json\/wp\/v2\/posts\/23903"}],"collection":[{"href":"https:\/\/www.uv.mx\/universo\/wp-json\/wp\/v2\/posts"}],"about":[{"href":"https:\/\/www.uv.mx\/universo\/wp-json\/wp\/v2\/types\/post"}],"author":[{"embeddable":true,"href":"https:\/\/www.uv.mx\/universo\/wp-json\/wp\/v2\/users\/1869"}],"replies":[{"embeddable":true,"href":"https:\/\/www.uv.mx\/universo\/wp-json\/wp\/v2\/comments?post=23903"}],"version-history":[{"count":0,"href":"https:\/\/www.uv.mx\/universo\/wp-json\/wp\/v2\/posts\/23903\/revisions"}],"wp:featuredmedia":[{"embeddable":true,"href":"https:\/\/www.uv.mx\/universo\/wp-json\/wp\/v2\/media\/23777"}],"wp:attachment":[{"href":"https:\/\/www.uv.mx\/universo\/wp-json\/wp\/v2\/media?parent=23903"}],"wp:term":[{"taxonomy":"category","embeddable":true,"href":"https:\/\/www.uv.mx\/universo\/wp-json\/wp\/v2\/categories?post=23903"},{"taxonomy":"post_tag","embeddable":true,"href":"https:\/\/www.uv.mx\/universo\/wp-json\/wp\/v2\/tags?post=23903"},{"taxonomy":"series","embeddable":true,"href":"https:\/\/www.uv.mx\/universo\/wp-json\/wp\/v2\/series?post=23903"}],"curies":[{"name":"wp","href":"https:\/\/api.w.org\/{rel}","templated":true}]}}