{"id":24006,"date":"2017-10-02T08:59:41","date_gmt":"2017-10-02T13:59:41","guid":{"rendered":"https:\/\/www.uv.mx\/universo\/?p=24006"},"modified":"2017-10-02T10:57:07","modified_gmt":"2017-10-02T15:57:07","slug":"derecho-reconocio-trayectoria-de-guillermo-ortiz-mayagoitia","status":"publish","type":"post","link":"https:\/\/www.uv.mx\/universo\/general\/derecho-reconocio-trayectoria-de-guillermo-ortiz-mayagoitia\/","title":{"rendered":"Derecho reconoci\u00f3 trayectoria de Guillermo Ortiz Mayagoitia"},"content":{"rendered":"<div class=\"seriesmeta noshow\">Contenido 19 de 29 del n\u00famero <a href=\"https:\/\/www.uv.mx\/universo\/numero\/693\/\" class=\"series-450\" title=\"693\">693<\/a><\/div>\r\n<div id=\"attachment_23977\" style=\"width: 732px\" class=\"wp-caption aligncenter\"><a href=\"https:\/\/www.uv.mx\/universo\/universo-693-070\/\"><img aria-describedby=\"caption-attachment-23977\" decoding=\"async\" loading=\"lazy\" class=\"size-full wp-image-23977\" src=\"https:\/\/www.uv.mx\/universo\/files\/2017\/09\/Universo-693-070.jpg\" alt=\" La generaci\u00f3n 1983-1987 festej\u00f3 30 a\u00f1os de su egreso\" width=\"722\" height=\"481\" srcset=\"https:\/\/www.uv.mx\/universo\/files\/2017\/09\/Universo-693-070.jpg 722w, https:\/\/www.uv.mx\/universo\/files\/2017\/09\/Universo-693-070-300x200.jpg 300w\" sizes=\"(max-width: 722px) 100vw, 722px\" \/><\/a><p id=\"caption-attachment-23977\" class=\"wp-caption-text\">La generaci\u00f3n 1983-1987 festej\u00f3 30 a\u00f1os de su egreso<\/p><\/div>\n<p>&nbsp;<\/p>\n<p><span style=\"font-size: 8pt\"><strong>Jos\u00e9 Luis Couttolenc Soto<\/strong><\/span><\/p>\n<p>Con un p\u00fablico reconocimiento a la trayectoria profesional del veracruzano y ministro en retiro Guillermo I. Ortiz Mayagoitia, quien por motivos personales no pudo estar presente en el evento, la generaci\u00f3n 1983-1987 de la Facultad de Derecho concluy\u00f3 el 22 de septiembre la semana acad\u00e9mica con la que celebr\u00f3 el 30 aniversario de su egreso de esta instituci\u00f3n.<\/p>\n<p>En el acto protocolario, efectuado en el Aula Magna que lleva el nombre del homenajeado, y en cuya representaci\u00f3n estuvo Jos\u00e9 Pi\u00f1ero D\u00edaz, se record\u00f3 que Ortiz Mayagoitia es egresado de la Facultad de Derecho, a la que ha puesto muy en alto, ocupando cargos de gran responsabilidad dentro de la impartici\u00f3n de justicia, incluso fue presidente de la Suprema Corte de Justicia de la Naci\u00f3n, en donde se desempe\u00f1\u00f3 de 2007 a 2011.<\/p>\n<p>Jos\u00e9 Luis Cuevas Gayosso, director de la entidad universitaria, expres\u00f3 que el Aula Magna representa un espacio emblem\u00e1tico dentro de la instituci\u00f3n, por lo que la junta acad\u00e9mica acord\u00f3 que llevara el nombre de \u201cGuillermo I. Ortiz Mayagoitia\u201d, en reconocimiento a un veracruzano con gran trascendencia y significado para esta Facultad.<\/p>\n<div id=\"attachment_23976\" style=\"width: 732px\" class=\"wp-caption aligncenter\"><a href=\"https:\/\/www.uv.mx\/universo\/universo-693-069\/\"><img aria-describedby=\"caption-attachment-23976\" decoding=\"async\" loading=\"lazy\" class=\"size-full wp-image-23976\" src=\"https:\/\/www.uv.mx\/universo\/files\/2017\/09\/Universo-693-069.jpg\" alt=\"Jos\u00e9 Pi\u00f1ero D\u00edaz devel\u00f3 la placa alusiva\" width=\"722\" height=\"481\" srcset=\"https:\/\/www.uv.mx\/universo\/files\/2017\/09\/Universo-693-069.jpg 722w, https:\/\/www.uv.mx\/universo\/files\/2017\/09\/Universo-693-069-300x200.jpg 300w\" sizes=\"(max-width: 722px) 100vw, 722px\" \/><\/a><p id=\"caption-attachment-23976\" class=\"wp-caption-text\">Jos\u00e9 Pi\u00f1ero D\u00edaz devel\u00f3 la placa alusiva<\/p><\/div>\n<p>&nbsp;<\/p>\n<p>\u201cLos miembros de la generaci\u00f3n hoy reunida son ejemplo de la calidad de la Universidad y de la Facultad, entre ellos hay magistrados, jueces, notarios, abogados postulantes, investigadores, docentes, as\u00ed como profesionales que se han posicionado para servir a Veracruz y a M\u00e9xico.\u201d<\/p>\n<p>Durante el evento, miembros del comit\u00e9 organizador del festejo entregaron paquetes de libros a los alumnos m\u00e1s aventajados de la carrera. La celebraci\u00f3n culmin\u00f3 con la develaci\u00f3n de una placa conmemorativa, la cual fue instalada en el vest\u00edbulo del plantel.<\/p>\n<p>Estuvieron presentes Jorge Sebasti\u00e1n Mart\u00ednez Garc\u00eda, magistrado del Poder Judicial de la Federaci\u00f3n; Jos\u00e9 Luis Enr\u00edquez Ambell, diputado local (ambos miembros de la generaci\u00f3n en festejo); Lauro L\u00f3pez Zumaya, subsecretario de Asuntos Jur\u00eddicos y Legislativos de la Secretar\u00eda de Gobierno, as\u00ed como acad\u00e9micos que fueron forjadores de esta generaci\u00f3n.<\/p>\n","protected":false},"excerpt":{"rendered":"<p>Con un p\u00fablico reconocimiento a la trayectoria profesional del veracruzano y ministro en retiro Guillermo I. Ortiz Mayagoitia, quien por motivos personales no pudo estar presente en el evento, la generaci\u00f3n 1983-1987 de la Facultad de Derecho concluy\u00f3 el 22 de septiembre la semana acad\u00e9mica con la que celebr\u00f3 el 30 aniversario de su egreso de esta instituci\u00f3n.<\/p>\n\r\n<div class=\"seriesmeta\">Contenido 19 de 29 del n\u00famero <a href=\"https:\/\/www.uv.mx\/universo\/numero\/693\/\" class=\"series-450\" title=\"693\">693<\/a><\/div>","protected":false},"author":1775,"featured_media":23977,"comment_status":"closed","ping_status":"closed","sticky":false,"template":"","format":"standard","meta":[],"categories":[1],"tags":[],"series":[450],"_links":{"self":[{"href":"https:\/\/www.uv.mx\/universo\/wp-json\/wp\/v2\/posts\/24006"}],"collection":[{"href":"https:\/\/www.uv.mx\/universo\/wp-json\/wp\/v2\/posts"}],"about":[{"href":"https:\/\/www.uv.mx\/universo\/wp-json\/wp\/v2\/types\/post"}],"author":[{"embeddable":true,"href":"https:\/\/www.uv.mx\/universo\/wp-json\/wp\/v2\/users\/1775"}],"replies":[{"embeddable":true,"href":"https:\/\/www.uv.mx\/universo\/wp-json\/wp\/v2\/comments?post=24006"}],"version-history":[{"count":0,"href":"https:\/\/www.uv.mx\/universo\/wp-json\/wp\/v2\/posts\/24006\/revisions"}],"wp:featuredmedia":[{"embeddable":true,"href":"https:\/\/www.uv.mx\/universo\/wp-json\/wp\/v2\/media\/23977"}],"wp:attachment":[{"href":"https:\/\/www.uv.mx\/universo\/wp-json\/wp\/v2\/media?parent=24006"}],"wp:term":[{"taxonomy":"category","embeddable":true,"href":"https:\/\/www.uv.mx\/universo\/wp-json\/wp\/v2\/categories?post=24006"},{"taxonomy":"post_tag","embeddable":true,"href":"https:\/\/www.uv.mx\/universo\/wp-json\/wp\/v2\/tags?post=24006"},{"taxonomy":"series","embeddable":true,"href":"https:\/\/www.uv.mx\/universo\/wp-json\/wp\/v2\/series?post=24006"}],"curies":[{"name":"wp","href":"https:\/\/api.w.org\/{rel}","templated":true}]}}