{"id":24344,"date":"2017-10-16T08:59:58","date_gmt":"2017-10-16T13:59:58","guid":{"rendered":"https:\/\/www.uv.mx\/universo\/?p=24344"},"modified":"2017-10-16T10:31:37","modified_gmt":"2017-10-16T15:31:37","slug":"cecda-celebro-7-coloquio-de-investigacion-en-artes","status":"publish","type":"post","link":"https:\/\/www.uv.mx\/universo\/cultura\/cecda-celebro-7-coloquio-de-investigacion-en-artes\/","title":{"rendered":"CECDA celebr\u00f3 7\u00b0 Coloquio  de Investigaci\u00f3n en Artes"},"content":{"rendered":"<div class=\"seriesmeta noshow\">Contenido 2 de 37 del n\u00famero <a href=\"https:\/\/www.uv.mx\/universo\/numero\/695\/\" class=\"series-452\" title=\"695\">695<\/a><\/div>\r\n<div id=\"attachment_24229\" style=\"width: 732px\" class=\"wp-caption aligncenter\"><a href=\"https:\/\/www.uv.mx\/universo\/files\/2017\/10\/Universo-695-009.jpg\"><img aria-describedby=\"caption-attachment-24229\" decoding=\"async\" loading=\"lazy\" class=\"size-full wp-image-24229\" src=\"https:\/\/www.uv.mx\/universo\/files\/2017\/10\/Universo-695-009.jpg\" alt=\"\" width=\"722\" height=\"482\" srcset=\"https:\/\/www.uv.mx\/universo\/files\/2017\/10\/Universo-695-009.jpg 722w, https:\/\/www.uv.mx\/universo\/files\/2017\/10\/Universo-695-009-300x200.jpg 300w\" sizes=\"(max-width: 722px) 100vw, 722px\" \/><\/a><p id=\"caption-attachment-24229\" class=\"wp-caption-text\">Magdalena Hern\u00e1ndez Alarc\u00f3n dio la bienvenida<\/p><\/div>\n<div id=\"attachment_24228\" style=\"width: 732px\" class=\"wp-caption aligncenter\"><a href=\"https:\/\/www.uv.mx\/universo\/files\/2017\/10\/Universo-695-008.jpg\"><img aria-describedby=\"caption-attachment-24228\" decoding=\"async\" loading=\"lazy\" class=\"size-full wp-image-24228\" src=\"https:\/\/www.uv.mx\/universo\/files\/2017\/10\/Universo-695-008.jpg\" alt=\"\" width=\"722\" height=\"482\" srcset=\"https:\/\/www.uv.mx\/universo\/files\/2017\/10\/Universo-695-008.jpg 722w, https:\/\/www.uv.mx\/universo\/files\/2017\/10\/Universo-695-008-300x200.jpg 300w\" sizes=\"(max-width: 722px) 100vw, 722px\" \/><\/a><p id=\"caption-attachment-24228\" class=\"wp-caption-text\">Artistas de 15 organizaciones se dieron cita en la Galer\u00eda de Artes Pl\u00e1sticas<\/p><\/div>\n<div id=\"attachment_24230\" style=\"width: 732px\" class=\"wp-caption aligncenter\"><a href=\"https:\/\/www.uv.mx\/universo\/files\/2017\/10\/Universo-695-010.jpg\"><img aria-describedby=\"caption-attachment-24230\" decoding=\"async\" loading=\"lazy\" class=\"size-full wp-image-24230\" src=\"https:\/\/www.uv.mx\/universo\/files\/2017\/10\/Universo-695-010.jpg\" alt=\"\" width=\"722\" height=\"580\" srcset=\"https:\/\/www.uv.mx\/universo\/files\/2017\/10\/Universo-695-010.jpg 722w, https:\/\/www.uv.mx\/universo\/files\/2017\/10\/Universo-695-010-300x241.jpg 300w\" sizes=\"(max-width: 722px) 100vw, 722px\" \/><\/a><p id=\"caption-attachment-24230\" class=\"wp-caption-text\">Participantes de la mesa \u201cArtes y g\u00e9nero\u201d<\/p><\/div>\n<p>&nbsp;<\/p>\n<p class=\"p1\"><span style=\"font-size: 10pt\"><strong>Claudia Peralta V\u00e1zquez<\/strong><\/span><\/p>\n<p class=\"p1\"><span class=\"s1\">El 7\u00b0 Coloquio de Investigaci\u00f3n en Artes \u201cReflexiones de una d\u00e9cada\u201d, congreg\u00f3 a 44 artistas de 15 instituciones y organizaciones, del 9 al 11 de octubre, en la Galer\u00eda de Artes Pl\u00e1sticas de la Unidad de Artes.<\/span><\/p>\n<p class=\"p2\">En la inauguraci\u00f3n, Magdalena Hern\u00e1ndez Alarc\u00f3n, secretaria Acad\u00e9mica de esta casa de estudio, reconoci\u00f3 el trabajo del Centro de Estudios, Creaci\u00f3n y Documentaci\u00f3n de las Artes (CECDA), creado en 2007 bajo el nombre de Programa de Investigaci\u00f3n en Artes, a trav\u00e9s del cual surgi\u00f3 este foro.<\/p>\n<p class=\"p2\">Miguel Flores Covarrubias, director general del \u00c1rea Acad\u00e9mica de Artes, garantiz\u00f3 el respaldo a la continuidad de este evento que a\u00f1o con a\u00f1o invita a reflexionar sobre la investigaci\u00f3n en las artes.<\/p>\n<p class=\"p2\">Elzbieta Fediuk Walczewska, coordinadora del CECDA, destac\u00f3 los logros cosechados durante los 10 \u00faltimos a\u00f1os: \u201cEstamos siempre abiertos a apoyar a los profesores y estudiantes que realizan proyectos de investigaci\u00f3n, tambi\u00e9n organizamos encuentros y seminarios sobre temas muy puntuales\u201d, expuso.<\/p>\n<p class=\"p2\">\u201cNecesitamos tener el contacto con estudiantes y profesores, y motivar la generaci\u00f3n de la investigaci\u00f3n\u201d, agreg\u00f3.<\/p>\n<p class=\"p2\"><span class=\"s1\">En tanto, Ahtziri Molina Rold\u00e1n, integrante del comit\u00e9 organizador del 7\u00b0 Coloquio de Investigaci\u00f3n en Artes, se\u00f1al\u00f3 que a principios de este siglo la investigaci\u00f3n de gabinete desde las artes y los posgrados era poco comprendida y valorada pues muchos profesores de estas disciplinas se hab\u00edan formado en la pr\u00e1ctica y no en las escuelas de artes, lo cual tambi\u00e9n era v\u00e1lido, pero presentaban un divorcio bajo esta visi\u00f3n.<\/span><\/p>\n<p class=\"p2\"><span class=\"s1\">Cuando las pol\u00edticas de educaci\u00f3n superior de nuestro pa\u00eds se pronunciaron por la generaci\u00f3n de posgrados y el impulso de la investigaci\u00f3n desde las universidades estatales, el \u00e1rea de artes se encontr\u00f3 desprotegida con un nuevo reto por delante.<\/span><\/p>\n<p class=\"p2\"><span class=\"s1\">Fue as\u00ed como Elzbieta Fediuk propuso la organizaci\u00f3n de este primer espacio de di\u00e1logo y de trabajos de investigaci\u00f3n, que actualmente \u201ces el recuento de 10 a\u00f1os de trabajo empaquetados en siete ediciones\u201d.<\/span><\/p>\n<p class=\"p2\"><span class=\"s1\">Indic\u00f3 que durante este periodo tambi\u00e9n se han explorado diversos formatos de di\u00e1logo, interlocutores, temas universitarios, veracruzanos, propios y ajenos, buscando que sea incluyente y abierto en modo de organizaci\u00f3n y propuestas tem\u00e1ticas.<\/span><\/p>\n<p class=\"p2\">Por esta raz\u00f3n, se ha contado con la participaci\u00f3n de profesores del \u00e1rea de artes, de invitados acad\u00e9micos de otras instituciones, artistas dando sus testimonios, desarrollos de investigaci\u00f3n de estudiantes de posgrado, presentaciones art\u00edsticas, talleres art\u00edsticos y otros trabajos experimentales.<\/p>\n<p class=\"p2\">\u201cAs\u00ed, la noci\u00f3n de que la teor\u00eda est\u00e1 peleada con la pr\u00e1ctica art\u00edstica ha quedado descartada, de tal modo ha sido m\u00e1s f\u00e1cil conquistar a quienes se resisten a las posibilidades de la investigaci\u00f3n como una pr\u00e1ctica docente y art\u00edstica.\u201d<\/p>\n<p class=\"p4\"><b>Arte y g\u00e9nero<\/b><\/p>\n<p class=\"p1\">La primera actividad del coloquio tuvo como tema central \u201cArtes y g\u00e9nero\u201d y en ella particip\u00f3 Jonathan Escobedo Gamas, egresado de la Facultad de Artes Pl\u00e1sticas y estudiante de la Maestr\u00eda en Estudios de G\u00e9nero, quien dio a conocer los avances de su trabajo recepcional denominado \u201cDe hombre a hombre. Arte y homofobia\u201d.<\/p>\n<p class=\"p2\">El universitario, quien a trav\u00e9s del arte plasma aspectos de la homofobia, se\u00f1al\u00f3 que la discriminaci\u00f3n sigue siendo un problema y que la comunidad gay es estigmatizada por las creencias religiosas y la sociedad.<\/p>\n<p class=\"p2\">Fue durante su estancia en la Universidad cuando surgi\u00f3 su inter\u00e9s en el tema, sobre el cual organiz\u00f3 su primera exposici\u00f3n individual.<\/p>\n<p class=\"p2\">Durante su charla, realizada el 9 de octubre en el auditorio de la Galer\u00eda de Artes Pl\u00e1sticas, explic\u00f3 que la muestra <i>Rigidez\/Fragilidad<\/i> se conform\u00f3 con esculturas de genitales masculinos, elaboradas en materiales como aluminio, cera, jab\u00f3n, hielo y gelatina.<\/p>\n<p class=\"p2\"><span class=\"s1\">Para ello se bas\u00f3 en algunas lecturas de psicolog\u00eda, ya que muchas veces la aversi\u00f3n a los homosexuales tiene una carga de miedo: \u201cNo significa que los hombres lo sean, sino que tienen un gran temor a sentir algo parecido en alg\u00fan momento de su vida\u201d.<\/span><\/p>\n<p class=\"p2\"><span class=\"s1\">Por su parte, la organizadora de la mesa, Gladys Villegas Morales, hizo un recuento de sus exposiciones a lo largo de las siete ediciones del coloquio, entre ellas: \u201cLa investigaci\u00f3n en el arte y la perspectiva de g\u00e9nero\u201d; \u201cOtras mujeres. Otras pintoras. Estrategias de recuperaci\u00f3n\u201d; La perspectiva de g\u00e9nero como proyecto art\u00edstico\u201d.<\/span><\/p>\n<p class=\"p2\"><span class=\"s1\">Guillermina Ortega, artista, investigadora y colaboradora del Centro de las Artes Ind\u00edgenas, habl\u00f3 sobre una investigaci\u00f3n acerca de cuatro mujeres artistas ind\u00edgenas contempor\u00e1neas de Canad\u00e1 y Estados Unidos.<\/span><\/p>\n<p class=\"p2\"><span class=\"s1\">Ortega resalt\u00f3 su experiencia art\u00edstica en el estado de Veracruz y su paso por Bellas Artes. Entre las experiencias de vida, comparti\u00f3 con los asistentes el escenario de discriminaci\u00f3n y racismo que enfrent\u00f3 por su condici\u00f3n de veracruzana.<\/span><\/p>\n<p class=\"p2\"><span class=\"s1\">A su vez, A\u00edda Maltrana Hern\u00e1ndez, con Maestr\u00eda en Artes por el Instituto Cultural Hel\u00e9nico, habl\u00f3 de las zonas afectivas en el discurso de fot\u00f3grafas mexicanas, a partir de la d\u00e9cada de los a\u00f1os noventa.<\/span><\/p>\n<p class=\"p2\"><span class=\"s1\">Destac\u00f3 el trabajo fotogr\u00e1fico de Patricia Aridjis llamado <i>Las horas negras<\/i>, el cual refleja la vida de mujeres en prisi\u00f3n. \u201cElla me pidi\u00f3 que la retratara porque era su \u00fanica forma de salir de ah\u00ed\u201d, se lee en el texto de una de las im\u00e1genes.<\/span><\/p>\n<p class=\"p2\"><span class=\"s1\"><i>Im\u00e1genes de la realidad<\/i> es una muestra de \u00c1ngeles Torrej\u00f3n, donde plasma la participaci\u00f3n de las mujeres en la guerra, dentro del Ej\u00e9rcito Zapatista de Liberaci\u00f3n Nacional (EZLN).<\/span><\/p>\n<p class=\"p2\"><span class=\"s1\">Otra de las creaciones se refiere a <i>Ensayo de la realidad<\/i>, de Mayra Martell, quien hace un acercamiento al entorno de mujeres desaparecidas, y <i>Plaza de la soledad<\/i>, de Maya Goded, que maneja el tema de prostituci\u00f3n.<\/span><\/p>\n","protected":false},"excerpt":{"rendered":"<p>El 7\u00b0 Coloquio de Investigaci\u00f3n en Artes \u201cReflexiones de una d\u00e9cada\u201d, congreg\u00f3 a 44 artistas de 15 instituciones y organizaciones, del 9 al 11 de octubre, en la Galer\u00eda de Artes Pl\u00e1sticas de la Unidad de Artes.<\/p>\n\r\n<div class=\"seriesmeta\">Contenido 2 de 37 del n\u00famero <a href=\"https:\/\/www.uv.mx\/universo\/numero\/695\/\" class=\"series-452\" title=\"695\">695<\/a><\/div>","protected":false},"author":1869,"featured_media":24229,"comment_status":"closed","ping_status":"closed","sticky":false,"template":"","format":"standard","meta":[],"categories":[5,278],"tags":[],"series":[452],"_links":{"self":[{"href":"https:\/\/www.uv.mx\/universo\/wp-json\/wp\/v2\/posts\/24344"}],"collection":[{"href":"https:\/\/www.uv.mx\/universo\/wp-json\/wp\/v2\/posts"}],"about":[{"href":"https:\/\/www.uv.mx\/universo\/wp-json\/wp\/v2\/types\/post"}],"author":[{"embeddable":true,"href":"https:\/\/www.uv.mx\/universo\/wp-json\/wp\/v2\/users\/1869"}],"replies":[{"embeddable":true,"href":"https:\/\/www.uv.mx\/universo\/wp-json\/wp\/v2\/comments?post=24344"}],"version-history":[{"count":0,"href":"https:\/\/www.uv.mx\/universo\/wp-json\/wp\/v2\/posts\/24344\/revisions"}],"wp:featuredmedia":[{"embeddable":true,"href":"https:\/\/www.uv.mx\/universo\/wp-json\/wp\/v2\/media\/24229"}],"wp:attachment":[{"href":"https:\/\/www.uv.mx\/universo\/wp-json\/wp\/v2\/media?parent=24344"}],"wp:term":[{"taxonomy":"category","embeddable":true,"href":"https:\/\/www.uv.mx\/universo\/wp-json\/wp\/v2\/categories?post=24344"},{"taxonomy":"post_tag","embeddable":true,"href":"https:\/\/www.uv.mx\/universo\/wp-json\/wp\/v2\/tags?post=24344"},{"taxonomy":"series","embeddable":true,"href":"https:\/\/www.uv.mx\/universo\/wp-json\/wp\/v2\/series?post=24344"}],"curies":[{"name":"wp","href":"https:\/\/api.w.org\/{rel}","templated":true}]}}