{"id":24908,"date":"2017-11-21T08:59:55","date_gmt":"2017-11-21T14:59:55","guid":{"rendered":"https:\/\/www.uv.mx\/universo\/?p=24908"},"modified":"2017-11-21T11:57:34","modified_gmt":"2017-11-21T17:57:34","slug":"veracruz-pionero-de-la-revolucion-mexicana","status":"publish","type":"post","link":"https:\/\/www.uv.mx\/universo\/destacadas\/veracruz-pionero-de-la-revolucion-mexicana\/","title":{"rendered":"Veracruz, pionero de la Revoluci\u00f3n Mexicana"},"content":{"rendered":"<div class=\"seriesmeta noshow\">Contenido 5 de 34 del n\u00famero <a href=\"https:\/\/www.uv.mx\/universo\/numero\/699\/\" class=\"series-456\" title=\"699\">699<\/a><\/div>\r\n<div id=\"attachment_24875\" style=\"width: 732px\" class=\"wp-caption aligncenter\"><a href=\"https:\/\/www.uv.mx\/universo\/universo-699-035\/\"><img aria-describedby=\"caption-attachment-24875\" decoding=\"async\" loading=\"lazy\" class=\"size-full wp-image-24875\" src=\"https:\/\/www.uv.mx\/universo\/files\/2017\/11\/Universo-699-035.jpg\" alt=\"Filiberta G\u00f3mez Cruz\" width=\"722\" height=\"482\" srcset=\"https:\/\/www.uv.mx\/universo\/files\/2017\/11\/Universo-699-035.jpg 722w, https:\/\/www.uv.mx\/universo\/files\/2017\/11\/Universo-699-035-300x200.jpg 300w\" sizes=\"(max-width: 722px) 100vw, 722px\" \/><\/a><p id=\"caption-attachment-24875\" class=\"wp-caption-text\">Filiberta G\u00f3mez Cruz<\/p><\/div>\n<p>&nbsp;<\/p>\n<p><em>Instituciones como la Universidad Veracruzana son resultado de aquella gesta<\/em><\/p>\n<p><span style=\"font-size: 8pt\"><strong>Karina de la Paz Reyes D\u00edaz<\/strong><\/span><br \/>\n<span style=\"font-size: 8pt\"><strong>FOTOS: Rujiro Temis<\/strong><\/span><br \/>\n<span style=\"font-size: 8pt\"><strong>(Fragmentos del mural Una revoluci\u00f3n continua, de Melchor Peredo, ubicado en el Palacio de Gobierno de Veracruz)<\/strong><\/span><\/p>\n<p>C\u00e1ndido Aguilar, Adalberto Tejeda, Heriberto Jara Corona, \u00darsulo Galv\u00e1n y Camerino Z. Mendoza son s\u00f3lo algunos de los protagonistas de la Revoluci\u00f3n Mexicana en la entidad, movimiento en el que tambi\u00e9n participaron mujeres de muy diversos oficios, campesinos, peones y obreros. Sin embargo, todos, tanto los \u201cl\u00edderes\u201d como quienes se unieron a los ideales revolucionarios, son poco conocidos por buena parte de la sociedad veracruzana.<\/p>\n<p>La directora del Instituto de Investigaciones Hist\u00f3rico-Sociales (IIH-S), Filiberta G\u00f3mez Cruz, explic\u00f3 que en Veracruz la Revoluci\u00f3n se gener\u00f3 en ritmos diferentes y por regiones. \u201cNo se dio a un mismo tiempo ni todos estuvieron en guerra con las armas en las calles\u201d.<\/p>\n<p>Adem\u00e1s, la entidad fue pionera del movimiento con dos rebeliones importantes: la primera se gener\u00f3 en 1906 en Acayucan, cuya demanda era el acceso a la tierra; la segunda, fue en 1907 y se trat\u00f3 de la huelga de R\u00edo Blanco.<\/p>\n<p>\u201cEse primer lunes de 1907 pertenece a esa clase de jornadas pre\u00f1adas de significados, y cuya resonancia todav\u00eda nos alcanza m\u00e1s como mito que como verdad hist\u00f3rica\u201d, escribi\u00f3 al respecto el historiador Bernardo Garc\u00eda D\u00edaz, del IIH-S, en la introducci\u00f3n al libro La huelga del R\u00edo Blanco (1907-2007), cuya edici\u00f3n estuvo a su cargo.<\/p>\n<div id=\"attachment_24874\" style=\"width: 732px\" class=\"wp-caption aligncenter\"><a href=\"https:\/\/www.uv.mx\/universo\/universo-699-034\/\"><img aria-describedby=\"caption-attachment-24874\" decoding=\"async\" loading=\"lazy\" class=\"size-full wp-image-24874\" src=\"https:\/\/www.uv.mx\/universo\/files\/2017\/11\/Universo-699-034.jpg\" alt=\"Elissa Rashkin\" width=\"722\" height=\"481\" srcset=\"https:\/\/www.uv.mx\/universo\/files\/2017\/11\/Universo-699-034.jpg 722w, https:\/\/www.uv.mx\/universo\/files\/2017\/11\/Universo-699-034-300x200.jpg 300w\" sizes=\"(max-width: 722px) 100vw, 722px\" \/><\/a><p id=\"caption-attachment-24874\" class=\"wp-caption-text\">Elissa Rashkin<\/p><\/div>\n<p>&nbsp;<\/p>\n<p>Elissa Rashkin, investigadora del Centro de Estudios de la Cultura y la Comunicaci\u00f3n (CECC), coincidi\u00f3 al decir que la Revoluci\u00f3n en Veracruz tuvo sus matices. Por ejemplo, destac\u00f3 el tema del agrarismo, uno de los m\u00e1s importantes para la entidad, que tuvo su cumbre en la segunda d\u00e9cada del siglo XX, con la fundaci\u00f3n de la Liga de Comunidades Agrarias.<\/p>\n<p>Aclar\u00f3 que los agraristas veracruzanos fueron aliados de Venustiano Carranza y no de Emiliano Zapata: \u201cNo fue una equivocaci\u00f3n. Cada localidad tuvo sus matices y si el l\u00edder local ten\u00eda afiliaci\u00f3n con los carrancistas, el pueblo era carrancista. Aqu\u00ed no hubo muchos zapatistas pero s\u00ed agraristas. Tenemos a \u00darsulo Galv\u00e1n, l\u00edder agrarista en los a\u00f1os veinte\u201d.<\/p>\n<p><strong>Revolucionarios locales<\/strong><br \/>\nCuando piensa en el olvido o el anonimato de revolucionarios veracruzanos, lo primero que se le viene a la mente al profesor-investigador de la Facultad de Historia, Hubonor Ayala Flores, son los grupos de actores sociales como las mujeres o las clases populares que se unieron a los ideales de la lucha y que no aparecen en los libros de historia. Para \u00e9l, son muchos y desconocemos su impronta.<\/p>\n<p>\u201cComo sociedad estamos acostumbrados a pensar la historia de M\u00e9xico en t\u00e9rminos pol\u00edticos, en el culto a la personalidad y el centralismo. Por lo tanto, la memoria hist\u00f3rica colectiva registra con mayor facilidad a l\u00edderes o personajes prominentes como Francisco I. Madero, Pancho Villa, \u00c1lvaro Obreg\u00f3n o Venustiano Carranza, lo que el discurso oficial llama el \u2018pante\u00f3n de h\u00e9roes\u2019.<\/p>\n<p>\u201dSin embargo, las historias regionales y locales nos dan cuenta de muchos personajes que participaron activamente en los procesos y acontecimientos hist\u00f3ricos, que si bien no influyeron a nivel nacional o estatal, son importantes para las regiones, municipios o localidades.\u201d<\/p>\n<p><strong>C\u00e1ndido Aguilar<\/strong><br \/>\nVeracruz tiene su \u201cpante\u00f3n de h\u00e9roes\u201d y no son ni Zapata ni Villa ni Carranza, pero m\u00e1s all\u00e1 de bustos, efigies o calles con sus nombres, poco conocemos de ellos.<\/p>\n<p>En la obra Veracruzanos en la Independencia y la Revoluci\u00f3n, coordinado por Abel Ju\u00e1rez Mart\u00ednez, Hubonor Ayala relata la vida de C\u00e1ndido Aguilar (1889-1960) bajo el t\u00edtulo \u201cUn revolucionario que lider\u00f3 el primer tramo de la Revoluci\u00f3n Mexicana\u201d.<\/p>\n<div id=\"attachment_24872\" style=\"width: 732px\" class=\"wp-caption aligncenter\"><a href=\"https:\/\/www.uv.mx\/universo\/universo-699-032\/\"><img aria-describedby=\"caption-attachment-24872\" decoding=\"async\" loading=\"lazy\" class=\"size-full wp-image-24872\" src=\"https:\/\/www.uv.mx\/universo\/files\/2017\/11\/Universo-699-032.jpg\" alt=\"Hubonor Ayala Flores\" width=\"722\" height=\"481\" srcset=\"https:\/\/www.uv.mx\/universo\/files\/2017\/11\/Universo-699-032.jpg 722w, https:\/\/www.uv.mx\/universo\/files\/2017\/11\/Universo-699-032-300x200.jpg 300w\" sizes=\"(max-width: 722px) 100vw, 722px\" \/><\/a><p id=\"caption-attachment-24872\" class=\"wp-caption-text\">Hubonor Ayala Flores<\/p><\/div>\n<p>&nbsp;<\/p>\n<p>De acuerdo con Ayala Flores, Aguilar fue un personaje que con el avance del movimiento revolucionario adquiri\u00f3 poder militar; por ejemplo, el presidente Francisco I. Madero le otorg\u00f3 el grado de general brigadier; en su momento, Carranza le concedi\u00f3 el de comandante de la Divisi\u00f3n Mixta, y m\u00e1s adelante fue reconocido como veterano de la Revoluci\u00f3n.<\/p>\n<p>Tambi\u00e9n adquiri\u00f3 poder pol\u00edtico: fue Gobernador de Veracruz, Secretario de Relaciones Exteriores y Presidente del Senado. Adem\u00e1s, plantea Hubonor Ayala, \u201cse alzaban las voces en su contra por la injerencia en la vida pol\u00edtica regional, lo cual era evidente en C\u00f3rdoba\u201d. Es m\u00e1s, \u201centre las acusaciones se le se\u00f1alaba como cacique\u201d.<\/p>\n<p>No obstante, el acad\u00e9mico remarca el m\u00e9rito de Aguilar en los albores de la Revoluci\u00f3n: \u201cUna vez que tuvo fecha el inicio armado de la Revoluci\u00f3n, el 20 de noviembre, la cual hab\u00eda quedado indicada en el Plan de San Luis, agrup\u00f3 sus fuerzas y se dirigi\u00f3 a San Pedro a tomar el tren.<\/p>\n<p>\u201dDe esta manera, C\u00e1ndido Aguilar y Rosendo Garnica iniciaron el levantamiento revolucionario en Veracruz el 19 de noviembre, un d\u00eda antes de la fecha acordada, luchando contra fuerzas federales en Coscomatepec.\u201d<\/p>\n<p>M\u00e1s adelante refiere: \u201cA pesar de su lucha tenaz, el movimiento segu\u00eda siendo incipiente, pues ten\u00eda problemas para conseguir armas y hombres que quisieran sumarse a la causa. A\u00fan con esas limitaciones, el 22 de abril de 1911 Aguilar enfrent\u00f3 nuevamente a las fuerzas federales en la Hacienda de la Concepci\u00f3n y tom\u00f3 el pueblo de Banderilla, donde destruy\u00f3 la v\u00eda del Ferrocarril Interoce\u00e1nico\u201d.<\/p>\n<p><strong>Adalberto Tejeda<\/strong><br \/>\nEn la obra, Ayala Flores tambi\u00e9n habla de Adalberto Tejeda, oriundo de Chicontepec, en el texto \u201cBiograf\u00eda de un agrarista radical\u201d.<\/p>\n<p>El historiador enfatiza: \u201cFue sin duda uno de los revolucionarios m\u00e1s importantes de Veracruz y el personaje que domin\u00f3 la escena estatal en la segunda d\u00e9cada del siglo XX\u201d.<\/p>\n<p>De \u00e9l recuerda su fuerte v\u00ednculo con el agrarismo, su radicalismo en lo referente a los asuntos religiosos, que fue Gobernador de Veracruz en dos ocasiones; tambi\u00e9n, que ocup\u00f3 la Secretar\u00eda de Gobernaci\u00f3n a nivel nacional, incluso se postul\u00f3 para ser Presidente de la Rep\u00fablica.<\/p>\n<p>\u201cEl 23 de marzo de 1923, posterior a los sucesos de Puente Nacional, Tejeda fund\u00f3 la Liga de Comunidades Agrarias del Estado de Veracruz con l\u00edderes como \u00darsulo Galv\u00e1n, Jos\u00e9 Cardel Murrieta y S\u00f3stenes Blanco, entre otros; el objetivo principal de la pol\u00edtica agraria tejedista y de la liga era minar el latifundismo y llevar a cabo el reparto de tierra entre los campesinos, lo cual desemboc\u00f3 en varios enfrentamientos entre los terratenientes y los miembros de la liga\u201d, comenta en el libro.<\/p>\n<p>Es m\u00e1s, \u201cse puede asegurar que durante el segundo periodo de su gobierno se vivieron los a\u00f1os dorados del agrarismo y el tejedismo en Veracruz\u201d, pues mientras en el primer periodo entreg\u00f3 123 mil 239 hect\u00e1reas a campesinos, en el segundo casi se triplic\u00f3 la cifra.<\/p>\n<p>Tejeda tambi\u00e9n es recordado por crear la Orquesta Sinf\u00f3nica de Xalapa, en 1929, y fomentar la educaci\u00f3n rural y las misiones culturales, entre otras acciones.<\/p>\n<div id=\"attachment_24873\" style=\"width: 732px\" class=\"wp-caption aligncenter\"><a href=\"https:\/\/www.uv.mx\/universo\/universo-699-033\/\"><img aria-describedby=\"caption-attachment-24873\" decoding=\"async\" loading=\"lazy\" class=\"size-full wp-image-24873\" src=\"https:\/\/www.uv.mx\/universo\/files\/2017\/11\/Universo-699-033.jpg\" alt=\"Huelga de R\u00edo Blanco, antecedente de la Revoluci\u00f3n\" width=\"722\" height=\"481\" srcset=\"https:\/\/www.uv.mx\/universo\/files\/2017\/11\/Universo-699-033.jpg 722w, https:\/\/www.uv.mx\/universo\/files\/2017\/11\/Universo-699-033-300x200.jpg 300w\" sizes=\"(max-width: 722px) 100vw, 722px\" \/><\/a><p id=\"caption-attachment-24873\" class=\"wp-caption-text\">Huelga de R\u00edo Blanco, antecedente de la Revoluci\u00f3n<\/p><\/div>\n<p>&nbsp;<\/p>\n<p><strong>Heriberto Jara\u00a0<\/strong><br \/>\nLa investigadora del CECC, Elissa Rashkin, destac\u00f3 la presencia que Heriberto Jara Corona tuvo en los movimientos sociales importantes del pa\u00eds y la entidad, tanto en el periodo revolucionario como en el posterior.<\/p>\n<p>\u00c9l fue oriundo de Nogales, realiz\u00f3 sus estudios en Orizaba y se involucr\u00f3 en los c\u00edrculos liberales de ideolog\u00eda magonista en aquella zona industrial; fue destacado militar y desempe\u00f1\u00f3 varias funciones p\u00fablicas en el pa\u00eds, entre ellas la de Gobernador de Veracruz.<\/p>\n<p>Particip\u00f3 en el Congreso Constituyente de Quer\u00e9taro de 1917 y para la acad\u00e9mica ah\u00ed est\u00e1 una de sus aportaciones notoriamente significativas, toda vez que se sum\u00f3 a la agrupaci\u00f3n que defendi\u00f3 los art\u00edculos m\u00e1s progresistas.<\/p>\n<p>\u201cDestac\u00f3 en la elaboraci\u00f3n del Art\u00edculo 123, de los derechos de los obreros. Tambi\u00e9n promovi\u00f3 la separaci\u00f3n Iglesia-Estado y la educaci\u00f3n laica.\u201d<\/p>\n<p>Elissa Rashkin conoce de Jara Corona por ser \u00e9l quien apoy\u00f3 el movimiento estridentista en Veracruz, vanguardia de la que es experta, pero aclara que eso es s\u00f3lo una de las acciones que hizo, y se suma a muchas m\u00e1s, algunas daban continuidad a las de C\u00e1ndido Aguilar y Adalberto Tejeda \u2013en su primer gobierno.<\/p>\n<p>Precisamente, \u201cesos tres personajes, siendo gobernadores de Veracruz, mantuvieron una continuidad con sus ideales revolucionarios, y son mucho m\u00e1s radicales que los del gobierno central\u201d.<\/p>\n<p>Algo que tambi\u00e9n subray\u00f3 de Heriberto Jara, una vez siendo gobernador de Veracruz, fue su inter\u00e9s por hacer reformas para obtener impuestos de las empresas extranjeras que se beneficiaban de los recursos de la entidad, pero las reacciones fueron \u201cbrutales\u201d.<\/p>\n<p>Rashkin destac\u00f3 que Heriberto Jara siempre busc\u00f3 aumentar la calidad de vida del sector obrero, promovi\u00f3 la cultura, la educaci\u00f3n y el deporte. Es m\u00e1s, entre sus pretensiones estuvo la fundaci\u00f3n de la Universidad Veracruzana, ideal que vio la luz d\u00e9cadas despu\u00e9s.<\/p>\n<p><strong>\u00darsulo Galv\u00e1n y\u00a0Camerino Z. Mendoza<\/strong><br \/>\nAl preguntarles a Hubonor Ayala Flores y Elissa Rashkin por otros revolucionarios locales, cuyas acciones les llamen la atenci\u00f3n, coincidieron en decir que varios personajes pasan por su mente, pero \u00e9l habl\u00f3 de Camerino Z. Mendoza y ella de \u00darsulo Galv\u00e1n.<\/p>\n<p>\u201cCamerino Z. Mendoza fue un peque\u00f1o comerciante de Santa Rosa, hoy Ciudad Mendoza en su honor, quien se uni\u00f3 como muchos hombres y mujeres de su tiempo a la insurrecci\u00f3n convocada por Francisco I. Madero, pero ya desde antes mostraba un fuerte compromiso con las causas sociales.<\/p>\n<p>\u201dEstuvo ligado de manera estrecha con las clases obreras y populares y muri\u00f3 en acci\u00f3n a edad muy temprana, en 1913, a los 34 a\u00f1os de edad. Adem\u00e1s, el hecho de que Santa Rosa haya cambiado su nombre por el de Ciudad Mendoza, contesta la pregunta sobre la importancia de los h\u00e9roes locales.\u201d<\/p>\n<div id=\"attachment_24877\" style=\"width: 491px\" class=\"wp-caption aligncenter\"><a href=\"https:\/\/www.uv.mx\/universo\/universo-699-037\/\"><img aria-describedby=\"caption-attachment-24877\" decoding=\"async\" loading=\"lazy\" class=\"size-full wp-image-24877\" src=\"https:\/\/www.uv.mx\/universo\/files\/2017\/11\/Universo-699-037.jpg\" alt=\"\u00darsulo Galv\u00e1n fund\u00f3 la Liga de Comunidades Agrarias\" width=\"481\" height=\"722\" srcset=\"https:\/\/www.uv.mx\/universo\/files\/2017\/11\/Universo-699-037.jpg 481w, https:\/\/www.uv.mx\/universo\/files\/2017\/11\/Universo-699-037-200x300.jpg 200w\" sizes=\"(max-width: 481px) 100vw, 481px\" \/><\/a><p id=\"caption-attachment-24877\" class=\"wp-caption-text\">\u00darsulo Galv\u00e1n fund\u00f3 la Liga de Comunidades Agrarias<\/p><\/div>\n<p>&nbsp;<\/p>\n<p>La investigadora aclar\u00f3 que \u00darsulo Galv\u00e1n fue s\u00f3lo una de las muchas personas que participaron en la lucha agraria. \u201cFue un movimiento masivo, mucha gente fue asesinada por luchar por la tierra y para m\u00ed esa lucha fue fundamental\u201d.<\/p>\n<p>Incluso, lament\u00f3 que no se aprecien los cambios logrados, producto de la lucha agraria: \u201cCuando vemos los antiguos mapas de las haciendas, nos damos cuenta de que eran enormes y ya no existen y fue por el ejido. Somos el estado con m\u00e1s ejidos en la Rep\u00fablica. Eso fue un logro inmenso de la Revoluci\u00f3n\u201d.<\/p>\n<p><strong>Revolucionarios y contrarrevolucionarios<\/strong><br \/>\nEn Veracruzanos en la Independencia y la Revoluci\u00f3n tambi\u00e9n se habla de otros revolucionarios como Gabriel Gaviria, Rafael Tapia, C\u00e1ndido Donato Padua, Hilario Salas y Jos\u00e9 Cardel Murrieta.<\/p>\n<p>Incluso, se mencionan, aunque sea de paso, otros revolucionarios cuyas haza\u00f1as han figurado p\u00fablicamente en mucho menor medida; por ejemplo, en el apartado dedicado a Heriberto Jara, intitulado \u201cMemorias de sus batallas por instaurar una legislaci\u00f3n acorde con las necesidades de los trabajadores\u201d, su autora, Mar\u00eda del Rosario Juan Mendoza, cita a dirigentes ind\u00edgenas, tal es el caso de Samuel Kelly, \u201cjefe de una guerrilla de 60 hombres que operaba en Tantima, Ozuluama y en las riberas del r\u00edo Tames\u00ed, y que con el tiempo estuvo a cargo de la escolta de Jara\u201d.<\/p>\n<p>Adem\u00e1s, Filiberta G\u00f3mez coment\u00f3 que como en el resto del pa\u00eds, ac\u00e1 tambi\u00e9n hubo contrarrevolucionarios. Dos de \u00e9stos fueron Guadalupe S\u00e1nchez en la regi\u00f3n de Naolinco y Manuel Pel\u00e1ez en la Huasteca.<\/p>\n<p>\u201cUn personaje que contuvo el estallido de la Revoluci\u00f3n en el norte de Veracruz fue Manuel Pel\u00e1ez. Un hacendado que organiz\u00f3 un ej\u00e9rcito personal para impedir que se detuviera la explotaci\u00f3n petrolera, porque \u00e9l cobraba a las compa\u00f1\u00edas (como Penn Mex Fuel Company y El \u00c1guila, S.A.) un ingreso por la renta de sus tierras.<\/p>\n<p>\u201dEstuvo al frente de sus guardias blancas hasta 1920, porque fue muy listo y como (Antonio L\u00f3pez de) Santa Anna, primero fue maderista, luego carrancista y despu\u00e9s obregonista. Entonces nunca lo tocaron\u2026 as\u00ed son las negociaciones pol\u00edticas.\u201d<\/p>\n<p>Por ello, fue hasta 1918 que se gener\u00f3 la primera demanda por tierras en la regi\u00f3n de Papantla y hasta 1928 en la de Tamiahua.<\/p>\n<p><strong>Nacimiento del M\u00e9xico moderno<\/strong><br \/>\nA manera de conclusi\u00f3n, Filiberta G\u00f3mez plante\u00f3 la importancia de conocer la historia de la Revoluci\u00f3n, porque nos habla del surgimiento del M\u00e9xico moderno. Adem\u00e1s, es a partir de ella que se tuvo una trascendental transformaci\u00f3n social.<\/p>\n<p>Concretamente para una comunidad como la universitaria, con destacado inter\u00e9s en la internacionalizaci\u00f3n, es b\u00e1sico conocer de d\u00f3nde surgi\u00f3 el M\u00e9xico moderno y el trabajo que ha costado tener las libertades que actualmente se disfrutan, destac\u00f3 la historiadora.<\/p>\n<p>\u201cEs muy importante fortalecer nuestra identidad, porque nos recuerda qui\u00e9nes somos. Generalmente nos identificamos como personas a partir de la comparaci\u00f3n con los otros, qu\u00e9 van a ofrecer en el extranjero, lo que son: un mexicano que ha tenido la Constituci\u00f3n (de 1917) m\u00e1s moderna del siglo XX, que a\u00fan nos rige, y que es producto de esa Revoluci\u00f3n.<\/p>\n<div id=\"attachment_24876\" style=\"width: 732px\" class=\"wp-caption aligncenter\"><a href=\"https:\/\/www.uv.mx\/universo\/universo-699-036\/\"><img aria-describedby=\"caption-attachment-24876\" decoding=\"async\" loading=\"lazy\" class=\"size-full wp-image-24876\" src=\"https:\/\/www.uv.mx\/universo\/files\/2017\/11\/Universo-699-036.jpg\" alt=\"Heriberto Jara enfrent\u00f3 a las compa\u00f1\u00edas petroleras extranjeras\" width=\"722\" height=\"481\" srcset=\"https:\/\/www.uv.mx\/universo\/files\/2017\/11\/Universo-699-036.jpg 722w, https:\/\/www.uv.mx\/universo\/files\/2017\/11\/Universo-699-036-300x200.jpg 300w\" sizes=\"(max-width: 722px) 100vw, 722px\" \/><\/a><p id=\"caption-attachment-24876\" class=\"wp-caption-text\">Heriberto Jara enfrent\u00f3 a las compa\u00f1\u00edas petroleras extranjeras<\/p><\/div>\n<p>&nbsp;<\/p>\n<p>\u201dTenemos una universidad p\u00fablica que es producto de esa Revoluci\u00f3n. No tendr\u00edamos una Universidad Veracruzana o la Nacional Aut\u00f3noma de M\u00e9xico si no hubi\u00e9semos tenido esa Revoluci\u00f3n. Muchos ni siquiera hubieran tenido acceso a la universidad.\u201d<\/p>\n","protected":false},"excerpt":{"rendered":"<p>C\u00e1ndido Aguilar, Adalberto Tejeda, Heriberto Jara Corona, \u00darsulo Galv\u00e1n y Camerino Z. Mendoza son s\u00f3lo algunos de los protagonistas de la Revoluci\u00f3n Mexicana en la entidad, movimiento en el que tambi\u00e9n participaron mujeres de muy diversos oficios, campesinos, peones y obreros. Sin embargo, todos, tanto los \u201cl\u00edderes\u201d como quienes se unieron a los ideales revolucionarios, son poco conocidos por buena parte de la sociedad veracruzana.<\/p>\n\r\n<div class=\"seriesmeta\">Contenido 5 de 34 del n\u00famero <a href=\"https:\/\/www.uv.mx\/universo\/numero\/699\/\" class=\"series-456\" title=\"699\">699<\/a><\/div>","protected":false},"author":1775,"featured_media":24905,"comment_status":"closed","ping_status":"closed","sticky":false,"template":"","format":"standard","meta":[],"categories":[278,343],"tags":[],"series":[456],"_links":{"self":[{"href":"https:\/\/www.uv.mx\/universo\/wp-json\/wp\/v2\/posts\/24908"}],"collection":[{"href":"https:\/\/www.uv.mx\/universo\/wp-json\/wp\/v2\/posts"}],"about":[{"href":"https:\/\/www.uv.mx\/universo\/wp-json\/wp\/v2\/types\/post"}],"author":[{"embeddable":true,"href":"https:\/\/www.uv.mx\/universo\/wp-json\/wp\/v2\/users\/1775"}],"replies":[{"embeddable":true,"href":"https:\/\/www.uv.mx\/universo\/wp-json\/wp\/v2\/comments?post=24908"}],"version-history":[{"count":0,"href":"https:\/\/www.uv.mx\/universo\/wp-json\/wp\/v2\/posts\/24908\/revisions"}],"wp:featuredmedia":[{"embeddable":true,"href":"https:\/\/www.uv.mx\/universo\/wp-json\/wp\/v2\/media\/24905"}],"wp:attachment":[{"href":"https:\/\/www.uv.mx\/universo\/wp-json\/wp\/v2\/media?parent=24908"}],"wp:term":[{"taxonomy":"category","embeddable":true,"href":"https:\/\/www.uv.mx\/universo\/wp-json\/wp\/v2\/categories?post=24908"},{"taxonomy":"post_tag","embeddable":true,"href":"https:\/\/www.uv.mx\/universo\/wp-json\/wp\/v2\/tags?post=24908"},{"taxonomy":"series","embeddable":true,"href":"https:\/\/www.uv.mx\/universo\/wp-json\/wp\/v2\/series?post=24908"}],"curies":[{"name":"wp","href":"https:\/\/api.w.org\/{rel}","templated":true}]}}