{"id":24961,"date":"2017-11-21T08:59:33","date_gmt":"2017-11-21T14:59:33","guid":{"rendered":"https:\/\/www.uv.mx\/universo\/?p=24961"},"modified":"2017-11-21T11:57:37","modified_gmt":"2017-11-21T17:57:37","slug":"universitarios-celebraron-el-dia-nacional-del-libro","status":"publish","type":"post","link":"https:\/\/www.uv.mx\/universo\/cultura\/universitarios-celebraron-el-dia-nacional-del-libro\/","title":{"rendered":"Universitarios celebraron el D\u00eda Nacional del Libro"},"content":{"rendered":"<div class=\"pps-series-post-details pps-series-post-details-variant-classic pps-series-post-details-25529\" data-series-id=\"456\"><div class=\"pps-series-meta-content\"><div class=\"pps-series-meta-text\">Esta entrada es parte 27 de 34 en la serie <a href=\"https:\/\/www.uv.mx\/universo\/numero\/699\/\">699<\/a><\/div><\/div><\/div><div id=\"attachment_24849\" style=\"width: 732px\" class=\"wp-caption aligncenter\"><a href=\"https:\/\/www.uv.mx\/universo\/files\/2017\/11\/Universo-699-009.jpg\"><img loading=\"lazy\" decoding=\"async\" aria-describedby=\"caption-attachment-24849\" class=\"size-full wp-image-24849\" src=\"https:\/\/www.uv.mx\/universo\/files\/2017\/11\/Universo-699-009.jpg\" alt=\"\" width=\"722\" height=\"482\" srcset=\"https:\/\/www.uv.mx\/universo\/files\/2017\/11\/Universo-699-009.jpg 722w, https:\/\/www.uv.mx\/universo\/files\/2017\/11\/Universo-699-009-300x200.jpg 300w\" sizes=\"auto, (max-width: 722px) 100vw, 722px\" \/><\/a><p id=\"caption-attachment-24849\" class=\"wp-caption-text\">Estudiantes de Humanidades aprovecharon el remate de la Editorial UV<\/p><\/div>\n<p>&nbsp;<\/p>\n<p><span style=\"font-size: 10pt\"><strong>Karina de la Paz Reyes D\u00edaz<\/strong><\/span><\/p>\n<p>Estudiantes de la Unidad de Humanidades participaron desde el lunes 13 de noviembre en los festejos por el D\u00eda Nacional del Libro, cuyas actividades concluyeron el jueves 16.<br \/>\nCada 12 de noviembre se celebra el Di\u0301a Nacional del Libro con motivo del nacimiento de Sor Juana Ine\u0301s de la Cruz. Por tal motivo, las direcciones generales del \u00c1rea Acad\u00e9mica de Humanidades, de Difusi\u00f3n Cultural y de Bibliotecas, a trav\u00e9s de la Biblioteca \u201cCarlo Antonio Castro\u201d de la Unidad de Humanidades, unieron esfuerzos y pusieron en marcha el festejo.<br \/>\nLa primera actividad fue un remate de libros en el stand de la Direcci\u00f3n Editorial, en el que se vendieron m\u00e1s de mil ejemplares en pocas horas.<br \/>\nJes\u00fas Ezequiel Rodr\u00edguez Moreno, jefe del Departamento de Distribuci\u00f3n y Comercializaci\u00f3n de la Editorial UV, inform\u00f3 que libros rematados corresponden a ediciones anteriores a 2012, iniciativa que promueve la lectura y evita tener los ejemplares en bodega.<br \/>\n\u201cLa mayor\u00eda de quienes compraron fueron alumnos, pero los acad\u00e9micos tambi\u00e9n hicieron buenas adquisiciones\u201d, agreg\u00f3 Rodr\u00edguez Moreno.<br \/>\nOscar Eduardo, estudiante de Antropolog\u00eda Social, aprovech\u00f3 para comprar Tierra y conflicto social en los pueblos del Papaloapan veracruzano (1521-1917), de Jos\u00e9 Velasco Toro, as\u00ed como una antolog\u00eda de ensayos de investigaci\u00f3n musical de la UV.<br \/>\n\u201cMe parece una gran idea, porque algunos libros son caros y en el remate los estudiantes los adquieren con facilidad\u201d, celebr\u00f3.<br \/>\nOtra actividad fue la inauguraci\u00f3n de la exposici\u00f3n pict\u00f3rica Miradas en el vest\u00edbulo del Sal\u00f3n Azul, as\u00ed como la presentaci\u00f3n del libro Memoria gr\u00e1fica de una vanguardia en Xalapa: el estridentismo, en la que participaron el autor, Julio C\u00e9sar Mart\u00ednez; el director general del \u00c1rea Acad\u00e9mica de Humanidades, Jos\u00e9 Luis Mart\u00ednez Su\u00e1rez, y el acad\u00e9mico Ren\u00e9 Cabrera.<\/p>\n","protected":false},"excerpt":{"rendered":"<div class=\"pps-series-post-details pps-series-post-details-variant-classic pps-series-post-details-25529 pps-series-meta-excerpt\" data-series-id=\"456\"><div class=\"pps-series-meta-content\"><div class=\"pps-series-meta-text\">Esta entrada es parte 27 de 34 en la serie <a href=\"https:\/\/www.uv.mx\/universo\/numero\/699\/\">699<\/a><\/div><\/div><\/div><p>Estudiantes de la Unidad de Humanidades participaron desde el lunes 13 de noviembre en los festejos por el D\u00eda Nacional del Libro, cuyas actividades concluyeron el jueves 16.<\/p>\n","protected":false},"author":1869,"featured_media":0,"comment_status":"closed","ping_status":"closed","sticky":false,"template":"","format":"standard","meta":{"footnotes":""},"categories":[5],"tags":[],"series":[456],"class_list":["post-24961","post","type-post","status-publish","format-standard","hentry","category-cultura","series-456"],"_links":{"self":[{"href":"https:\/\/www.uv.mx\/universo\/wp-json\/wp\/v2\/posts\/24961","targetHints":{"allow":["GET"]}}],"collection":[{"href":"https:\/\/www.uv.mx\/universo\/wp-json\/wp\/v2\/posts"}],"about":[{"href":"https:\/\/www.uv.mx\/universo\/wp-json\/wp\/v2\/types\/post"}],"author":[{"embeddable":true,"href":"https:\/\/www.uv.mx\/universo\/wp-json\/wp\/v2\/users\/1869"}],"replies":[{"embeddable":true,"href":"https:\/\/www.uv.mx\/universo\/wp-json\/wp\/v2\/comments?post=24961"}],"version-history":[{"count":0,"href":"https:\/\/www.uv.mx\/universo\/wp-json\/wp\/v2\/posts\/24961\/revisions"}],"wp:attachment":[{"href":"https:\/\/www.uv.mx\/universo\/wp-json\/wp\/v2\/media?parent=24961"}],"wp:term":[{"taxonomy":"category","embeddable":true,"href":"https:\/\/www.uv.mx\/universo\/wp-json\/wp\/v2\/categories?post=24961"},{"taxonomy":"post_tag","embeddable":true,"href":"https:\/\/www.uv.mx\/universo\/wp-json\/wp\/v2\/tags?post=24961"},{"taxonomy":"series","embeddable":true,"href":"https:\/\/www.uv.mx\/universo\/wp-json\/wp\/v2\/series?post=24961"}],"curies":[{"name":"wp","href":"https:\/\/api.w.org\/{rel}","templated":true}]}}