{"id":24976,"date":"2017-11-21T08:59:56","date_gmt":"2017-11-21T14:59:56","guid":{"rendered":"https:\/\/www.uv.mx\/universo\/?p=24976"},"modified":"2017-11-21T11:57:34","modified_gmt":"2017-11-21T17:57:34","slug":"region-veracruz-crecio-y-se-fortalecio","status":"publish","type":"post","link":"https:\/\/www.uv.mx\/universo\/destacadas\/region-veracruz-crecio-y-se-fortalecio\/","title":{"rendered":"Regi\u00f3n Veracruz creci\u00f3 y se fortaleci\u00f3"},"content":{"rendered":"<div class=\"seriesmeta noshow\">Contenido 4 de 34 del n\u00famero <a href=\"https:\/\/www.uv.mx\/universo\/numero\/699\/\" class=\"series-456\" title=\"699\">699<\/a><\/div>\r\n<div id=\"attachment_24862\" style=\"width: 732px\" class=\"wp-caption aligncenter\"><a href=\"https:\/\/www.uv.mx\/universo\/files\/2017\/11\/Universo-699-022.jpg\"><img aria-describedby=\"caption-attachment-24862\" decoding=\"async\" loading=\"lazy\" class=\"size-full wp-image-24862\" src=\"https:\/\/www.uv.mx\/universo\/files\/2017\/11\/Universo-699-022.jpg\" alt=\"\" width=\"722\" height=\"482\" srcset=\"https:\/\/www.uv.mx\/universo\/files\/2017\/11\/Universo-699-022.jpg 722w, https:\/\/www.uv.mx\/universo\/files\/2017\/11\/Universo-699-022-300x200.jpg 300w\" sizes=\"(max-width: 722px) 100vw, 722px\" \/><\/a><p id=\"caption-attachment-24862\" class=\"wp-caption-text\">Alfonso P\u00e9rez Morales rindi\u00f3 su IV Informe de Actividades<\/p><\/div>\n<div id=\"attachment_24861\" style=\"width: 732px\" class=\"wp-caption aligncenter\"><a href=\"https:\/\/www.uv.mx\/universo\/files\/2017\/11\/Universo-699-021.jpg\"><img aria-describedby=\"caption-attachment-24861\" decoding=\"async\" loading=\"lazy\" class=\"size-full wp-image-24861\" src=\"https:\/\/www.uv.mx\/universo\/files\/2017\/11\/Universo-699-021.jpg\" alt=\"\" width=\"722\" height=\"482\" srcset=\"https:\/\/www.uv.mx\/universo\/files\/2017\/11\/Universo-699-021.jpg 722w, https:\/\/www.uv.mx\/universo\/files\/2017\/11\/Universo-699-021-300x200.jpg 300w\" sizes=\"(max-width: 722px) 100vw, 722px\" \/><\/a><p id=\"caption-attachment-24861\" class=\"wp-caption-text\">El Vicerrector destac\u00f3 el esfuerzo de la comunidad universitaria<\/p><\/div>\n<p>&nbsp;<\/p>\n<p><em>Se registran 20 programas educativos acreditados, dos nuevos de licenciatura y cuatro de posgrado<\/em><\/p>\n<p><em>La matr\u00edcula estudiantil pas\u00f3 de 13 mil 442 a 14 mil 239; el 93.11 por ciento de ellos cursa un programa educativo de calidad<\/em><\/p>\n<p><span style=\"font-size: 10pt\"><strong>Alma Mart\u00ednez y Carlos Hermida<\/strong><\/span><\/p>\n<p>El vicerrector de la regi\u00f3n Veracruz, Alfonso P\u00e9rez Morales, present\u00f3 ante el Consejo Universitario Regional su IV Informe de Actividades, correspondiente al periodo 2016-2017, el 17 de noviembre en la Unidad de Servicios Bibliotecarios y de Informaci\u00f3n (USBI) de Boca del R\u00edo.<br \/>\nAnte la presidenta del Consejo Universitario General (CUG), la rectora Sara Ladr\u00f3n de Guevara, el Vicerrector dio a conocer los principales indicadores del desarrollo de la comunidad acad\u00e9mica regional y dirigi\u00f3 un mensaje en el que exhort\u00f3 a los universitarios a continuar con la formaci\u00f3n de hombres y mujeres con un pensamiento libre y condici\u00f3n cr\u00edtica que irrumpan en el sistema y lo alimenten, fortalezcan y modifiquen en bien de la sociedad.<br \/>\nP\u00e9rez Morales afirm\u00f3 que los avances y logros que existen en la regi\u00f3n universitaria se han dado gracias a la pasi\u00f3n de los profesores, la responsabilidad y compromiso de los directivos, la b\u00fasqueda incesante del conocimiento por parte de los investigadores, la creatividad y talento de los artistas, el trabajo del personal administrativo t\u00e9cnico y manual, el empe\u00f1o del personal de confianza, pero sobre todo, la dedicaci\u00f3n e inter\u00e9s de preparaci\u00f3n de los estudiantes.<br \/>\nTambi\u00e9n dedic\u00f3 parte de su mensaje a ponderar el papel que la Rectora ha desempe\u00f1ado al frente de la instituci\u00f3n, gesto que fue saludado con una ovaci\u00f3n por parte de los consejeros universitarios. En este sentido, el Vicerrector se refiri\u00f3 a tres hechos fundamentales que han caracterizado la presente administraci\u00f3n universitaria: la radicaci\u00f3n directa de los recursos federales, la autonom\u00eda financiera y la facultad de proponer iniciativas de Ley, la cual ya fue aprobada en el Congreso local, en primera vuelta.<\/p>\n<p><strong>Veinte acreditaciones en esta gesti\u00f3n<\/strong><br \/>\nLos principales indicadores del desarrollo de la regi\u00f3n se presentaron mediante un video producido por la c\u00e9lula local del programa iTunes UV, la Facultad de Ciencias de la Comunicaci\u00f3n (Facico) y la Coordinaci\u00f3n Regional de Comunicaci\u00f3n Universitaria.<br \/>\nLa regi\u00f3n ha tenido avances significativos en el n\u00famero de programas educativos, acreditaciones, incremento de matr\u00edcula y preparaci\u00f3n de la plantilla acad\u00e9mica. De 2013 a 2017, se logr\u00f3 la acreditaci\u00f3n de 20 programas educativos y durante esta gesti\u00f3n se impuls\u00f3 la creaci\u00f3n de dos nuevos programas de licenciatura y cuatro de posgrado.<br \/>\nP\u00e9rez Morales inform\u00f3 que la matr\u00edcula total creci\u00f3 de 13 mil 442 a 14 mil 239 estudiantes y actualmente el 93.11 por ciento de \u00e9sta cursa un programa educativo de calidad evaluable. Agreg\u00f3 que este porcentaje aumentar\u00e1 al 100 por ciento al inicio de 2018 ya que el programa educativo de Odontolog\u00eda se encuentra en este proceso, as\u00ed como ocho programas de ingenier\u00eda.<br \/>\nApunt\u00f3 que durante 2017 se crearon tres nuevos programas educativos: las licenciaturas en Ense\u00f1anza de las Artes y Log\u00edstica Internacional y Aduanas, adem\u00e1s del Doctorado en Materiales y Nanociencias. Resalt\u00f3 la vinculaci\u00f3n que esta regi\u00f3n mantiene con los sectores empresariales y gubernamentales mediante la firma de convenios que generan recursos y tienen repercusi\u00f3n en la academia e investigaci\u00f3n.<br \/>\nPuntualiz\u00f3 el convenio con el Ayuntamiento de Veracruz y la Administraci\u00f3n Portuaria Integral para desarrollar el Plan Ciudad 2040, basado en el modelo Smart Social City, as\u00ed como el convenio firmado con la Asociaci\u00f3n de Industriales del Estado de Veracruz, A.C.<br \/>\nLa regi\u00f3n Veracruz ofrece 35 programas de licenciatura, cuatro de t\u00e9cnico superior universitario y 38 de posgrado, haciendo un total de 77 programas educativos. Actualmente, 14 mil 239 alumnos reciben una formaci\u00f3n integral a trav\u00e9s de su \u00e1rea disciplinar, experiencias educativas en el \u00e1rea b\u00e1sica y actividades del \u00c1rea de Formaci\u00f3n de Elecci\u00f3n Libre (AFEL).<br \/>\nAdem\u00e1s cuenta con una plantilla de mil 221 acad\u00e9micos, de los cuales el 31.7 por ciento son profesores de tiempo completo (PTC) y casi el 90 por ciento tiene grado de maestr\u00eda y\/o doctorado. El n\u00famero de PTC de la regi\u00f3n que pertenece al Sistema Nacional de Investigadores es de 62 y el n\u00famero de cuerpos acad\u00e9micos de la regi\u00f3n creci\u00f3 un 10 por ciento en relaci\u00f3n con el periodo anterior.<br \/>\nDe entre las principales iniciativas de esta regi\u00f3n, el Vicerrector destac\u00f3 el proyecto \u201cUrgencia de equipo, urgencia de vida\u201d, del Instituto de Investigaciones M\u00e9dico Biol\u00f3gicas y que beneficiar\u00e1 a personas con enfermedades oncol\u00f3gicas al brindarles radioterapias para su recuperaci\u00f3n.<br \/>\nOtra es la inauguraci\u00f3n del Hospital para Grandes Especies de la Facultad de Veterinaria, que ubica a la Universidad entre las 10 instituciones de educaci\u00f3n superior que poseen espacios de este tipo a nivel nacional.<br \/>\n\u201cNuestros egresados deben tener una formaci\u00f3n s\u00f3lida que les ayude a enfrentar los desaf\u00edos actuales y futuros, y les brinde herramientas para luchar contra la inequidad, la corrupci\u00f3n, la violencia, la impunidad y la falta de compromiso\u201d, enfatiz\u00f3.<br \/>\n\u201cEstos elementos al fusionarse dan como resultado una estructura semejante a un buque fuerte y resistente, en el cual nuestros j\u00f3venes universitarios pueden navegar y desembarcar en buen t\u00e9rmino, con conocimientos s\u00f3lidos que los respalden\u201d, declar\u00f3.<br \/>\nPor su parte, la Rectora mencion\u00f3 que esta regi\u00f3n tiene mucho que dar, por lo que pidi\u00f3 a la comunidad universitaria sumarse y brindar su mejor esfuerzo en este periodo de pertenencia y pertinencia.<br \/>\nEl IV Informe de Actividades de la regi\u00f3n cont\u00f3 con la presencia del secretario de Educaci\u00f3n de Veracruz, Enrique P\u00e9rez Rodr\u00edguez; representantes de los gobiernos estatal y municipales; de los miembros de la Junta de Gobierno Ricardo Corzo y Federico Roesch; as\u00ed como de Magdalena Hern\u00e1ndez Alarc\u00f3n, secretaria Acad\u00e9mica; Salvador Tapia Spinoso, secretario de Administraci\u00f3n y Finanzas; Octavio Ochoa Contreras, secretario de la Rector\u00eda; Alberto Islas Reyes, abogado general; Carlos Lamothe Zavaleta, secretario Acad\u00e9mico regional; y Juan Pablo Mungu\u00eda Tiburcio, secretario regional de Administraci\u00f3n y Finanzas.<\/p>\n","protected":false},"excerpt":{"rendered":"<p>El vicerrector de la regi\u00f3n Veracruz, Alfonso P\u00e9rez Morales, present\u00f3 ante el Consejo Universitario Regional su IV Informe de Actividades, correspondiente al periodo 2016-2017, el 17 de noviembre en la Unidad de Servicios Bibliotecarios y de Informaci\u00f3n (USBI) de Boca del R\u00edo.<\/p>\n\r\n<div class=\"seriesmeta\">Contenido 4 de 34 del n\u00famero <a href=\"https:\/\/www.uv.mx\/universo\/numero\/699\/\" class=\"series-456\" title=\"699\">699<\/a><\/div>","protected":false},"author":1869,"featured_media":24862,"comment_status":"closed","ping_status":"closed","sticky":false,"template":"","format":"standard","meta":[],"categories":[278,360],"tags":[],"series":[456],"_links":{"self":[{"href":"https:\/\/www.uv.mx\/universo\/wp-json\/wp\/v2\/posts\/24976"}],"collection":[{"href":"https:\/\/www.uv.mx\/universo\/wp-json\/wp\/v2\/posts"}],"about":[{"href":"https:\/\/www.uv.mx\/universo\/wp-json\/wp\/v2\/types\/post"}],"author":[{"embeddable":true,"href":"https:\/\/www.uv.mx\/universo\/wp-json\/wp\/v2\/users\/1869"}],"replies":[{"embeddable":true,"href":"https:\/\/www.uv.mx\/universo\/wp-json\/wp\/v2\/comments?post=24976"}],"version-history":[{"count":0,"href":"https:\/\/www.uv.mx\/universo\/wp-json\/wp\/v2\/posts\/24976\/revisions"}],"wp:featuredmedia":[{"embeddable":true,"href":"https:\/\/www.uv.mx\/universo\/wp-json\/wp\/v2\/media\/24862"}],"wp:attachment":[{"href":"https:\/\/www.uv.mx\/universo\/wp-json\/wp\/v2\/media?parent=24976"}],"wp:term":[{"taxonomy":"category","embeddable":true,"href":"https:\/\/www.uv.mx\/universo\/wp-json\/wp\/v2\/categories?post=24976"},{"taxonomy":"post_tag","embeddable":true,"href":"https:\/\/www.uv.mx\/universo\/wp-json\/wp\/v2\/tags?post=24976"},{"taxonomy":"series","embeddable":true,"href":"https:\/\/www.uv.mx\/universo\/wp-json\/wp\/v2\/series?post=24976"}],"curies":[{"name":"wp","href":"https:\/\/api.w.org\/{rel}","templated":true}]}}