{"id":25078,"date":"2017-11-27T08:59:25","date_gmt":"2017-11-27T14:59:25","guid":{"rendered":"https:\/\/www.uv.mx\/universo\/?p=25078"},"modified":"2017-11-27T10:52:01","modified_gmt":"2017-11-27T16:52:01","slug":"equipo-de-vicerrectoria-dialogo-con-universitarios","status":"publish","type":"post","link":"https:\/\/www.uv.mx\/universo\/cultura\/equipo-de-vicerrectoria-dialogo-con-universitarios\/","title":{"rendered":"Equipo de Vicerrector\u00eda dialog\u00f3 con universitarios"},"content":{"rendered":"<div class=\"pps-series-post-details pps-series-post-details-variant-classic pps-series-post-details-25529\" data-series-id=\"457\"><div class=\"pps-series-meta-content\"><div class=\"pps-series-meta-text\">Esta entrada es parte 35 de 43 en la serie <a href=\"https:\/\/www.uv.mx\/universo\/numero\/700\/\">700<\/a><\/div><\/div><\/div><div id=\"attachment_24993\" style=\"width: 732px\" class=\"wp-caption aligncenter\"><a href=\"https:\/\/www.uv.mx\/universo\/files\/2017\/11\/Universo-700-010.jpg\"><img loading=\"lazy\" decoding=\"async\" aria-describedby=\"caption-attachment-24993\" class=\"size-full wp-image-24993\" src=\"https:\/\/www.uv.mx\/universo\/files\/2017\/11\/Universo-700-010.jpg\" alt=\"\" width=\"722\" height=\"406\" srcset=\"https:\/\/www.uv.mx\/universo\/files\/2017\/11\/Universo-700-010.jpg 722w, https:\/\/www.uv.mx\/universo\/files\/2017\/11\/Universo-700-010-300x169.jpg 300w\" sizes=\"auto, (max-width: 722px) 100vw, 722px\" \/><\/a><p id=\"caption-attachment-24993\" class=\"wp-caption-text\">Aspecto de la visita a la UVI Grandes Monta\u00f1as<\/p><\/div>\n<p>&nbsp;<\/p>\n<p><strong>Orizaba \u2022 C\u00f3rdoba<\/strong><\/p>\n<p><span style=\"font-size: 10pt\"><strong>Eduardo Ca\u00f1edo Lom\u00e1n<\/strong><\/span><\/p>\n<p>Con el objetivo de acercarse a la comunidad universitaria de las facultades de la regi\u00f3n Orizaba-C\u00f3rdoba, el equipo de la Vicerrector\u00eda, encabezado por su titular Jos\u00e9 Eduardo Mart\u00ednez Canales, concluy\u00f3 sus recorridos de presentaci\u00f3n.<br \/>\nEl 18 de noviembre en el Sistema de Ense\u00f1anza Abierta se dieron por finalizadas las visitas a las ocho facultades, los dos Centros de Idiomas y la Universidad Veracruzana Intercultural (UVI), sede Grandes Monta\u00f1as, en el municipio de Tequila, como parte de las entidades acad\u00e9micas en la regi\u00f3n.<br \/>\nQuedaron pendientes para pr\u00f3ximos d\u00edas las visitas a la Unidad de Servicios Bibliotecarios y de Informaci\u00f3n (USBI) Ixtac, los Centros de Entrenamiento y Educaci\u00f3n Especial en Orizaba y C\u00f3rdoba, as\u00ed como la Casa de la Universidad en el municipio de Atlahuilco.<br \/>\n\u201cEstas visitas son para darle el respaldo a todo mi equipo de trabajo, tienen toda mi confianza para tomar decisiones en sus respectivas \u00e1reas\u201d, destac\u00f3 Mart\u00ednez Canales, quien adem\u00e1s encabez\u00f3 junto con directivos de cada entidad acad\u00e9mica las visitas realizadas en las sedes.<br \/>\n\u201cEs importante que podamos recoger todas las inquietudes y propuestas de mejora, con la finalidad de integrarlas al plan de trabajo que estamos desarrollando\u201d, expres\u00f3.<br \/>\nEl equipo que realiz\u00f3 las visitas desde el 8 de noviembre estuvo integrado por: Emma Virginia Herrera Huerta, secretaria Acad\u00e9mica regional; Lizbeth Margarita Viveros Cancino, secretaria regional de Administraci\u00f3n y Finanzas; Rub\u00e9n Eder Contreras Rojas, coordinador regional de Vinculaci\u00f3n; F\u00e1tima Romero Guti\u00e9rrez, coordinadora regional del \u00c1rea de Formaci\u00f3n B\u00e1sica General; Omar Acosta Lindo, delegado Jur\u00eddico regional; Eli Centeotl Hern\u00e1ndez Hern\u00e1ndez, coordinador regional de Tecnolog\u00eda de Informaci\u00f3n; Aldo Antonio Rangel Luna, coordinador regional de Eventos.<\/p>\n","protected":false},"excerpt":{"rendered":"<div class=\"pps-series-post-details pps-series-post-details-variant-classic pps-series-post-details-25529 pps-series-meta-excerpt\" data-series-id=\"457\"><div class=\"pps-series-meta-content\"><div class=\"pps-series-meta-text\">Esta entrada es parte 35 de 43 en la serie <a href=\"https:\/\/www.uv.mx\/universo\/numero\/700\/\">700<\/a><\/div><\/div><\/div><p>Con el objetivo de acercarse a la comunidad universitaria de las facultades de la regi\u00f3n Orizaba-C\u00f3rdoba, el equipo de la Vicerrector\u00eda, encabezado por su titular Jos\u00e9 Eduardo Mart\u00ednez Canales, concluy\u00f3 sus recorridos de presentaci\u00f3n.<\/p>\n","protected":false},"author":1869,"featured_media":24993,"comment_status":"closed","ping_status":"closed","sticky":false,"template":"","format":"standard","meta":{"footnotes":""},"categories":[5],"tags":[],"series":[457],"class_list":["post-25078","post","type-post","status-publish","format-standard","has-post-thumbnail","hentry","category-cultura","series-457"],"_links":{"self":[{"href":"https:\/\/www.uv.mx\/universo\/wp-json\/wp\/v2\/posts\/25078","targetHints":{"allow":["GET"]}}],"collection":[{"href":"https:\/\/www.uv.mx\/universo\/wp-json\/wp\/v2\/posts"}],"about":[{"href":"https:\/\/www.uv.mx\/universo\/wp-json\/wp\/v2\/types\/post"}],"author":[{"embeddable":true,"href":"https:\/\/www.uv.mx\/universo\/wp-json\/wp\/v2\/users\/1869"}],"replies":[{"embeddable":true,"href":"https:\/\/www.uv.mx\/universo\/wp-json\/wp\/v2\/comments?post=25078"}],"version-history":[{"count":0,"href":"https:\/\/www.uv.mx\/universo\/wp-json\/wp\/v2\/posts\/25078\/revisions"}],"wp:featuredmedia":[{"embeddable":true,"href":"https:\/\/www.uv.mx\/universo\/wp-json\/wp\/v2\/media\/24993"}],"wp:attachment":[{"href":"https:\/\/www.uv.mx\/universo\/wp-json\/wp\/v2\/media?parent=25078"}],"wp:term":[{"taxonomy":"category","embeddable":true,"href":"https:\/\/www.uv.mx\/universo\/wp-json\/wp\/v2\/categories?post=25078"},{"taxonomy":"post_tag","embeddable":true,"href":"https:\/\/www.uv.mx\/universo\/wp-json\/wp\/v2\/tags?post=25078"},{"taxonomy":"series","embeddable":true,"href":"https:\/\/www.uv.mx\/universo\/wp-json\/wp\/v2\/series?post=25078"}],"curies":[{"name":"wp","href":"https:\/\/api.w.org\/{rel}","templated":true}]}}