{"id":3959,"date":"2015-05-04T07:59:19","date_gmt":"2015-05-04T12:59:19","guid":{"rendered":"https:\/\/www.uv.mx\/universo\/?p=3959"},"modified":"2015-08-03T19:55:23","modified_gmt":"2015-08-04T00:55:23","slug":"mujeres-deben-aprovechar-la-libertad-de-escribir-sobre-cualquier-tema","status":"publish","type":"post","link":"https:\/\/www.uv.mx\/universo\/cultura\/mujeres-deben-aprovechar-la-libertad-de-escribir-sobre-cualquier-tema\/","title":{"rendered":"Mujeres deben aprovechar la libertad de escribir sobre cualquier tema"},"content":{"rendered":"<div class=\"seriesmeta noshow\">Contenido 41 de 49 del n\u00famero <a href=\"https:\/\/www.uv.mx\/universo\/numero\/599\/\" class=\"series-321\" title=\"599\">599<\/a><\/div>\r\n<p class=\"Encabezado\"><strong><a href=\"https:\/\/www.uv.mx\/universo\/files\/2015\/05\/599-cultura-014.jpg\"><img decoding=\"async\" loading=\"lazy\" class=\" size-medium wp-image-3943 alignright\" src=\"https:\/\/www.uv.mx\/universo\/files\/2015\/05\/599-cultura-014-271x300.jpg\" alt=\"599-cultura-014\" width=\"271\" height=\"300\" \/><\/a><\/strong><\/p>\n<p class=\"Titulo\"><em>Se present\u00f3 el libro En voz alta, conformado por varios cuentos de mujeres que viven en la frontera norte del pa\u00eds<\/em><\/p>\n<p class=\"Autor\"><span style=\"font-size: 8pt\"><strong>Paola Cort\u00e9s P\u00e9rez<\/strong><\/span><\/p>\n<p class=\"Texto\">Las escritoras no s\u00f3lo deben escribir sobre los problemas de las mujeres, enfatiz\u00f3 Cristina Rasc\u00f3n Castro, autora del libro <em>En voz alta<\/em> publicado por Nitro\/Press, al participar en la conferencia \u201cMujeres en la literatura. Nuevas plumas\u201d, en el Sal\u00f3n \u201cRam\u00f3n Rodr\u00edguez\u201d del Complejo Deportivo Omega, sede de la Feria Internacional del Libro Universitario (FILU) 2015.<\/p>\n<p class=\"Texto\">\u201cNo debemos pensar que por ser mujeres s\u00f3lo podemos escribir sobre los problemas de nosotras; por el contrario, debemos tener la libertad de escribir sobre cualquier tema\u201d, expres\u00f3 la escritora sonorense.<\/p>\n<p class=\"Texto\">Respecto de su libro, coment\u00f3 que est\u00e1 conformado por varios cuentos que describen las experiencias de mujeres que viven en la frontera norte del pa\u00eds.<\/p>\n<p class=\"Texto\">En tanto, Mauricio Bares, responsable de la Editorial Nitro\/Press, indic\u00f3 que son de las pocas casas editoriales que decidieron publicar trabajos literarios de mujeres.<\/p>\n<p class=\"Texto\">\u201cPara este a\u00f1o ya ser\u00e1n 50 escritoras que hemos publicado. Primero fue una casualidad, despu\u00e9s empezamos a seguirlas en sus blog y nos asombr\u00f3 su trabajo porque tratan tem\u00e1ticas fuertes que la mayor\u00eda de las mujeres del pa\u00eds experimentan en la vida cotidiana.\u201d<\/p>\n<p class=\"Texto\">Apunt\u00f3 que desde 2011 realizan el proyecto Lado B, antolog\u00eda de cuentos donde participan 10 escritores varones y 10 mujeres, \u201ctodos tienen mucha calidad t\u00e9cnica y no se trata de meras narraciones testimoniales\u201d.<\/p>\n","protected":false},"excerpt":{"rendered":"<p>Las escritoras no s\u00f3lo deben escribir sobre los problemas de las mujeres, enfatiz\u00f3 Cristina Rasc\u00f3n Castro, autora del libro <em>En voz alta<\/em>, publicado por Nitro\/Press, al participar en la conferencia \u201cMujeres en la literatura. Nuevas plumas\u201d<\/p>\n\r\n<div class=\"seriesmeta\">Contenido 41 de 49 del n\u00famero <a href=\"https:\/\/www.uv.mx\/universo\/numero\/599\/\" class=\"series-321\" title=\"599\">599<\/a><\/div>","protected":false},"author":1668,"featured_media":0,"comment_status":"closed","ping_status":"closed","sticky":false,"template":"","format":"standard","meta":[],"categories":[5],"tags":[319],"series":[321],"_links":{"self":[{"href":"https:\/\/www.uv.mx\/universo\/wp-json\/wp\/v2\/posts\/3959"}],"collection":[{"href":"https:\/\/www.uv.mx\/universo\/wp-json\/wp\/v2\/posts"}],"about":[{"href":"https:\/\/www.uv.mx\/universo\/wp-json\/wp\/v2\/types\/post"}],"author":[{"embeddable":true,"href":"https:\/\/www.uv.mx\/universo\/wp-json\/wp\/v2\/users\/1668"}],"replies":[{"embeddable":true,"href":"https:\/\/www.uv.mx\/universo\/wp-json\/wp\/v2\/comments?post=3959"}],"version-history":[{"count":0,"href":"https:\/\/www.uv.mx\/universo\/wp-json\/wp\/v2\/posts\/3959\/revisions"}],"wp:attachment":[{"href":"https:\/\/www.uv.mx\/universo\/wp-json\/wp\/v2\/media?parent=3959"}],"wp:term":[{"taxonomy":"category","embeddable":true,"href":"https:\/\/www.uv.mx\/universo\/wp-json\/wp\/v2\/categories?post=3959"},{"taxonomy":"post_tag","embeddable":true,"href":"https:\/\/www.uv.mx\/universo\/wp-json\/wp\/v2\/tags?post=3959"},{"taxonomy":"series","embeddable":true,"href":"https:\/\/www.uv.mx\/universo\/wp-json\/wp\/v2\/series?post=3959"}],"curies":[{"name":"wp","href":"https:\/\/api.w.org\/{rel}","templated":true}]}}