{"id":4098,"date":"2015-05-04T07:59:54","date_gmt":"2015-05-04T12:59:54","guid":{"rendered":"https:\/\/www.uv.mx\/universo\/?p=4098"},"modified":"2015-08-03T18:35:21","modified_gmt":"2015-08-03T23:35:21","slug":"uv-autoevaluara-sus-procesos-de-gestion","status":"publish","type":"post","link":"https:\/\/www.uv.mx\/universo\/general\/uv-autoevaluara-sus-procesos-de-gestion\/","title":{"rendered":"UV autoevaluar\u00e1 sus procesos de gesti\u00f3n"},"content":{"rendered":"<div class=\"seriesmeta noshow\">Contenido 6 de 49 del n\u00famero <a href=\"https:\/\/www.uv.mx\/universo\/numero\/599\/\" class=\"series-321\" title=\"599\">599<\/a><\/div>\r\n<p><em>\u00abQueremos demostrar a esa sociedad a la que nos debemos que estamos trabajando\u201d: Rectora<\/em><\/p>\n<p><span style=\"font-size: 8pt\"><strong>Karina de la Paz Reyes<\/strong><\/span><\/p>\n<div id=\"attachment_8414\" style=\"width: 310px\" class=\"wp-caption alignright\"><a href=\"https:\/\/www.uv.mx\/universo\/files\/2015\/05\/599-Autoevaluacion.jpg\"><img aria-describedby=\"caption-attachment-8414\" decoding=\"async\" loading=\"lazy\" class=\"size-medium wp-image-8414\" src=\"https:\/\/www.uv.mx\/universo\/files\/2015\/05\/599-Autoevaluacion-300x171.jpg\" alt=\"Funcionarios acad\u00e9micos en el seminario para la autoevaluaci\u00f3n\" width=\"300\" height=\"171\" \/><\/a><p id=\"caption-attachment-8414\" class=\"wp-caption-text\">Funcionarios acad\u00e9micos en el seminario para la autoevaluaci\u00f3n<\/p><\/div>\n<p>La rectora de la Universidad Veracruzana (UV), Sara Ladr\u00f3n de Guevara, particip\u00f3 en el \u201cSeminario para la autoevaluaci\u00f3n, seguimiento y acreditaci\u00f3n de las funciones de administraci\u00f3n y gesti\u00f3n institucional, difusi\u00f3n, vinculaci\u00f3n y extensi\u00f3n de la cultura\u201d, el 28 de abril en la Unidad de Servicios Bibliotecarios y de Informaci\u00f3n, donde dej\u00f3 claro que la autoevaluaci\u00f3n que realizar\u00e1 en breve la UV es un ejercicio positivo que dar\u00e1 las pautas para mejorar la calidad de sus procesos.<\/p>\n<p>\u201cQueremos evaluarnos porque de ah\u00ed salen recomendaciones que son para la mejora de nuestras funciones y de eso se trata, de reconocer d\u00f3nde estamos y que lo veamos no a trav\u00e9s de nuestros ojos, sino de los de otros. Los Comit\u00e9s no s\u00f3lo nos evaluar\u00e1n a nosotros, sino que suelen evaluar instituciones de educaci\u00f3n superior y por lo tanto tienen un buen term\u00f3metro\u201d, se\u00f1al\u00f3.<\/p>\n<p>\u201cTenemos que dar cuentas a la sociedad, a nuestros estudiantes. Tenemos que decirle a nuestros acad\u00e9micos que nosotros tambi\u00e9n estamos inmersos en procesos de autoevaluaci\u00f3n, que queremos demostrar a esa sociedad a la que<br \/>\nnos debemos que estamos trabajando para la calidad, que podemos autoevaluarnos y mostrar a externos que estamos trabajando de manera adecuada\u201d, a\u00f1adi\u00f3.<\/p>\n<p>Este ejercicio marc\u00f3 el inicio del seguimiento a la evaluaci\u00f3n de las formas y procesos de gesti\u00f3n que la UV realiza, cuyo prop\u00f3sito es la mejora continua en la planeaci\u00f3n y desarrollo institucional.<\/p>\n<p>Fue tambi\u00e9n el punto de partida de la tercera visita que los Comit\u00e9s Interinstitucionales para la Evaluaci\u00f3n de la Educaci\u00f3n Superior (CIEES) realizar\u00e1n en fechas pr\u00f3ximas a la Universidad (el primero fue en 1993 y el segundo en 2008), toda vez que est\u00e1 en el inter\u00e9s de la actual administraci\u00f3n rectoral lograr \u2013es una de las metas del programa de trabajo\u2013 que la instituci\u00f3n sea reconocida y acreditada por la calidad de su administraci\u00f3n y su gesti\u00f3n.<\/p>\n<p>El seminario lo imparti\u00f3 Enrique Guti\u00e9rrez L\u00f3pez, vocal ejecutivo del Comit\u00e9 de Administraci\u00f3n y Gesti\u00f3n Institucional de los CIEES, y en \u00e9l tambi\u00e9n participaron la secretaria Acad\u00e9mica, Leticia Rodr\u00edguez Audirac; el secretario de la Rector\u00eda, Octavio Ochoa Contreras \u2013quien fungi\u00f3 como moderador\u2013; el abogado general, Alberto Islas Reyes; la directora de Planeaci\u00f3n Institucional, Laura Elena Mart\u00ednez M\u00e1rquez.<\/p>\n<p>Los directores generales de las \u00e1reas acad\u00e9micas de la UV: Artes, Biol\u00f3gico-Agropecuarias, Humanidades, Econ\u00f3mico-Administrativa, T\u00e9cnica y Ciencias de la Salud: Miguel Flores Covarrubias, Domingo Canales Espinosa, Jos\u00e9 Luis Mart\u00ednez Su\u00e1rez, Liliana Betancourt Trevedhan, Rafael D\u00edaz Sobac y Mar\u00eda Concepci\u00f3n S\u00e1nchez Rovelo, respectivamente.<\/p>\n<p>Los directores generales de Relaciones Internacionales, de Vinculaci\u00f3n, de Desarrollo Acad\u00e9mico e Innovaci\u00f3n Educativa, de Difusi\u00f3n Cultural, de Tecnolog\u00eda de Informaci\u00f3n y de Comunicaci\u00f3n Universitaria: Mar\u00eda Magdalena Hern\u00e1ndez Alarc\u00f3n, Rebeca Hern\u00e1ndez Ar\u00e1mburo, Jos\u00e9 Antonio Hernanz Moral, Mar\u00eda Esther Hern\u00e1ndez Palacios, Elsa Ortega Rodr\u00edguez y Raciel Dam\u00f3n Mart\u00ednez G\u00f3mez, respectivamente, por mencionar algunos.<\/p>\n<p>Tambi\u00e9n estuvo presente el vicerrector del campus Coatzacoalcos-Minatitl\u00e1n-Acayucan, Jorge Alberto Andaverde Arredondo; mientras que sus pares de los campus Poza Rica-Tuxpan, Orizaba-C\u00f3rdoba-Ixtaczoquitl\u00e1n y Veracruz-Boca del R\u00edo, tomaron el seminario de manera simult\u00e1nea a trav\u00e9s del sistema de videoconferencias.<\/p>\n<p>Ladr\u00f3n de Guevara, as\u00ed como Guti\u00e9rrez L\u00f3pez y Ochoa Contreras, coincidieron en destacar que el primer ejercicio de esta naturaleza, que se realiz\u00f3 en 1993, fue el detonante de la autonom\u00eda de la UV, pues as\u00ed lo plante\u00f3 una de las recomendaciones de los CIEES, lo cual se concret\u00f3 en 1997.<\/p>\n<p>\u201cLa evaluaci\u00f3n de 1993 fue el detonante para la autonom\u00eda de la Universidad. Cuando se han realizado estudios transversales de qu\u00e9 es lo que han hecho los organismos de evaluaci\u00f3n en nuestro pa\u00eds, \u00e9ste es un ejemplo muy importante: la evaluaci\u00f3n que se hizo por parte de pares externos sirvi\u00f3 como detonante para la autonom\u00eda de la Universidad Veracruzana\u201d, precis\u00f3 el Vocal Ejecutivo de los CIEES.<\/p>\n<p>Finalmente, Guti\u00e9rrez L\u00f3pez reconoci\u00f3 la madurez hist\u00f3rica de la UV, la unidad entre la comunidad universitaria y la convicci\u00f3n por mejorar como instituci\u00f3n.<\/p>\n","protected":false},"excerpt":{"rendered":"<p>La rectora Sara Ladr\u00f3n de Guevara particip\u00f3 en el \u201cSeminario para la autoevaluaci\u00f3n, seguimiento y acreditaci\u00f3n de las funciones de administraci\u00f3n y gesti\u00f3n institucional, difusi\u00f3n, vinculaci\u00f3n y extensi\u00f3n de la cultura\u201d, donde dej\u00f3 claro que la autoevaluaci\u00f3n que realizar\u00e1 en breve la UV dar\u00e1 las pautas para mejorar la calidad de sus procesos<\/p>\n\r\n<div class=\"seriesmeta\">Contenido 6 de 49 del n\u00famero <a href=\"https:\/\/www.uv.mx\/universo\/numero\/599\/\" class=\"series-321\" title=\"599\">599<\/a><\/div>","protected":false},"author":1664,"featured_media":8418,"comment_status":"closed","ping_status":"closed","sticky":false,"template":"","format":"standard","meta":[],"categories":[1],"tags":[],"series":[321],"_links":{"self":[{"href":"https:\/\/www.uv.mx\/universo\/wp-json\/wp\/v2\/posts\/4098"}],"collection":[{"href":"https:\/\/www.uv.mx\/universo\/wp-json\/wp\/v2\/posts"}],"about":[{"href":"https:\/\/www.uv.mx\/universo\/wp-json\/wp\/v2\/types\/post"}],"author":[{"embeddable":true,"href":"https:\/\/www.uv.mx\/universo\/wp-json\/wp\/v2\/users\/1664"}],"replies":[{"embeddable":true,"href":"https:\/\/www.uv.mx\/universo\/wp-json\/wp\/v2\/comments?post=4098"}],"version-history":[{"count":0,"href":"https:\/\/www.uv.mx\/universo\/wp-json\/wp\/v2\/posts\/4098\/revisions"}],"wp:featuredmedia":[{"embeddable":true,"href":"https:\/\/www.uv.mx\/universo\/wp-json\/wp\/v2\/media\/8418"}],"wp:attachment":[{"href":"https:\/\/www.uv.mx\/universo\/wp-json\/wp\/v2\/media?parent=4098"}],"wp:term":[{"taxonomy":"category","embeddable":true,"href":"https:\/\/www.uv.mx\/universo\/wp-json\/wp\/v2\/categories?post=4098"},{"taxonomy":"post_tag","embeddable":true,"href":"https:\/\/www.uv.mx\/universo\/wp-json\/wp\/v2\/tags?post=4098"},{"taxonomy":"series","embeddable":true,"href":"https:\/\/www.uv.mx\/universo\/wp-json\/wp\/v2\/series?post=4098"}],"curies":[{"name":"wp","href":"https:\/\/api.w.org\/{rel}","templated":true}]}}