{"id":4233,"date":"2015-04-27T07:59:55","date_gmt":"2015-04-27T12:59:55","guid":{"rendered":"https:\/\/www.uv.mx\/universo\/?p=4233"},"modified":"2015-08-18T20:39:48","modified_gmt":"2015-08-19T01:39:48","slug":"universiada-nacional-ocho-medallas-para-halcones-uv","status":"publish","type":"post","link":"https:\/\/www.uv.mx\/universo\/deportes\/universiada-nacional-ocho-medallas-para-halcones-uv\/","title":{"rendered":"Universiada Nacional: ocho medallas para Halcones UV"},"content":{"rendered":"<div class=\"seriesmeta noshow\">Contenido 5 de 50 del n\u00famero <a href=\"https:\/\/www.uv.mx\/universo\/numero\/598\/\" class=\"series-317\" title=\"598\">598<\/a><\/div>\r\n<div id=\"attachment_4188\" style=\"width: 206px\" class=\"wp-caption alignright\"><a href=\"https:\/\/www.uv.mx\/universo\/files\/2015\/05\/598_033.jpg\"><img aria-describedby=\"caption-attachment-4188\" decoding=\"async\" loading=\"lazy\" class=\"size-medium wp-image-4188\" src=\"https:\/\/www.uv.mx\/universo\/files\/2015\/05\/598_033-196x300.jpg\" alt=\"La judoca Alejandra Aulis, bronce\" width=\"196\" height=\"300\" srcset=\"https:\/\/www.uv.mx\/universo\/files\/2015\/05\/598_033-196x300.jpg 196w, https:\/\/www.uv.mx\/universo\/files\/2015\/05\/598_033.jpg 328w\" sizes=\"(max-width: 196px) 100vw, 196px\" \/><\/a><p id=\"caption-attachment-4188\" class=\"wp-caption-text\">La judoca Alejandra Aulis, bronce<\/p><\/div>\n<p><span style=\"font-size: 8pt\"><strong>Santiago Morales Ortiz<\/strong><\/span><\/p>\n<p>Los Halcones de la Universidad Veracruzana (UV) figuran en el medallero de la Universiada Nacional Nuevo Le\u00f3n 2015, que se lleva a cabo en Monterrey, donde hasta el momento se han adjudicado tres medallas de oro, tres de plata y dos bronce, para un total de ocho, en las disciplinas de judo y gimnasia aer\u00f3bica.<\/p>\n<p><strong>Judo<\/strong><br \/>\nSara Beatriz Hern\u00e1ndez Marcial se consolid\u00f3 como la mejor carta del judo, al conquistar la presea dorada en la divisi\u00f3n de los 48 kilogramos femenil.<\/p>\n<p>En la categor\u00eda de m\u00e1s de 78 kilogramos, Ana Brenda Navarro Rizo se colg\u00f3 la medalla de plata, tras caer en la final ante Sandra Zavala, de la Universidad Aut\u00f3noma de Chihuahua.<\/p>\n<p>Con cuarto lugar, en la misma categor\u00eda, se report\u00f3 Mar\u00eda Guadalupe Arroyo, quien perdi\u00f3 su combate ante Elia Zaragoza, de la Aut\u00f3noma de Sinaloa.<\/p>\n<p>Alejandra Aulis Ram\u00edrez logr\u00f3 la presea de bronce en la divisi\u00f3n de los 52 kilogramos que convoc\u00f3 a 14 competidoras.<\/p>\n<p>En la rama varonil, divisi\u00f3n de 60 kilogramos, Emiliano L\u00f3pez S\u00e1nchez tuvo una buena actuaci\u00f3n y obtuvo medalla de bronce.<\/p>\n<div id=\"attachment_4189\" style=\"width: 208px\" class=\"wp-caption alignright\"><a href=\"https:\/\/www.uv.mx\/universo\/files\/2015\/05\/598_034.jpg\"><img aria-describedby=\"caption-attachment-4189\" decoding=\"async\" loading=\"lazy\" class=\"size-medium wp-image-4189\" src=\"https:\/\/www.uv.mx\/universo\/files\/2015\/05\/598_034-198x300.jpg\" alt=\"Sara Beatriz Hern\u00e1ndez, oro en judo\" width=\"198\" height=\"300\" srcset=\"https:\/\/www.uv.mx\/universo\/files\/2015\/05\/598_034-198x300.jpg 198w, https:\/\/www.uv.mx\/universo\/files\/2015\/05\/598_034.jpg 477w\" sizes=\"(max-width: 198px) 100vw, 198px\" \/><\/a><p id=\"caption-attachment-4189\" class=\"wp-caption-text\">Sara Beatriz Hern\u00e1ndez, oro en judo<\/p><\/div>\n<p><strong>Gimnasia aer\u00f3bica<\/strong><br \/>\nLos representantes de la UV subieron al podio de los triunfadores, tras conquistar dos medallas de oro, en las modalidades de tr\u00edo y aerodance, respectivamente; mientras que en las especialidades de grupo y pareja mixta, Halcones obtuvo sendas preseas de plata.<\/p>\n<p>Las competencias contin\u00faan en Nuevo Le\u00f3n, en diferentes disciplinas, para concluir el pr\u00f3ximo 3 de mayo.<\/p>\n<p><strong>Vamos por el oro en Futbol: Eduardo Mendoza<\/strong><br \/>\nEduardo Mendoza Bando, alumno de la Maestr\u00eda en Ciencias Agropecuarias y portero de la Selecci\u00f3n de Futbol Asociaci\u00f3n de la Universidad Veracruzana, expres\u00f3 que el objetivo en la Universiada Nacional es buscar la medalla de oro.<\/p>\n<p>Halcones competir\u00e1 a partir del 28 de abril en el m\u00e1ximo evento estudiantil, y abrir\u00e1 la jornada ante el actual campe\u00f3n, la Universidad Aut\u00f3noma de Chihuahua.<\/p>\n<p>El portero del equipo emplumado coment\u00f3 que se trata de su tercera y \u00faltima universiada, en la cual le gustar\u00eda despedirse con la medalla de oro: \u201cEl a\u00f1o pasado por cuestiones acad\u00e9micas no pude ir a Puebla, pero tuve la oportunidad de competir en Veracruz 2012 y Sinaloa 2013\u201d.<\/p>\n<p>El destacado guardameta comparti\u00f3 que asume el reto de atajar todo lo que se le presente para sacar adelante al equipo: \u201cMe corresponde, es mi trabajo, pero con el apoyo de todos creo que se puede lograr una buena actuaci\u00f3n\u201d.<\/p>\n","protected":false},"excerpt":{"rendered":"<p>Santiago Morales Ortiz Los Halcones de la Universidad Veracruzana (UV) figuran en el medallero de la Universiada Nacional Nuevo Le\u00f3n 2015, que se lleva a cabo en Monterrey, donde hasta el momento se han adjudicado tres medallas de oro, tres de plata y dos bronce, para un total de ocho, en las disciplinas de judo [&hellip;]<\/p>\n\r\n<div class=\"seriesmeta\">Contenido 5 de 50 del n\u00famero <a href=\"https:\/\/www.uv.mx\/universo\/numero\/598\/\" class=\"series-317\" title=\"598\">598<\/a><\/div>","protected":false},"author":1664,"featured_media":9008,"comment_status":"closed","ping_status":"closed","sticky":false,"template":"","format":"standard","meta":[],"categories":[7,278],"tags":[],"series":[317],"_links":{"self":[{"href":"https:\/\/www.uv.mx\/universo\/wp-json\/wp\/v2\/posts\/4233"}],"collection":[{"href":"https:\/\/www.uv.mx\/universo\/wp-json\/wp\/v2\/posts"}],"about":[{"href":"https:\/\/www.uv.mx\/universo\/wp-json\/wp\/v2\/types\/post"}],"author":[{"embeddable":true,"href":"https:\/\/www.uv.mx\/universo\/wp-json\/wp\/v2\/users\/1664"}],"replies":[{"embeddable":true,"href":"https:\/\/www.uv.mx\/universo\/wp-json\/wp\/v2\/comments?post=4233"}],"version-history":[{"count":0,"href":"https:\/\/www.uv.mx\/universo\/wp-json\/wp\/v2\/posts\/4233\/revisions"}],"wp:featuredmedia":[{"embeddable":true,"href":"https:\/\/www.uv.mx\/universo\/wp-json\/wp\/v2\/media\/9008"}],"wp:attachment":[{"href":"https:\/\/www.uv.mx\/universo\/wp-json\/wp\/v2\/media?parent=4233"}],"wp:term":[{"taxonomy":"category","embeddable":true,"href":"https:\/\/www.uv.mx\/universo\/wp-json\/wp\/v2\/categories?post=4233"},{"taxonomy":"post_tag","embeddable":true,"href":"https:\/\/www.uv.mx\/universo\/wp-json\/wp\/v2\/tags?post=4233"},{"taxonomy":"series","embeddable":true,"href":"https:\/\/www.uv.mx\/universo\/wp-json\/wp\/v2\/series?post=4233"}],"curies":[{"name":"wp","href":"https:\/\/api.w.org\/{rel}","templated":true}]}}