{"id":4385,"date":"2015-05-04T07:59:28","date_gmt":"2015-05-04T12:59:28","guid":{"rendered":"https:\/\/www.uv.mx\/universo\/?p=4385"},"modified":"2015-08-03T19:48:39","modified_gmt":"2015-08-04T00:48:39","slug":"ramon-rodriguez-fue-un-poeta-autonomo","status":"publish","type":"post","link":"https:\/\/www.uv.mx\/universo\/cultura\/ramon-rodriguez-fue-un-poeta-autonomo\/","title":{"rendered":"Ram\u00f3n Rodr\u00edguez fue un poeta aut\u00f3nomo"},"content":{"rendered":"<div class=\"seriesmeta noshow\">Contenido 32 de 49 del n\u00famero <a href=\"https:\/\/www.uv.mx\/universo\/numero\/599\/\" class=\"series-321\" title=\"599\">599<\/a><\/div>\r\n<div id=\"attachment_3934\" style=\"width: 310px\" class=\"wp-caption alignright\"><img aria-describedby=\"caption-attachment-3934\" decoding=\"async\" loading=\"lazy\" class=\"size-medium wp-image-3934\" src=\"https:\/\/www.uv.mx\/universo\/files\/2015\/05\/599-cultura-005-300x200.jpg\" alt=\"V\u00edctor Hugo V\u00e1squez, Marco Ant\u00fanez, Mario Mu\u00f1oz y \u00c1ngel Jos\u00e9 Fern\u00e1ndez\" width=\"300\" height=\"200\" \/><\/a><p id=\"caption-attachment-3934\" class=\"wp-caption-text\">V\u00edctor Hugo V\u00e1squez, Marco Ant\u00fanez, Mario Mu\u00f1oz y \u00c1ngel Jos\u00e9 Fern\u00e1ndez<\/p><\/div>\n<p class=\"Titulo\"><em>Colegas, lectores, amigos y familiares le rindieron homenaje en la FILU 2015<\/em><\/p>\n<p class=\"Autor\"><span style=\"font-size: 8pt\"><strong>Karina de la Paz Reyes<\/strong><\/span><\/p>\n<p class=\"Texto\">Una de las primeras actividades de la Feria Internacional del Libro Universitario (FILU) 2015, fue la \u201cMesa in memoriam al poeta Ram\u00f3n Rodr\u00edguez\u201d.\u00a0Ah\u00ed, \u00c1ngel Jos\u00e9 Fern\u00e1ndez, Mario Mu\u00f1oz y Marco Ant\u00fanez coincidieron, entre otras cosas, en la autonom\u00eda con que siempre se condujo el autor de <em>Cuartel de invierno.<\/em><\/p>\n<p class=\"Texto\">El tambi\u00e9n poeta y actual director del Instituto de Investigaciones Ling\u00fc\u00edstico-Literarias, \u00c1ngel Jos\u00e9 Fern\u00e1ndez, consider\u00f3 que el autor de La navaja de Occam fue un hombre nov\u00edsimo, \u201cporque fue irreverente, no sigui\u00f3 las escuelas \u2013salvo la suya\u2013 porque, aunque no lo queramos creer, era un hombre erudito, informado, sab\u00eda todo.<\/p>\n<p class=\"Texto\">No era un improvisado\u201d. Incluso \u201crompi\u00f3 con las estructuras po\u00e9ticas, pero instaur\u00f3 otras, ah\u00ed radica \u2013en mi opini\u00f3n\u2013 su verdadero arte\u201d. El editor Marco Ant\u00fanez coment\u00f3 que muchos autores con los que se podr\u00eda emparentar la escritura de Rodr\u00edguez \u2013no de su generaci\u00f3n\u2013, suelen tener demasiada pirot\u00e9cnica.<\/p>\n<p class=\"Texto\">\u201cEn el caso de Ram\u00f3n, lo que pesa es la necesidad de decir algo que sea tenso y esta tensi\u00f3n la vemos reflejada a trav\u00e9s del sonido, de la ca\u00edda de los acentos, y la forma en la que no toma en serio aquello de lo que est\u00e1 hablando\u201d.<\/p>\n<p class=\"Texto\">Mario Mu\u00f1oz, director de la revista La Palabra y el Hombre, record\u00f3 que Ram\u00f3n Rodr\u00edguez fue uno de los fundadores de \u00e9sta, sin embargo, no colabor\u00f3 en sus p\u00e1ginas de manera sistem\u00e1tica, su presencia fue modesta.<\/p>\n<p class=\"Texto\">\u201cNo fue de esos autores, afortunadamente, que se engolosinan con la publicaci\u00f3n, que constantemente tratan de estar publicando todo lo que escriben.<\/p>\n<p class=\"Texto\">Yo admiro mucho a este tipo de escritores que no son muy frecuentes en la literatura mexicana, pues publican espor\u00e1dicamente, pero cuando lo hacen es de forma excelente.\u201d<\/p>\n<p class=\"Texto\">En la mesa abundaron en lo \u201creacio\u201d que fue Ram\u00f3n Rodr\u00edguez para publicar, muestra de ello es la escasa obra que dej\u00f3. Su primer libro fue Ser de lejan\u00edas (1960), que sus amigos Sergio Galindo y Francisco Gonz\u00e1lez enviaron al taller sin pedirle autorizaci\u00f3n ni permiso; 26 a\u00f1os despu\u00e9s sali\u00f3 a la luz Cuartel de invierno.<\/p>\n<p class=\"Texto\">Tambi\u00e9n citaron La navaja de Occam (1998) y Desciendo al coraz\u00f3n de la noche. Obra reunida. La mesa se realiz\u00f3 en el Sal\u00f3n \u201cRam\u00f3n Rodr\u00edguez\u201d del Complejo Deportivo Omega, sede de la FILU, y fue moderada por V\u00edctor Hugo V\u00e1squez Renter\u00eda, quien tambi\u00e9n ley\u00f3 poemas del homenajeado. Cabe recordar que Ram\u00f3n Rodr\u00edguez naci\u00f3 en C\u00f3rdoba, Veracruz, en 1928 y muri\u00f3 en diciembre de 2014, en la capital del estado.<\/p>\n","protected":false},"excerpt":{"rendered":"<p>Una de las primeras actividades de la Feria Internacional del Libro Universitario (FILU) 2015, fue la \u201cMesa in memoriam al poeta Ram\u00f3n Rodr\u00edguez\u201d, en la que \u00c1ngel Jos\u00e9 Fern\u00e1ndez, Mario Mu\u00f1oz y Marco Ant\u00fanez coincidieron en la autonom\u00eda con que siempre se condujo el autor de <em>Cuartel de invierno<\/em><\/p>\n\r\n<div class=\"seriesmeta\">Contenido 32 de 49 del n\u00famero <a href=\"https:\/\/www.uv.mx\/universo\/numero\/599\/\" class=\"series-321\" title=\"599\">599<\/a><\/div>","protected":false},"author":1668,"featured_media":0,"comment_status":"closed","ping_status":"closed","sticky":false,"template":"","format":"standard","meta":[],"categories":[5],"tags":[319],"series":[321],"_links":{"self":[{"href":"https:\/\/www.uv.mx\/universo\/wp-json\/wp\/v2\/posts\/4385"}],"collection":[{"href":"https:\/\/www.uv.mx\/universo\/wp-json\/wp\/v2\/posts"}],"about":[{"href":"https:\/\/www.uv.mx\/universo\/wp-json\/wp\/v2\/types\/post"}],"author":[{"embeddable":true,"href":"https:\/\/www.uv.mx\/universo\/wp-json\/wp\/v2\/users\/1668"}],"replies":[{"embeddable":true,"href":"https:\/\/www.uv.mx\/universo\/wp-json\/wp\/v2\/comments?post=4385"}],"version-history":[{"count":0,"href":"https:\/\/www.uv.mx\/universo\/wp-json\/wp\/v2\/posts\/4385\/revisions"}],"wp:attachment":[{"href":"https:\/\/www.uv.mx\/universo\/wp-json\/wp\/v2\/media?parent=4385"}],"wp:term":[{"taxonomy":"category","embeddable":true,"href":"https:\/\/www.uv.mx\/universo\/wp-json\/wp\/v2\/categories?post=4385"},{"taxonomy":"post_tag","embeddable":true,"href":"https:\/\/www.uv.mx\/universo\/wp-json\/wp\/v2\/tags?post=4385"},{"taxonomy":"series","embeddable":true,"href":"https:\/\/www.uv.mx\/universo\/wp-json\/wp\/v2\/series?post=4385"}],"curies":[{"name":"wp","href":"https:\/\/api.w.org\/{rel}","templated":true}]}}