{"id":4440,"date":"2015-04-20T07:59:52","date_gmt":"2015-04-20T12:59:52","guid":{"rendered":"https:\/\/www.uv.mx\/universo\/?p=4440"},"modified":"2015-10-28T18:02:40","modified_gmt":"2015-10-29T00:02:40","slug":"junta-de-gobierno-tomo-protesta-a-nuevos-miembros","status":"publish","type":"post","link":"https:\/\/www.uv.mx\/universo\/general\/junta-de-gobierno-tomo-protesta-a-nuevos-miembros\/","title":{"rendered":"Junta de Gobierno tom\u00f3 protesta a nuevos miembros"},"content":{"rendered":"<div class=\"seriesmeta noshow\">Contenido 8 de 46 del n\u00famero <a href=\"https:\/\/www.uv.mx\/universo\/numero\/597\/\" class=\"series-324\" title=\"597\">597<\/a><\/div>\r\n<div id=\"attachment_4245\" style=\"width: 210px\" class=\"wp-caption alignright\"><a href=\"https:\/\/www.uv.mx\/universo\/files\/2015\/05\/597_009.jpg\"><img aria-describedby=\"caption-attachment-4245\" decoding=\"async\" loading=\"lazy\" class=\"size-medium wp-image-4245\" src=\"https:\/\/www.uv.mx\/universo\/files\/2015\/05\/597_009-200x300.jpg\" alt=\"Federico Roesch, del IIMB\" width=\"200\" height=\"300\" srcset=\"https:\/\/www.uv.mx\/universo\/files\/2015\/05\/597_009-200x300.jpg 200w, https:\/\/www.uv.mx\/universo\/files\/2015\/05\/597_009.jpg 482w\" sizes=\"(max-width: 200px) 100vw, 200px\" \/><\/a><p id=\"caption-attachment-4245\" class=\"wp-caption-text\">Federico Roesch, del IIMB<\/p><\/div>\n<p><em>Fueron elegidos el 9 de marzo en sesi\u00f3n del Consejo Universitario General<\/em><\/p>\n<p><span style=\"font-size: 8pt\"><strong><span class=\"Autor\">David Sandoval Rodr\u00edguez<\/span><\/strong><\/span><\/p>\n<p>La Junta de Gobierno de la Universidad Veracruzana (UV) renov\u00f3 a dos de sus integrantes con el ingreso de Jaime Gonzalo Cervantes de Gortari, acad\u00e9mico de la Facultad de Ingenier\u00eda de la Universidad Nacional Aut\u00f3noma de M\u00e9xico (UNAM), y Federico Roesch Dietlen, miembro del Instituto de Investigaciones M\u00e9dico-Biol\u00f3gicas (IIMB) de la UV, quienes sustituyen a Rolando Cordera Campos y Alberto Olvera Rivera.<\/p>\n<p>Los acad\u00e9micos fueron elegidos en la sesi\u00f3n ordinaria del Consejo Universitario General celebrada el pasado 9 de marzo y correspondi\u00f3 al secretario de la Junta de Gobierno, Ricardo Corzo Ram\u00edrez, tomarles protesta como nuevos integrantes del \u00f3rgano colegiado.<\/p>\n<p>En el evento, celebrado en el campus Veracruz-Boca del R\u00edo, la presidenta en turno de la Junta de Gobierno, Elena Rustri\u00e1n Portilla, agradeci\u00f3 el compromiso y la labor efectuada por los investigadores Rolando Cordera, de la UNAM, y Alberto Olvera, del Instituto de Investigaciones Hist\u00f3rico-Sociales de la UV.<\/p>\n<p>Posterior a rendir su protesta, Roesch Dietlen manifest\u00f3 en entrevista su agradecimiento a la comunidad universitaria que lo eligi\u00f3 para este cargo tan importante al interior de la Universidad.<\/p>\n<div id=\"attachment_4246\" style=\"width: 210px\" class=\"wp-caption alignright\"><a href=\"https:\/\/www.uv.mx\/universo\/files\/2015\/05\/597_010.jpg\"><img aria-describedby=\"caption-attachment-4246\" decoding=\"async\" loading=\"lazy\" class=\"size-medium wp-image-4246\" src=\"https:\/\/www.uv.mx\/universo\/files\/2015\/05\/597_010-200x300.jpg\" alt=\"Jaime Cervantes, de la UNAM\" width=\"200\" height=\"300\" srcset=\"https:\/\/www.uv.mx\/universo\/files\/2015\/05\/597_010-200x300.jpg 200w, https:\/\/www.uv.mx\/universo\/files\/2015\/05\/597_010.jpg 482w\" sizes=\"(max-width: 200px) 100vw, 200px\" \/><\/a><p id=\"caption-attachment-4246\" class=\"wp-caption-text\">Jaime Cervantes, de la UNAM<\/p><\/div>\n<p>Federico Roesch ha sido director de la Facultad de Medicina y del IIM-B, as\u00ed como del Hospital Regional de Especialidades del IMSS en Veracruz, entre otros cargos.<\/p>\n<p>\u201cMe form\u00e9 en la Universidad Veracruzana y he participado en diferentes aspectos de la vida acad\u00e9mica como integrante de la Facultad de Medicina, posteriormente del Instituto de Investigaciones M\u00e9dico-Biol\u00f3gicas y en la administraci\u00f3n, como director de la Facultad de Medicina y del instituto\u201d, expres\u00f3.<\/p>\n<p>Respecto de su nombramiento agreg\u00f3: \u201cSabemos los problemas que afronta actualmente la UV y conocemos sus fortalezas, que son enormes, as\u00ed como los logros que ha obtenido; esperamos dar nuestro mejor esfuerzo y apoyar a la instituci\u00f3n para que siga siendo una gran Universidad\u201d.<\/p>\n<p>Jaime Gonzalo Cervantes de Gortari fue fundador del Departamento de Termoenerg\u00eda de la Facultad de Ingenier\u00eda, jefe del Departamento de Fluidos y T\u00e9rmica, jefe del Centro de Investigaci\u00f3n y Desarrollo en Ingenier\u00eda T\u00e9rmica y del Centro de Investigaci\u00f3n en Energ\u00eda de la UNAM.<\/p>\n<p>Cervantes de Gortari calific\u00f3 como \u201cun gran honor pertenecer a esta Junta de Gobierno, tengo una estima muy especial a la Universidad Veracruzana y al estado de Veracruz, con colaboraciones y participaci\u00f3n en actividades acad\u00e9micas\u201d.<\/p>\n<p>El investigador consider\u00f3 que la integraci\u00f3n de acad\u00e9micos tanto de la UV como externos brinda a la Junta de Gobierno \u201cuna gran oportunidad para opinar y tener una visi\u00f3n m\u00e1s completa de lo que sucede en el \u00e1mbito universitario, tanto a nivel estatal como nacional, es importante esa dicotom\u00eda\u201d.<\/p>\n<p>Sus colaboraciones con esta casa de estudios han sido a trav\u00e9s de proyectos con las facultades de Ingenier\u00eda del campus Coatzacoalcos-Minatitl\u00e1n y tres de sus ex alumnos son actualmente profesores de la UV en dicha regi\u00f3n y en el campus Veracruz-Boca del R\u00edo.<\/p>\n","protected":false},"excerpt":{"rendered":"<p>La Junta de Gobierno de la Universidad Veracruzana (UV) renov\u00f3 a dos de sus integrantes con el ingreso de Jaime Gonzalo Cervantes de Gortari, acad\u00e9mico de la Facultad de Ingenier\u00eda de la Universidad Nacional Aut\u00f3noma de M\u00e9xico (UNAM), y Federico Roesch Dietlen, miembro del Instituto de Investigaciones M\u00e9dico-Biol\u00f3gicas (IIMB) de la UV, quienes sustituyen a Rolando Cordera Campos y Alberto Olvera Rivera.<\/p>\n\r\n<div class=\"seriesmeta\">Contenido 8 de 46 del n\u00famero <a href=\"https:\/\/www.uv.mx\/universo\/numero\/597\/\" class=\"series-324\" title=\"597\">597<\/a><\/div>","protected":false},"author":1664,"featured_media":4245,"comment_status":"closed","ping_status":"closed","sticky":false,"template":"","format":"standard","meta":[],"categories":[1],"tags":[],"series":[324],"_links":{"self":[{"href":"https:\/\/www.uv.mx\/universo\/wp-json\/wp\/v2\/posts\/4440"}],"collection":[{"href":"https:\/\/www.uv.mx\/universo\/wp-json\/wp\/v2\/posts"}],"about":[{"href":"https:\/\/www.uv.mx\/universo\/wp-json\/wp\/v2\/types\/post"}],"author":[{"embeddable":true,"href":"https:\/\/www.uv.mx\/universo\/wp-json\/wp\/v2\/users\/1664"}],"replies":[{"embeddable":true,"href":"https:\/\/www.uv.mx\/universo\/wp-json\/wp\/v2\/comments?post=4440"}],"version-history":[{"count":0,"href":"https:\/\/www.uv.mx\/universo\/wp-json\/wp\/v2\/posts\/4440\/revisions"}],"wp:featuredmedia":[{"embeddable":true,"href":"https:\/\/www.uv.mx\/universo\/wp-json\/wp\/v2\/media\/4245"}],"wp:attachment":[{"href":"https:\/\/www.uv.mx\/universo\/wp-json\/wp\/v2\/media?parent=4440"}],"wp:term":[{"taxonomy":"category","embeddable":true,"href":"https:\/\/www.uv.mx\/universo\/wp-json\/wp\/v2\/categories?post=4440"},{"taxonomy":"post_tag","embeddable":true,"href":"https:\/\/www.uv.mx\/universo\/wp-json\/wp\/v2\/tags?post=4440"},{"taxonomy":"series","embeddable":true,"href":"https:\/\/www.uv.mx\/universo\/wp-json\/wp\/v2\/series?post=4440"}],"curies":[{"name":"wp","href":"https:\/\/api.w.org\/{rel}","templated":true}]}}