{"id":4486,"date":"2015-04-20T07:59:30","date_gmt":"2015-04-20T12:59:30","guid":{"rendered":"https:\/\/www.uv.mx\/universo\/?p=4486"},"modified":"2015-10-28T17:56:38","modified_gmt":"2015-10-28T23:56:38","slug":"impulsan-universidad-del-adulto-mayor","status":"publish","type":"post","link":"https:\/\/www.uv.mx\/universo\/regiones\/impulsan-universidad-del-adulto-mayor\/","title":{"rendered":"Impulsan Universidad del Adulto Mayor"},"content":{"rendered":"<div class=\"seriesmeta noshow\">Contenido 30 de 46 del n\u00famero <a href=\"https:\/\/www.uv.mx\/universo\/numero\/597\/\" class=\"series-324\" title=\"597\">597<\/a><\/div>\r\n<div id=\"attachment_4277\" style=\"width: 310px\" class=\"wp-caption alignright\"><a href=\"https:\/\/www.uv.mx\/universo\/files\/2015\/05\/597_041.jpg\"><img aria-describedby=\"caption-attachment-4277\" decoding=\"async\" loading=\"lazy\" class=\"size-medium wp-image-4277\" src=\"https:\/\/www.uv.mx\/universo\/files\/2015\/05\/597_041-300x200.jpg\" alt=\"Jane Ellen Freedman\" width=\"300\" height=\"200\" srcset=\"https:\/\/www.uv.mx\/universo\/files\/2015\/05\/597_041-300x200.jpg 300w, https:\/\/www.uv.mx\/universo\/files\/2015\/05\/597_041.jpg 722w\" sizes=\"(max-width: 300px) 100vw, 300px\" \/><\/a><p id=\"caption-attachment-4277\" class=\"wp-caption-text\">Jane Ellen Freedman<\/p><\/div>\n<p><em>Proponen integrar a jubilados de la UV a la actividad acad\u00e9mica<\/em><\/p>\n<p><span style=\"font-size: 8pt\"><strong>Eduardo Ca\u00f1edo Lom\u00e1n<\/strong><\/span><\/p>\n<p><strong>Orizaba, Ver.-<\/strong>\u00a0La experiencia y sabidur\u00eda de las personas que participaron en el desarrollo de la Universidad Veracruzana (UV) y que ahora est\u00e1n jubiladas son fundamentales para entender los alcances que esta casa de estudios tiene en la actualidad, expres\u00f3 Luis Alejandro Santana Mart\u00ednez, secretario Acad\u00e9mico regional, durante la presentaci\u00f3n del proyecto de creaci\u00f3n de la Universidad del Adulto Mayor, cuyo objetivo es generar un espacio intergeneracional de profesores y estudiantes.<\/p>\n<p>En presencia de acad\u00e9micos, Luis Alejandro Santana dijo que la Universidad del Adulto Mayor se encuentra en una fase de planeaci\u00f3n y es impulsada por Enrique Hern\u00e1ndez Guerson, coordinador del Centro para el Desarrollo Humano e Integral de los Universitarios (Cendhiu), y Areli Salda\u00f1a Ibarra, integrante del Instituto de Salud P\u00fablica.<\/p>\n<p>De acuerdo a estad\u00edsticas al interior de la instituci\u00f3n, los profesores de tiempo completo mayores de 50 a\u00f1os representan 39 por ciento, mientras que el n\u00famero de acad\u00e9micos que supera los 60 a\u00f1os llega a 23 por ciento, lo cual habla de un panorama de personal universitario de pr\u00f3xima jubilaci\u00f3n.<\/p>\n<p>Uno de los objetivos de la propuesta es la promoci\u00f3n de un cambio de paradigma de la vejez entre la comunidad universitaria, as\u00ed como el crecimiento y desarrollo del personal acad\u00e9mico mediante un proceso de envejecimiento activo, sensibilizando de igual manera sobre la importancia de la salud y los buenos h\u00e1bitos de vida.<\/p>\n<p>De esta forma se convoc\u00f3 a los jubilados de la regi\u00f3n para integrarse al proyecto a trav\u00e9s de talleres y cursos\u2013con base en los intereses de cada uno\u2013 que se ofrezcan como parte de educaci\u00f3n continua y que estar\u00edan al alcance de estudiantes y p\u00fablico en general, para lo cual se acordaron una serie de encuentros posteriores que coadyuven a la creaci\u00f3n de un plan regional en apoyo a la propuesta.<\/p>\n","protected":false},"excerpt":{"rendered":"<p>La experiencia y sabidur\u00eda de las personas que participaron en el desarrollo de la Universidad Veracruzana (UV) y que ahora est\u00e1n jubiladas son fundamentales para entender los alcances que esta casa de estudios tiene en la actualidad, expres\u00f3 Luis Alejandro Santana Mart\u00ednez, secretario Acad\u00e9mico regional, durante la presentaci\u00f3n del proyecto de creaci\u00f3n de la Universidad del Adulto Mayor, cuyo objetivo es generar un espacio intergeneracional de profesores y estudiantes<\/p>\n\r\n<div class=\"seriesmeta\">Contenido 30 de 46 del n\u00famero <a href=\"https:\/\/www.uv.mx\/universo\/numero\/597\/\" class=\"series-324\" title=\"597\">597<\/a><\/div>","protected":false},"author":1664,"featured_media":4277,"comment_status":"closed","ping_status":"closed","sticky":false,"template":"","format":"standard","meta":[],"categories":[360],"tags":[],"series":[324],"_links":{"self":[{"href":"https:\/\/www.uv.mx\/universo\/wp-json\/wp\/v2\/posts\/4486"}],"collection":[{"href":"https:\/\/www.uv.mx\/universo\/wp-json\/wp\/v2\/posts"}],"about":[{"href":"https:\/\/www.uv.mx\/universo\/wp-json\/wp\/v2\/types\/post"}],"author":[{"embeddable":true,"href":"https:\/\/www.uv.mx\/universo\/wp-json\/wp\/v2\/users\/1664"}],"replies":[{"embeddable":true,"href":"https:\/\/www.uv.mx\/universo\/wp-json\/wp\/v2\/comments?post=4486"}],"version-history":[{"count":0,"href":"https:\/\/www.uv.mx\/universo\/wp-json\/wp\/v2\/posts\/4486\/revisions"}],"wp:featuredmedia":[{"embeddable":true,"href":"https:\/\/www.uv.mx\/universo\/wp-json\/wp\/v2\/media\/4277"}],"wp:attachment":[{"href":"https:\/\/www.uv.mx\/universo\/wp-json\/wp\/v2\/media?parent=4486"}],"wp:term":[{"taxonomy":"category","embeddable":true,"href":"https:\/\/www.uv.mx\/universo\/wp-json\/wp\/v2\/categories?post=4486"},{"taxonomy":"post_tag","embeddable":true,"href":"https:\/\/www.uv.mx\/universo\/wp-json\/wp\/v2\/tags?post=4486"},{"taxonomy":"series","embeddable":true,"href":"https:\/\/www.uv.mx\/universo\/wp-json\/wp\/v2\/series?post=4486"}],"curies":[{"name":"wp","href":"https:\/\/api.w.org\/{rel}","templated":true}]}}