{"id":4502,"date":"2015-04-20T07:59:23","date_gmt":"2015-04-20T12:59:23","guid":{"rendered":"https:\/\/www.uv.mx\/universo\/?p=4502"},"modified":"2015-10-28T17:51:52","modified_gmt":"2015-10-28T23:51:52","slug":"compania-titular-de-teatro-estreno-el-origen-de-la-familia-la-propiedad-privada-y-el-estado","status":"publish","type":"post","link":"https:\/\/www.uv.mx\/universo\/cultura\/compania-titular-de-teatro-estreno-el-origen-de-la-familia-la-propiedad-privada-y-el-estado\/","title":{"rendered":"Compa\u00f1\u00eda Titular de Teatro estren\u00f3 El origen de la familia, la propiedad privada y el Estado"},"content":{"rendered":"<div class=\"seriesmeta noshow\">Contenido 37 de 46 del n\u00famero <a href=\"https:\/\/www.uv.mx\/universo\/numero\/597\/\" class=\"series-324\" title=\"597\">597<\/a><\/div>\r\n<div id=\"attachment_4296\" style=\"width: 310px\" class=\"wp-caption alignright\"><a href=\"https:\/\/www.uv.mx\/universo\/files\/2015\/05\/597_060.jpg\"><img aria-describedby=\"caption-attachment-4296\" decoding=\"async\" loading=\"lazy\" class=\"size-medium wp-image-4296\" src=\"https:\/\/www.uv.mx\/universo\/files\/2015\/05\/597_060-300x200.jpg\" alt=\"La temporada inici\u00f3 el 10 de abril y conlcuir\u00e1 el 10 de mayo\" width=\"300\" height=\"200\" srcset=\"https:\/\/www.uv.mx\/universo\/files\/2015\/05\/597_060-300x200.jpg 300w, https:\/\/www.uv.mx\/universo\/files\/2015\/05\/597_060.jpg 722w\" sizes=\"(max-width: 300px) 100vw, 300px\" \/><\/a><p id=\"caption-attachment-4296\" class=\"wp-caption-text\">La temporada inici\u00f3 el 10 de abril y conlcuir\u00e1 el 10 de mayo<\/p><\/div>\n<p>La Compa\u00f1\u00eda Titular de Teatro de la Universidad Veracruzana y Xalapa Hace Teatro estrenaron la obra El origen de la familia, la propiedad privada y el Estado.\u00a0Cap\u00edtulo I: la l\u00f3gica del poder, de Ana Luc\u00eda Ram\u00edrez y Luis Enrique Guti\u00e9rrez Ortiz Monasterio, miembros del Sistema Nacional de Creadores de Arte.<\/p>\n<p>La temporada inici\u00f3 el 10 de abril en la Sala \u201cDagoberto Guillaumin\u201d del Teatro del Estado y concluir\u00e1 el 10 de mayo, con funciones los viernes a las 20:30 horas, y s\u00e1bados y domingos a las 19:30.<\/p>\n<p>En la realizaci\u00f3n de la obra participan Hugo Arrevillaga Serrano (direcci\u00f3n), Auda Caraza y Atenea Ch\u00e1vez (dise\u00f1o de escenograf\u00eda), tambi\u00e9n miembros del Sistema Nacional de Creadores de Arte; as\u00ed como Roberto Paredes (dise\u00f1o de iluminaci\u00f3n) y Lila Avil\u00e9s (dise\u00f1o de vestuario).<\/p>\n<p>Luis Enrique Guti\u00e9rrez, uno de los autores, explic\u00f3 que \u201cEl origen de la familia\u2026 es una historia cargada de pasi\u00f3n y lujuria en medio de una descarnada lucha por el poder y la gloria, con trepidantes escenas de romance y peligro. Por primera vez en la historia del teatro xalape\u00f1o podemos presenciar una historia tan fuerte, espectacular y a la vez profundamente tierna\u201d.<\/p>\n<p>Agreg\u00f3 que esta obra \u201csaca al espectador de su aburrida existencia de animal clasemediero y lo lleva de viaje por los m\u00e1s ex\u00f3ticos rincones del alma humana.\u00a0Y todo en las oficinas de compras del Instituto Mexicano del Seguro Social (IMSS) y un cuarto de hotel en el que se deciden los destinos de los derechohabientes\u201d.<\/p>\n<p>La obra es la segunda parte de la trilog\u00eda titulada De c\u00f3mo este animal sali\u00f3 de las cavernas, trep\u00f3 hasta las estrellas y luego se extingui\u00f3, cuya primera parte, El origen de las especies, fue estrenada por la Compa\u00f1\u00eda Titular de Teatro en 2012.<\/p>\n<p>La historia cuenta la transformaci\u00f3n operada en To\u00f1o P\u00e9rez y su familia cuando aqu\u00e9l recibe un \u201cimportante\u201d nombramiento en el Departamento de Compras del IMSS. \u00c9sta es una obra sobre el uso que tendr\u00eda el poder si estuviese en las manos adecuadas.<\/p>\n<p>Los actores son Rogerio Baruch, Marco Rojas, Alba Dom\u00ednguez, Karina Meneses, Luisa Garza, Karla Camarillo y H\u00e9ctor Moraz, miembros del elenco estable de la Compa\u00f1\u00eda Titular de Teatro. Como parte del proyecto, Xalapa Hace Teatro innova en el campo de los estudios de p\u00fablico realizando un panel sensible al finalizar la funci\u00f3n, acci\u00f3n que permite conocer de primera mano las impresiones de la audiencia sobre la obra y la experiencia vivida en el teatro.<\/p>\n<p>El panel sensible es parte de una investigaci\u00f3n de Arts &amp; Marketing, especializado en mercadotecnia cultural. El costo de la entrada general es de 80 pesos. La tarifa para estudiantes y maestros de la Universidad, as\u00ed como derechohabientes del Inapam, es de 60 pesos.<\/p>\n","protected":false},"excerpt":{"rendered":"<p>La Compa\u00f1\u00eda Titular de Teatro de la Universidad Veracruzana y Xalapa Hace Teatro estrenaron la obra El origen de la familia, la propiedad privada y el Estado. Cap\u00edtulo I: la l\u00f3gica del poder, de Ana Luc\u00eda Ram\u00edrez y Luis Enrique Guti\u00e9rrez Ortiz Monasterio, miembros del Sistema Nacional de Creadores de Arte.<\/p>\n\r\n<div class=\"seriesmeta\">Contenido 37 de 46 del n\u00famero <a href=\"https:\/\/www.uv.mx\/universo\/numero\/597\/\" class=\"series-324\" title=\"597\">597<\/a><\/div>","protected":false},"author":1664,"featured_media":4296,"comment_status":"closed","ping_status":"closed","sticky":false,"template":"","format":"standard","meta":[],"categories":[5],"tags":[],"series":[324],"_links":{"self":[{"href":"https:\/\/www.uv.mx\/universo\/wp-json\/wp\/v2\/posts\/4502"}],"collection":[{"href":"https:\/\/www.uv.mx\/universo\/wp-json\/wp\/v2\/posts"}],"about":[{"href":"https:\/\/www.uv.mx\/universo\/wp-json\/wp\/v2\/types\/post"}],"author":[{"embeddable":true,"href":"https:\/\/www.uv.mx\/universo\/wp-json\/wp\/v2\/users\/1664"}],"replies":[{"embeddable":true,"href":"https:\/\/www.uv.mx\/universo\/wp-json\/wp\/v2\/comments?post=4502"}],"version-history":[{"count":0,"href":"https:\/\/www.uv.mx\/universo\/wp-json\/wp\/v2\/posts\/4502\/revisions"}],"wp:featuredmedia":[{"embeddable":true,"href":"https:\/\/www.uv.mx\/universo\/wp-json\/wp\/v2\/media\/4296"}],"wp:attachment":[{"href":"https:\/\/www.uv.mx\/universo\/wp-json\/wp\/v2\/media?parent=4502"}],"wp:term":[{"taxonomy":"category","embeddable":true,"href":"https:\/\/www.uv.mx\/universo\/wp-json\/wp\/v2\/categories?post=4502"},{"taxonomy":"post_tag","embeddable":true,"href":"https:\/\/www.uv.mx\/universo\/wp-json\/wp\/v2\/tags?post=4502"},{"taxonomy":"series","embeddable":true,"href":"https:\/\/www.uv.mx\/universo\/wp-json\/wp\/v2\/series?post=4502"}],"curies":[{"name":"wp","href":"https:\/\/api.w.org\/{rel}","templated":true}]}}