{"id":4563,"date":"2015-07-01T19:00:25","date_gmt":"2015-07-02T00:00:25","guid":{"rendered":"https:\/\/www.uv.mx\/universo\/?p=4563"},"modified":"2015-07-01T19:31:01","modified_gmt":"2015-07-02T00:31:01","slug":"filu-2015-marco-nueva-epoca-magali-velasco","status":"publish","type":"post","link":"https:\/\/www.uv.mx\/universo\/cultura\/filu-2015-marco-nueva-epoca-magali-velasco\/","title":{"rendered":"FILU 2015 marc\u00f3 nueva \u00e9poca: Magali Velasco"},"content":{"rendered":"<div class=\"seriesmeta noshow\">Contenido 35 de 49 del n\u00famero <a href=\"https:\/\/www.uv.mx\/universo\/numero\/600\/\" class=\"series-322\" title=\"600\">600<\/a><\/div>\r\n<p class=\"Titulo\"><em>El libro y la lectura son las herramientas m\u00e1s importantes para la educaci\u00f3n: Leticia Rodr\u00edguez Audirac<\/em><\/p>\n<div id=\"attachment_4528\" style=\"width: 310px\" class=\"wp-caption alignright\"><a href=\"https:\/\/www.uv.mx\/universo\/files\/2015\/05\/600-cultura003.jpg\"><img aria-describedby=\"caption-attachment-4528\" decoding=\"async\" loading=\"lazy\" class=\"size-medium wp-image-4528\" src=\"https:\/\/www.uv.mx\/universo\/files\/2015\/05\/600-cultura003-300x200.jpg\" alt=\"La XXII edici\u00f3n convoc\u00f3 a casi 30 mil asistentes\" width=\"300\" height=\"200\" \/><\/a><p id=\"caption-attachment-4528\" class=\"wp-caption-text\">La XXII edici\u00f3n convoc\u00f3 a casi 30 mil asistentes<\/p><\/div>\n<p class=\"Autor\"><span style=\"font-size: 8pt\"><strong>Paola Cort\u00e9s, Claudia Peralta y Karina de la Paz<\/strong><\/span><\/p>\n<p class=\"Texto\">La Feria Internacional del Libro Universitario (FILU) es el espacio id\u00f3neo para la promoci\u00f3n y divulgaci\u00f3n de la lectura, coincidieron representantes de los sellos editoriales que participaron en su XXII edici\u00f3n, la cual concluy\u00f3 el 3 de mayo tras 10 d\u00edas de actividades, en los que cerca de 30 mil asistentes convirtieron al Complejo Deportivo Omega, su nueva sede, en la librer\u00eda m\u00e1s grande del sur-sureste del pa\u00eds.<\/p>\n<p class=\"Texto\">La secretaria Acad\u00e9mica, Leticia Rodr\u00edguez Audirac, clausur\u00f3 oficialmente el evento y en su mensaje record\u00f3 que el libro y la lectura son las herramientas m\u00e1s importantes para la educaci\u00f3n.<\/p>\n<p class=\"Texto\">\u201cPromover la lectura es una tarea firme de la Universidad. Los esperamos en 2016 con m\u00e1s libros y m\u00e1s lecturas acumuladas\u201d, expres\u00f3 la funcionaria universitaria, quien estuvo acompa\u00f1ada por la coordinadora general de la FILU, Magali Velasco Vargas; el director Editorial, \u00c9dgar Garc\u00eda Valencia; as\u00ed como por los directores general de Administraci\u00f3n Escolar, del \u00c1rea Acad\u00e9mica de Artes, y de Bibliotecas, H\u00e9ctor Coronel Brizio, Miguel Flores Covarrubias y Diana Gonz\u00e1lez Ortega, respectivamente.<\/p>\n<p class=\"Texto\">Magali Velasco dijo que en esta \u201cfiesta del conocimiento y la pluralidad\u201d, que estuvo dedicada a la naturaleza, la cultura y a Per\u00fa, participaron 13 pa\u00edses y m\u00e1s de 500 sellos editoriales representados por 74 expositores.<\/p>\n<p class=\"Texto\">Respecto de las ventas generales, precis\u00f3 que \u00e9stas rebasaron los dos millones 150 mil pesos, equivalentes a m\u00e1s de 20 mil libros comprados.\u201cEsta FILU marcar\u00e1 un nuevo par\u00e1metro, a partir del cual mediremos la del pr\u00f3ximo a\u00f1o, esto marcar\u00e1 una nueva \u00e9poca\u201d. Entre los libros m\u00e1s vendidos estuvieron los del fil\u00f3sofo franc\u00e9s Gilles Lipovetsky, as\u00ed como los del escritor Sergio Pitol.<\/p>\n<p class=\"Texto\">El escritor mexicano m\u00e1s buscado fue Paco Ignacio Taibo II; mientras que los fondos editoriales que manejan material de biolog\u00eda, qu\u00edmica, ingenier\u00eda y dise\u00f1o tuvieron gran aceptaci\u00f3n.<\/p>\n<p class=\"Texto\">Espacio id\u00f3neo para promover la lectura Samuel Mestizo Pe\u00f1a, de la librer\u00eda Educal del Consejo Nacional para la Cultura y las Artes, coment\u00f3 que la nueva sede les agrad\u00f3, pues permite exhibir de una manera m\u00e1s adecuada la producci\u00f3n editorial.<\/p>\n<p class=\"Texto\">\u201cEn cuanto a afluencia y ventas nos fue bien\u201d, a\u00f1adi\u00f3. Jos\u00e9 Luis Capula, encargado del punto de venta de la Universidad Aut\u00f3noma Metropolitana, comparti\u00f3: \u201cSiempre venimos, a\u00f1o con a\u00f1o, y seguiremos, porque una de nuestras principales funciones como universidad es la difusi\u00f3n de la cultura, la ciencia y la tecnolog\u00eda\u201d.<\/p>\n<p class=\"Texto\">Enrique \u00c1nimas, representante de la Editorial Tusquets, coment\u00f3 que sus ventas bajaron un 20 por ciento en comparaci\u00f3n con las de la FILU 2014, pese a eso, su sello planea participar en la siguiente edici\u00f3n.<\/p>\n<p class=\"Texto\"><strong>Literatura de Per\u00fa<\/strong><br \/>\nEl Director de la Editorial UV celebr\u00f3 que se haya mantenido el volumen de ventas, toda vez que eventos similares han registrado bajas, como\u00a0la Feria Internacional del Libro del Palacio de Miner\u00eda, que se celebr\u00f3 recientemente en la Ciudad de M\u00e9xico.<\/p>\n<p class=\"Texto\">En el stand de la UV, precis\u00f3, se vendieron m\u00e1s de mil\u00a0ejemplares. El m\u00e1s buscado fue Cazar mariposas de Manuel Aguilera, Premio Latinoamericano de Primera Novela\u00a0\u201cSergio Galindo\u201d 2014.<\/p>\n<p class=\"Texto\">Garc\u00eda Valencia destac\u00f3 la venta de los t\u00edtulos que conforman la Biblioteca del Universitario y que el m\u00e1s buscado de \u00e9stos fue Orgullo y Prejuicio de Jane Austen. Incluso se\u00a0agot\u00f3 la obra\u00a0Plantas y animales de las costas de Veracruz. Una gu\u00eda ilustrada.<\/p>\n<p class=\"Texto\">La C\u00e1mara del Libro Peruano\u00a0tambi\u00e9n registr\u00f3 ventas\u00a0favorables, confirm\u00f3 la encargada del stand, Flor Ontiveros.<\/p>\n<p class=\"Texto\">\u00a0\u201cEstamos contentos, recibimos alrededor de 21 cajas y entregaremos menos de la mitad\u201d. A\u00f1adi\u00f3 que en los primeros d\u00edas se agotaron El zorro de arriba y el zorro de abajo y Los r\u00edos profundos, ambos de Jos\u00e9 Mar\u00eda Arguedas; otro de los libros agotados fue Historia del Tahuantinsuyu de Mar\u00eda Rostworowski.<\/p>\n<p class=\"Texto\">Adem\u00e1s, fue muy solicitada la obra po\u00e9tica de C\u00e9sar Vallejo y tambi\u00e9n diferentes vol\u00famenes de Alfredo\u00a0Bryce Echenique.<\/p>\n<div id=\"attachment_4529\" style=\"width: 310px\" class=\"wp-caption alignright\"><a href=\"https:\/\/www.uv.mx\/universo\/files\/2015\/05\/600-cultura004.jpg\"><img aria-describedby=\"caption-attachment-4529\" decoding=\"async\" loading=\"lazy\" class=\"size-medium wp-image-4529\" src=\"https:\/\/www.uv.mx\/universo\/files\/2015\/05\/600-cultura004-300x200.jpg\" alt=\"Varios t\u00edtulos de la C\u00e1mara del Libro Peruano se agotaron\" width=\"300\" height=\"200\" \/><\/a><p id=\"caption-attachment-4529\" class=\"wp-caption-text\">Varios t\u00edtulos de la C\u00e1mara del Libro Peruano se agotaron<\/p><\/div>\n<p class=\"Texto\"><strong>Talleres innovadores<\/strong><br \/>\nLos asistentes a las presentaciones y talleres compartieron que \u00e9stos fueron muy agradables, completos e innovadores. Destacaron los talleres infantiles \u201cPer\u00fa con Ciencia y Arte\u201d, en los cuales tuvieron la oportunidad de conocer la m\u00fasica y cultura del pa\u00eds sudamericano.<\/p>\n<p class=\"Texto\">As\u00ed lo expres\u00f3 \u00c1ngel Arg\u00fcello, quien acudi\u00f3 acompa\u00f1ado de su hijo: \u201cMe gustaron mucho, est\u00e1n muy completas todas las actividades, estuvieron bien atendidas y cuidadas\u201d.<\/p>\n<p class=\"Texto\">Respecto de las presentaciones de libros, dijo que estuvo en la presentaci\u00f3n de Con los ojos abiertos, de Francisco Hinojosa, a quien consider\u00f3 un escritor excelente que envuelve con sus libros.<\/p>\n<p class=\"Texto\">En tanto, Ana Sosa coment\u00f3 que particip\u00f3 en muchas actividades, una que disfrut\u00f3 mucho \u2013y le pareci\u00f3 diferente\u2013 fue el taller de m\u00fasica peruana, porque los ni\u00f1os y adultos pudieron tocar un instrumento y formar una melod\u00eda al lado de m\u00fasicos profesionales.<\/p>\n","protected":false},"excerpt":{"rendered":"<p>La Feria Internacional del Libro Universitario (FILU) es el espacio id\u00f3neo para la promoci\u00f3n y divulgaci\u00f3n de la lectura, coincidieron representantes de los sellos editoriales que participaron en su XXII edici\u00f3n, la cual concluy\u00f3 el 3 de mayo tras 10 d\u00edas de actividades, en los que cerca de 30 mil asistentes convirtieron al Complejo Deportivo Omega, su nueva sede, en la librer\u00eda m\u00e1s grande del sur-sureste del pa\u00eds<\/p>\n\r\n<div class=\"seriesmeta\">Contenido 35 de 49 del n\u00famero <a href=\"https:\/\/www.uv.mx\/universo\/numero\/600\/\" class=\"series-322\" title=\"600\">600<\/a><\/div>","protected":false},"author":1668,"featured_media":0,"comment_status":"closed","ping_status":"closed","sticky":false,"template":"","format":"standard","meta":[],"categories":[5],"tags":[325],"series":[322],"_links":{"self":[{"href":"https:\/\/www.uv.mx\/universo\/wp-json\/wp\/v2\/posts\/4563"}],"collection":[{"href":"https:\/\/www.uv.mx\/universo\/wp-json\/wp\/v2\/posts"}],"about":[{"href":"https:\/\/www.uv.mx\/universo\/wp-json\/wp\/v2\/types\/post"}],"author":[{"embeddable":true,"href":"https:\/\/www.uv.mx\/universo\/wp-json\/wp\/v2\/users\/1668"}],"replies":[{"embeddable":true,"href":"https:\/\/www.uv.mx\/universo\/wp-json\/wp\/v2\/comments?post=4563"}],"version-history":[{"count":0,"href":"https:\/\/www.uv.mx\/universo\/wp-json\/wp\/v2\/posts\/4563\/revisions"}],"wp:attachment":[{"href":"https:\/\/www.uv.mx\/universo\/wp-json\/wp\/v2\/media?parent=4563"}],"wp:term":[{"taxonomy":"category","embeddable":true,"href":"https:\/\/www.uv.mx\/universo\/wp-json\/wp\/v2\/categories?post=4563"},{"taxonomy":"post_tag","embeddable":true,"href":"https:\/\/www.uv.mx\/universo\/wp-json\/wp\/v2\/tags?post=4563"},{"taxonomy":"series","embeddable":true,"href":"https:\/\/www.uv.mx\/universo\/wp-json\/wp\/v2\/series?post=4563"}],"curies":[{"name":"wp","href":"https:\/\/api.w.org\/{rel}","templated":true}]}}