{"id":4569,"date":"2015-07-01T19:00:28","date_gmt":"2015-07-02T00:00:28","guid":{"rendered":"https:\/\/www.uv.mx\/universo\/?p=4569"},"modified":"2015-07-01T19:04:41","modified_gmt":"2015-07-02T00:04:41","slug":"pedagogos-realizaron-jornada-cultural-academica-y-deportiva","status":"publish","type":"post","link":"https:\/\/www.uv.mx\/universo\/regiones\/pedagogos-realizaron-jornada-cultural-academica-y-deportiva\/","title":{"rendered":"Pedagogos realizaron Jornada Cultural, Acad\u00e9mica y Deportiva"},"content":{"rendered":"<div class=\"seriesmeta noshow\">Contenido 32 de 49 del n\u00famero <a href=\"https:\/\/www.uv.mx\/universo\/numero\/600\/\" class=\"series-322\" title=\"600\">600<\/a><\/div>\r\n<p class=\"Autor\"><span style=\"font-size: 10pt\"><strong>Shuguey Enr\u00edquez Ambell<\/strong><\/span><\/p>\n<div id=\"attachment_4578\" style=\"width: 310px\" class=\"wp-caption alignright\"><a href=\"https:\/\/www.uv.mx\/universo\/files\/2015\/05\/600-campus-009.jpg\"><img aria-describedby=\"caption-attachment-4578\" decoding=\"async\" loading=\"lazy\" class=\"size-medium wp-image-4578\" src=\"https:\/\/www.uv.mx\/universo\/files\/2015\/05\/600-campus-009-300x202.jpg\" alt=\"Autoridades aplaudieron la iniciativa de los j\u00f3venes\" width=\"300\" height=\"202\" srcset=\"https:\/\/www.uv.mx\/universo\/files\/2015\/05\/600-campus-009-300x202.jpg 300w, https:\/\/www.uv.mx\/universo\/files\/2015\/05\/600-campus-009.jpg 700w\" sizes=\"(max-width: 300px) 100vw, 300px\" \/><\/a><p id=\"caption-attachment-4578\" class=\"wp-caption-text\">Autoridades aplaudieron la iniciativa de los j\u00f3venes<\/p><\/div>\n<p class=\"Texto\"><strong>Veracruz, Ver.-<\/strong>\u00a0Estudiantes de la Facultad de Pedagog\u00eda realizaron la Jornada Cultural, Acad\u00e9mica y Deportiva, con la intenci\u00f3n de desarrollar sus habilidades y competencias mediante diversas conferencias con temas sobresalientes en el \u00e1mbito de la educaci\u00f3n, adem\u00e1s de llevar a cabo talleres de m\u00fasica y danza para el fortalecimiento integral.<\/p>\n<p class=\"Texto\">Los alumnos manifestaron que esta jornada se realiz\u00f3 para \u201cfomentar la pr\u00e1ctica de valores, el convivio con los dem\u00e1s, la cooperaci\u00f3n con todos los compa\u00f1eros y contribuir con la formaci\u00f3n de una sociedad m\u00e1s pr\u00f3spera, justa y humana\u201d.<\/p>\n<p class=\"Texto\">Durante los d\u00edas 6 y 7 de mayo se presentaron conferencias que abordaron los temas: \u201cHipnosis, mitos, realidades y su aplicaci\u00f3n en la educaci\u00f3n\u201d, impartida por Felipe de Jes\u00fas Mart\u00ednez Peraf\u00e1n; \u201cLa importancia de la educaci\u00f3n especial\u201d, por Laura Prieto Fuentes; \u201cLa actividad f\u00edsica en universitarios y sus estilos de vida\u201d, a cargo de Julio Figueroa.<\/p>\n<p class=\"Texto\">Tambi\u00e9n se cont\u00f3 con la participaci\u00f3n de Eduardo Ch\u00e1vez Origel, rector de la Universidad del Desarrollo Profesional (Unidep), quien habl\u00f3 de \u201cAdministraci\u00f3n educativa en universidades globales\u201d.<\/p>\n<p class=\"Texto\">La psicopedagoga Judith Viveros Ceballos y la psic\u00f3loga Lizbeth Natalia Neva Serrano conversaron sobre \u201c\u00bfPor qu\u00e9 los ni\u00f1os no aprenden?\u201d.<\/p>\n<p class=\"Texto\">Asimismo se llevaron a cabo talleres, exposiciones y mesas redondas. La organizaci\u00f3n de la segunda edici\u00f3n de la jornada correspondi\u00f3 a los consejeros alumnos, titular y suplente, quienes con el apoyo de sus compa\u00f1eros realizaron con gran entusiasmo actividades que fortalecen su formaci\u00f3n acad\u00e9mica.<\/p>\n<p class=\"Texto\">En tanto, Carlos Lamothe Zavaleta, secretario Acad\u00e9mico regional, mencion\u00f3: \u201cLa participaci\u00f3n de ustedes es significativa, pues estamos hablando que alrededor de 50 por ciento de la poblaci\u00f3n estudiantil se ha inscrito para participar en esta jornada, eso habla bien de los organizadores, pero tambi\u00e9n de ustedes porque a trav\u00e9s de esta acci\u00f3n manifiestan su inter\u00e9s por obtener algunas otras habilidades o competencias en el \u00e1mbito de la educaci\u00f3n\u201d.<\/p>\n","protected":false},"excerpt":{"rendered":"<p>Shuguey Enr\u00edquez Ambell Veracruz, Ver.-\u00a0Estudiantes de la Facultad de Pedagog\u00eda realizaron la Jornada Cultural, Acad\u00e9mica y Deportiva, con la intenci\u00f3n de desarrollar sus habilidades y competencias mediante diversas conferencias con temas sobresalientes en el \u00e1mbito de la educaci\u00f3n, adem\u00e1s de llevar a cabo talleres de m\u00fasica y danza para el fortalecimiento integral. Los alumnos manifestaron [&hellip;]<\/p>\n\r\n<div class=\"seriesmeta\">Contenido 32 de 49 del n\u00famero <a href=\"https:\/\/www.uv.mx\/universo\/numero\/600\/\" class=\"series-322\" title=\"600\">600<\/a><\/div>","protected":false},"author":1668,"featured_media":4578,"comment_status":"closed","ping_status":"closed","sticky":false,"template":"","format":"standard","meta":[],"categories":[360],"tags":[325],"series":[322],"_links":{"self":[{"href":"https:\/\/www.uv.mx\/universo\/wp-json\/wp\/v2\/posts\/4569"}],"collection":[{"href":"https:\/\/www.uv.mx\/universo\/wp-json\/wp\/v2\/posts"}],"about":[{"href":"https:\/\/www.uv.mx\/universo\/wp-json\/wp\/v2\/types\/post"}],"author":[{"embeddable":true,"href":"https:\/\/www.uv.mx\/universo\/wp-json\/wp\/v2\/users\/1668"}],"replies":[{"embeddable":true,"href":"https:\/\/www.uv.mx\/universo\/wp-json\/wp\/v2\/comments?post=4569"}],"version-history":[{"count":0,"href":"https:\/\/www.uv.mx\/universo\/wp-json\/wp\/v2\/posts\/4569\/revisions"}],"wp:featuredmedia":[{"embeddable":true,"href":"https:\/\/www.uv.mx\/universo\/wp-json\/wp\/v2\/media\/4578"}],"wp:attachment":[{"href":"https:\/\/www.uv.mx\/universo\/wp-json\/wp\/v2\/media?parent=4569"}],"wp:term":[{"taxonomy":"category","embeddable":true,"href":"https:\/\/www.uv.mx\/universo\/wp-json\/wp\/v2\/categories?post=4569"},{"taxonomy":"post_tag","embeddable":true,"href":"https:\/\/www.uv.mx\/universo\/wp-json\/wp\/v2\/tags?post=4569"},{"taxonomy":"series","embeddable":true,"href":"https:\/\/www.uv.mx\/universo\/wp-json\/wp\/v2\/series?post=4569"}],"curies":[{"name":"wp","href":"https:\/\/api.w.org\/{rel}","templated":true}]}}