{"id":4629,"date":"2015-05-18T07:59:26","date_gmt":"2015-05-18T12:59:26","guid":{"rendered":"https:\/\/www.uv.mx\/universo\/?p=4629"},"modified":"2015-06-29T18:02:44","modified_gmt":"2015-06-29T23:02:44","slug":"galeria-ap-alberga-a-celso-arrieta-aram-huerta-y-adan-paredes","status":"publish","type":"post","link":"https:\/\/www.uv.mx\/universo\/cultura\/galeria-ap-alberga-a-celso-arrieta-aram-huerta-y-adan-paredes\/","title":{"rendered":"Galer\u00eda AP alberga a Celso Arrieta, Aram Huerta y Ad\u00e1n Paredes"},"content":{"rendered":"<div class=\"seriesmeta noshow\">Contenido 34 de 40 del n\u00famero <a href=\"https:\/\/www.uv.mx\/universo\/numero\/601\/\" class=\"series-323\" title=\"601\">601<\/a><\/div>\r\n<p><strong><span class=\"Encabezado\">De forma, color y textura y De la Teor\u00eda a la pr\u00e1ctica<\/span><\/strong><\/p>\n<p><em><span class=\"Resumen\">Exponen resultados de las experiencias educativas de la Licenciatura en Dise\u00f1o de la Comunicaci\u00f3n Visual<\/span><\/em><\/p>\n<p><span style=\"font-size: 10pt\"><strong><span class=\"Autor\">Adriana Vivanco<\/span><\/strong><\/span><\/p>\n<div id=\"attachment_4622\" style=\"width: 215px\" class=\"wp-caption alignright\"><a href=\"https:\/\/www.uv.mx\/universo\/files\/2015\/05\/601-cultura-005.jpg\"><img aria-describedby=\"caption-attachment-4622\" decoding=\"async\" loading=\"lazy\" class=\"size-medium wp-image-4622\" src=\"https:\/\/www.uv.mx\/universo\/files\/2015\/05\/601-cultura-005-205x300.jpg\" alt=\"Cartel De forma, color y textura\" width=\"205\" height=\"300\" \/><\/a><p id=\"caption-attachment-4622\" class=\"wp-caption-text\">Cartel De forma, color y textura<\/p><\/div>\n<p><span class=\"Texto\">La Facultad de Artes Pl\u00e1sticas (AP) inaugur\u00f3 el 7 de mayo las exposiciones De forma, color y textura, carteles de Celso Arrieta, Aram Huerta y Ad\u00e1n Paredes, y De la teor\u00eda a la pr\u00e1ctica, resultados de las experiencia educativas de la Licenciatura en Dise\u00f1o de la Comunicaci\u00f3n Visual.<\/span><\/p>\n<p><span class=\"Texto\">El acad\u00e9mico Omar Gasca dijo respecto de la muestra de Arrieta, Huerta y Paredes: \u201cEl cartel tiene una importante presencia para distintos p\u00fablicos en Xalapa, esto est\u00e1 vinculado con la Facultad de AP ya que el paso de distinguidos dise\u00f1adores por nuestras aulas ha aumentado la proliferaci\u00f3n de toda clase de hechos culturales y art\u00edsticos que han puesto a la capital del estado en la punta de los productores de dise\u00f1o\u201d.<\/span><\/p>\n<p><span class=\"Texto\">En este sentido, dijo, lo que caracteriza a estos carteles es que no promueven productos ni empresas comerciales y su factura est\u00e1 centrada fundamentalmente en la ilustraci\u00f3n.<\/span><\/p>\n<p><span class=\"Texto\">\u201cEste hecho proviene de la formaci\u00f3n y un entorno que mantiene hermanados al arte y al dise\u00f1o con una visi\u00f3n humanista, todo ello frente a la eficacia e inmediatez comunicativa de las redes sociales, gracias a lo cual los carteles de Arrieta, Huerta y Paredes son sobre todo piezas que por m\u00e1s que se trate en su mayor\u00eda de dise\u00f1os por encargo y m\u00e1s que convocar, hacen material para la memoria\u201d, a\u00f1adi\u00f3.<\/span><\/p>\n<p><span class=\"Texto\">Al referirse a De la teor\u00eda a la pr\u00e1ctica, el acad\u00e9mico de la UV sostuvo que la construcci\u00f3n del conocimiento en el aula se identifica con la idea de Pierre Bordieu acerca del capital cultural incorporado, \u201ces decir el que refiere a la capacidad del ser humano de cultivarse, proceso gradual en el que intervienen componentes te\u00f3ricos y pr\u00e1cticos y sin duda factores tales como ensayo, acierto y error, disciplina, constancia y vocaci\u00f3n\u201d.<\/span><\/p>\n<div id=\"attachment_4623\" style=\"width: 241px\" class=\"wp-caption alignright\"><a href=\"https:\/\/www.uv.mx\/universo\/files\/2015\/05\/601-cultura-006.jpg\"><img aria-describedby=\"caption-attachment-4623\" decoding=\"async\" loading=\"lazy\" class=\"size-medium wp-image-4623\" src=\"https:\/\/www.uv.mx\/universo\/files\/2015\/05\/601-cultura-006-231x300.jpg\" alt=\"Cartel de la exposici\u00f3n De la teor\u00eda a la pr\u00e1ctica\" width=\"231\" height=\"300\" \/><\/a><p id=\"caption-attachment-4623\" class=\"wp-caption-text\">Cartel de la exposici\u00f3n De la teor\u00eda a la pr\u00e1ctica<\/p><\/div>\n<p><span class=\"Texto\">Trat\u00e1ndose de estudiantes de dise\u00f1o, dicho capital se forma en el h\u00e1bito que permite generar piezas de comunicaci\u00f3n visual con dise\u00f1os pertinentes, estables y estructurados, puntualiz\u00f3. Asimismo, dijo que la colecci\u00f3n presentada muestra los resultados de distintas experiencias educativas de la Licenciatura en Dise\u00f1o de la Comunicaci\u00f3n Visual de la Facultad de AP.<\/span><\/p>\n<p><span class=\"Texto\">Esto refleja \u201cel nivel de nuestros procesos de ense\u00f1anza-aprendizaje, es una visi\u00f3n relativamente homog\u00e9nea de lo que entendemos por dise\u00f1o desde \u00e1ngulos coincidentes, desde posturas y aportaciones complementarias y suplementarias a la vez, de una experiencia educativa a otra\u201d.<\/span><\/p>\n<p><span class=\"Texto\">Detall\u00f3 que muchas de las piezas exhibidas en esta muestra son ejercicios a los que hay que apreciar como tales, sin embargo no pocos poseen las caracter\u00edsticas de productos terminados, dispuestos a ser observados, medidos, evaluados fuera del aula como efectos cabales del dise\u00f1o.<\/span><\/p>\n","protected":false},"excerpt":{"rendered":"<p>De forma, color y textura y De la Teor\u00eda a la pr\u00e1ctica Exponen resultados de las experiencias educativas de la Licenciatura en Dise\u00f1o de la Comunicaci\u00f3n Visual Adriana Vivanco La Facultad de Artes Pl\u00e1sticas (AP) inaugur\u00f3 el 7 de mayo las exposiciones De forma, color y textura, carteles de Celso Arrieta, Aram Huerta y Ad\u00e1n [&hellip;]<\/p>\n\r\n<div class=\"seriesmeta\">Contenido 34 de 40 del n\u00famero <a href=\"https:\/\/www.uv.mx\/universo\/numero\/601\/\" class=\"series-323\" title=\"601\">601<\/a><\/div>","protected":false},"author":1668,"featured_media":0,"comment_status":"closed","ping_status":"closed","sticky":false,"template":"","format":"standard","meta":[],"categories":[5],"tags":[326],"series":[323],"_links":{"self":[{"href":"https:\/\/www.uv.mx\/universo\/wp-json\/wp\/v2\/posts\/4629"}],"collection":[{"href":"https:\/\/www.uv.mx\/universo\/wp-json\/wp\/v2\/posts"}],"about":[{"href":"https:\/\/www.uv.mx\/universo\/wp-json\/wp\/v2\/types\/post"}],"author":[{"embeddable":true,"href":"https:\/\/www.uv.mx\/universo\/wp-json\/wp\/v2\/users\/1668"}],"replies":[{"embeddable":true,"href":"https:\/\/www.uv.mx\/universo\/wp-json\/wp\/v2\/comments?post=4629"}],"version-history":[{"count":0,"href":"https:\/\/www.uv.mx\/universo\/wp-json\/wp\/v2\/posts\/4629\/revisions"}],"wp:attachment":[{"href":"https:\/\/www.uv.mx\/universo\/wp-json\/wp\/v2\/media?parent=4629"}],"wp:term":[{"taxonomy":"category","embeddable":true,"href":"https:\/\/www.uv.mx\/universo\/wp-json\/wp\/v2\/categories?post=4629"},{"taxonomy":"post_tag","embeddable":true,"href":"https:\/\/www.uv.mx\/universo\/wp-json\/wp\/v2\/tags?post=4629"},{"taxonomy":"series","embeddable":true,"href":"https:\/\/www.uv.mx\/universo\/wp-json\/wp\/v2\/series?post=4629"}],"curies":[{"name":"wp","href":"https:\/\/api.w.org\/{rel}","templated":true}]}}