{"id":4696,"date":"2015-04-06T07:59:54","date_gmt":"2015-04-06T12:59:54","guid":{"rendered":"https:\/\/www.uv.mx\/universo\/?p=4696"},"modified":"2015-10-28T17:46:01","modified_gmt":"2015-10-28T23:46:01","slug":"uv-y-consejo-de-la-judicatura-del-estado-fortalecen-vinculacion","status":"publish","type":"post","link":"https:\/\/www.uv.mx\/universo\/general\/uv-y-consejo-de-la-judicatura-del-estado-fortalecen-vinculacion\/","title":{"rendered":"UV y Consejo de la Judicatura del Estado fortalecen vinculaci\u00f3n"},"content":{"rendered":"<div class=\"seriesmeta noshow\">Contenido 6 de 44 del n\u00famero <a href=\"https:\/\/www.uv.mx\/universo\/numero\/595\/\" class=\"series-327\" title=\"595\">595<\/a><\/div>\r\n<div id=\"attachment_4635\" style=\"width: 310px\" class=\"wp-caption alignright\"><a href=\"https:\/\/www.uv.mx\/universo\/files\/2015\/05\/Temis_Universo-595_0001.jpg\"><img aria-describedby=\"caption-attachment-4635\" decoding=\"async\" loading=\"lazy\" class=\"size-medium wp-image-4635\" src=\"https:\/\/www.uv.mx\/universo\/files\/2015\/05\/Temis_Universo-595_0001-300x200.jpg\" alt=\"Sara Ladr\u00f3n de Guevara y Alberto Sosa Hern\u00e1ndez\" width=\"300\" height=\"200\" srcset=\"https:\/\/www.uv.mx\/universo\/files\/2015\/05\/Temis_Universo-595_0001-300x200.jpg 300w, https:\/\/www.uv.mx\/universo\/files\/2015\/05\/Temis_Universo-595_0001.jpg 722w\" sizes=\"(max-width: 300px) 100vw, 300px\" \/><\/a><p id=\"caption-attachment-4635\" class=\"wp-caption-text\">Sara Ladr\u00f3n de Guevara y Alberto Sosa Hern\u00e1ndez<\/p><\/div>\n<p><span style=\"font-size: 8pt\"><strong>David Sandoval Rodr\u00edguez<\/strong><\/span><\/p>\n<p>La Universidad Veracruzana (UV) y el Consejo de la Judicatura del Poder Judicial del Estado de Veracruz firmaron el 23 de marzo un convenio de colaboraci\u00f3n que sent\u00f3 las bases para una vinculaci\u00f3n acad\u00e9mica, cient\u00edfica, tecnol\u00f3gica, human\u00edstica y cultural entre ambas entidades.<\/p>\n<p>La rectora Sara Ladr\u00f3n de Guevara dijo que el convenio \u00abprivilegia la formaci\u00f3n y la especializaci\u00f3n de recursos humanos; la generaci\u00f3n, el desarrollo, la transferencia y la comercializaci\u00f3n de tecnolog\u00eda; as\u00ed como la investigaci\u00f3n, la asesor\u00eda y los servicios o trabajos t\u00e9cnicos\u00bb.<\/p>\n<p>Por su parte, Alberto Sosa Hern\u00e1ndez, presidente del Tribunal Superior de Justicia del Estado de Veracruz y del Consejo de la Judicatura, reconoci\u00f3 la labor formadora de esta casa de estudios, \u00abal institucionalizar las relaciones de trabajo y colaboraci\u00f3n que se han dado y que constituyen acciones comunes\u00bb.<\/p>\n<p>La Rectora expres\u00f3 que este convenio fomentar\u00e1, adem\u00e1s, actividades de verificaci\u00f3n y emisi\u00f3n de dict\u00e1menes; el desarrollo cient\u00edfico, acad\u00e9mico, ambiental, social, human\u00edstico y cultural; \u00abla generaci\u00f3n de estudios en las diversas \u00e1reas del conocimiento que permitan a ambas instancias la toma de decisiones en sus respectivos \u00e1mbitos de competencia\u00bb.<\/p>\n<p>Explic\u00f3 que el Consejo de la Judicatura del Estado de Veracruz solicit\u00f3 a la Direcci\u00f3n General de Vinculaci\u00f3n de la Universidad una colaboraci\u00f3n para el proceso de selecci\u00f3n de aspirantes a jueces de primera instancia especializados<br \/>\nen materia familiar.<\/p>\n<p>La Facultad de Psicolog\u00eda ha sido la entidad acad\u00e9mica que apoya dicha selecci\u00f3n, con un enfoque que integra lo jur\u00eddico con lo psicol\u00f3gico, como punto de partida.<\/p>\n<p>\u00abDicha solicitud abri\u00f3 la puerta para firmar el convenio de colaboraci\u00f3n que sienta las bases para el desarrollo de otros proyectos y programas que abarquen materias como la prestaci\u00f3n de servicio social y la capacitaci\u00f3n del personal que labora en el Poder Judicial, aportando as\u00ed elementos para una labor responsable y sensible que contribuya al bienestar de todos los actores involucrados\u00bb, destac\u00f3.<\/p>\n<p>En ese sentido, alumnos, profesores y egresados de la UV participar\u00e1n \u00abcon el objetivo de fortalecer nuestras propias capacidades acad\u00e9micas y de desarrollar l\u00edneas de generaci\u00f3n y aplicaci\u00f3n del conocimiento con pertinencia social\u00bb.<\/p>\n<p>Ladr\u00f3n de Guevara puntualiz\u00f3 que \u00abhoy m\u00e1s que nunca nuestra sociedad demanda una impartici\u00f3n de justicia lo m\u00e1s cercana y apegada posible a los derechos humanos; para cumplir con esta tarea es necesario, entre otras cosas, contar con jueces aptos y capacitados para el desarrollo de su funci\u00f3n, con autoridad profesional suficiente y con la sensibilidad humana para reconocer los conflictos propios al interior de la familia, las instituciones y en general de la sociedad en su conjunto\u00bb.<\/p>\n<p>En tanto, Alberto Sosa Hern\u00e1ndez plante\u00f3 que este convenio servir\u00e1 para fortalecer la vinculaci\u00f3n institucional entre el Poder Judicial y la m\u00e1xima casa de estudios, \u00abrelaci\u00f3n que se ha fincado en el respeto a las atribuciones que la ley le otorga a cada instituci\u00f3n; pero, sobre todo, en el reconocimiento a las actividades que se desarrollan en cada una de ellas\u00bb.<\/p>\n<p>Asimismo, cit\u00f3 el servicio social y las pr\u00e1cticas profesionales que los universitarios realizan en su dependencia, \u00abque permiten a los estudiantes consolidar los conocimientos aprendidos en las aulas y, al Poder Judicial, contar con ese invaluable apoyo en la dif\u00edcil tarea de impartir justicia a los veracruzanos\u00bb.<\/p>\n<p>Como testigos de la firma asistieron Leticia Rodr\u00edguez Audirac, secretaria Acad\u00e9mica; Clementina Guerrero Garc\u00eda, secretaria de Administraci\u00f3n y Finanzas; Octavio Ochoa Contreras, secretario de la Rector\u00eda; entre otros funcionarios de la UV, as\u00ed como magistrados integrantes del Poder Judicial del Estado.<\/p>\n","protected":false},"excerpt":{"rendered":"<p>La Universidad Veracruzana (UV) y el Consejo de la Judicatura del Poder Judicial del Estado de Veracruz firmaron el 23 de marzo un convenio de colaboraci\u00f3n que sent\u00f3 las bases para una vinculaci\u00f3n acad\u00e9mica, cient\u00edfica, tecnol\u00f3gica, human\u00edstica y cultural entre ambas entidades.<\/p>\n\r\n<div class=\"seriesmeta\">Contenido 6 de 44 del n\u00famero <a href=\"https:\/\/www.uv.mx\/universo\/numero\/595\/\" class=\"series-327\" title=\"595\">595<\/a><\/div>","protected":false},"author":1664,"featured_media":4635,"comment_status":"closed","ping_status":"closed","sticky":false,"template":"","format":"standard","meta":[],"categories":[1],"tags":[],"series":[327],"_links":{"self":[{"href":"https:\/\/www.uv.mx\/universo\/wp-json\/wp\/v2\/posts\/4696"}],"collection":[{"href":"https:\/\/www.uv.mx\/universo\/wp-json\/wp\/v2\/posts"}],"about":[{"href":"https:\/\/www.uv.mx\/universo\/wp-json\/wp\/v2\/types\/post"}],"author":[{"embeddable":true,"href":"https:\/\/www.uv.mx\/universo\/wp-json\/wp\/v2\/users\/1664"}],"replies":[{"embeddable":true,"href":"https:\/\/www.uv.mx\/universo\/wp-json\/wp\/v2\/comments?post=4696"}],"version-history":[{"count":0,"href":"https:\/\/www.uv.mx\/universo\/wp-json\/wp\/v2\/posts\/4696\/revisions"}],"wp:featuredmedia":[{"embeddable":true,"href":"https:\/\/www.uv.mx\/universo\/wp-json\/wp\/v2\/media\/4635"}],"wp:attachment":[{"href":"https:\/\/www.uv.mx\/universo\/wp-json\/wp\/v2\/media?parent=4696"}],"wp:term":[{"taxonomy":"category","embeddable":true,"href":"https:\/\/www.uv.mx\/universo\/wp-json\/wp\/v2\/categories?post=4696"},{"taxonomy":"post_tag","embeddable":true,"href":"https:\/\/www.uv.mx\/universo\/wp-json\/wp\/v2\/tags?post=4696"},{"taxonomy":"series","embeddable":true,"href":"https:\/\/www.uv.mx\/universo\/wp-json\/wp\/v2\/series?post=4696"}],"curies":[{"name":"wp","href":"https:\/\/api.w.org\/{rel}","templated":true}]}}