{"id":4907,"date":"2015-03-09T07:59:54","date_gmt":"2015-03-09T13:59:54","guid":{"rendered":"https:\/\/www.uv.mx\/universo\/?p=4907"},"modified":"2015-10-28T17:25:55","modified_gmt":"2015-10-28T23:25:55","slug":"lucha-feminista-sigue-vigente-andrea-medina-rosas","status":"publish","type":"post","link":"https:\/\/www.uv.mx\/universo\/general\/lucha-feminista-sigue-vigente-andrea-medina-rosas\/","title":{"rendered":"Lucha feminista sigue vigente: Andrea Medina Rosas"},"content":{"rendered":"<div class=\"seriesmeta noshow\">Contenido 6 de 44 del n\u00famero <a href=\"https:\/\/www.uv.mx\/universo\/numero\/593\/\" class=\"series-328\" title=\"593\">593<\/a><\/div>\r\n<div id=\"attachment_4849\" style=\"width: 310px\" class=\"wp-caption alignright\"><a href=\"https:\/\/www.uv.mx\/universo\/files\/2015\/05\/Temis_Universo-593_0001.jpg\"><img aria-describedby=\"caption-attachment-4849\" decoding=\"async\" loading=\"lazy\" class=\"size-medium wp-image-4849\" src=\"https:\/\/www.uv.mx\/universo\/files\/2015\/05\/Temis_Universo-593_0001-300x200.jpg\" alt=\"Mar\u00eda Eugenia Guadarrama, Andrea Medina y Leticia Rodr\u00edguez\" width=\"300\" height=\"200\" srcset=\"https:\/\/www.uv.mx\/universo\/files\/2015\/05\/Temis_Universo-593_0001-300x200.jpg 300w, https:\/\/www.uv.mx\/universo\/files\/2015\/05\/Temis_Universo-593_0001.jpg 722w\" sizes=\"(max-width: 300px) 100vw, 300px\" \/><\/a><p id=\"caption-attachment-4849\" class=\"wp-caption-text\">Mar\u00eda Eugenia Guadarrama, Andrea Medina y Leticia Rodr\u00edguez<\/p><\/div>\n<p><em>Siempre ha pugnado por los principios de la modernidad, la libertad y la igualdad<\/em><\/p>\n<p><span style=\"font-size: 8pt\"><strong>Karina de la Paz Reyes<\/strong><\/span><\/p>\n<p>Andrea Medina Rosas, defensora de los Derechos Humanos, ofreci\u00f3 una conferencia a prop\u00f3sito del D\u00eda Internacional de la Mujer, el 3 de marzo en la Unidad de Servicios Bibliotecarios y de Informaci\u00f3n, durante la cual enlist\u00f3 los logros y retos que hay en materia de igualdad social y erradicaci\u00f3n de la violencia contra las mujeres.<\/p>\n<p>La conferencia titulada \u201c8 de marzo a un siglo. Avances y retos en los derechos de las mujeres\u201d, fue organizada por el Centro de Estudios de G\u00e9nero de la Universidad Veracruzana (CEGUV), y a ella asistieron la coordinadora del mismo, Mar\u00eda Eugenia Guadarrama Olivera, y la secretaria acad\u00e9mica, Leticia Rodr\u00edguez Audirac.<\/p>\n<p>Medina Rosas coment\u00f3 que algunas personas piensan que en un siglo la situaci\u00f3n de las mujeres no ha cambiado nada o casi nada, no obstante s\u00ed hay grandes logros: ya se reconoce la ciudadan\u00eda, se quitaron las prohibiciones para trabajar, hay nuevas condiciones y programas con posibilidades para garantizar los Derechos Humanos.<\/p>\n<p>\u201cTenemos un siglo conmemorando en todo el mundo que las mujeres son sujetos de Derechos Humanos\u201d, destac\u00f3 quien tambi\u00e9n fue una de las litigantes del caso Campo Algodonero, referente a los asesinatos de mujeres en<br \/>\nCiudad Ju\u00e1rez y por el cual la Corte Interamericana de Derechos Humanos conden\u00f3 al Estado mexicano.<\/p>\n<p>Sin embargo, advirti\u00f3 que todav\u00eda hay quienes insisten en que las mujeres regresen al espacio privado o a condiciones donde no se garantizan los Derechos Humanos. Y esas personas, que insisten en normalizar la desigualdad, son precisamente las que se benefician de la explotaci\u00f3n.<\/p>\n<p>Otra advertencia, dijo, es que hay personas que plantean que el cambio social se debe dar mediante la violencia, pero la alternativa es en paz, lo cual no significa ingenuidad sino inteligencia y conocimiento para definir estrategias sociales y pol\u00edticas que transformen las relaciones sociales.<\/p>\n<p>Como parte de la revisi\u00f3n hist\u00f3rica que hizo, cit\u00f3 que entre 1909 y 1917 mujeres socialistas reflexionaron c\u00f3mo a pesar de que los hombres trabajadores ya hab\u00edan conseguido la mayor\u00eda de los derechos laborales, ellas no.<\/p>\n<p>Entre los reclamos estaba el reconocimiento como ciudadanas, pues en 1917 las mujeres no ten\u00edan derecho a votar, tampoco eran reconocidas para tener un cargo p\u00fablico o administrar sus bienes y una serie m\u00e1s amplia de restricciones sociales.<\/p>\n<p>En esa \u00e9poca, en casi todo el mundo las trabajadoras demandaban la reducci\u00f3n de la jornada laboral a 10 horas, mejores salarios, tiempo de lactancia, educaci\u00f3n y formaci\u00f3n, salario igualitario, derecho a afiliarse a alguna organizaci\u00f3n sindical y prohibir el trabajo infantil.<\/p>\n<p>Pero ante tales demandas y huelgas, los patrones decid\u00edan encerrarlas y quemarlas vivas en las f\u00e1bricas, encarcelarlas o desprestigiarlas socialmente. Fue en ese contexto que las lideresas socialistas plantearon la necesidad de designar un d\u00eda para que socialmente se reconozcan las condiciones de desigualdad de las mujeres.<\/p>\n<p>\u201cMe parece importante volver a poner estos elementos sobre la mesa, porque todav\u00eda tienen vigencia, tan s\u00f3lo por las condiciones laborales que tenemos. En los \u00faltimos a\u00f1os en este pa\u00eds se debatieron con mucha tensi\u00f3n pol\u00edtica las reformas Laboral y Educativa\u201d, subray\u00f3.<\/p>\n<p>\u201cPor otro lado, es importante traerlo al presente, porque quienes defienden sus derechos todav\u00eda generan cierto resquemor y necesitamos decir que las mujeres que trabajan en lo p\u00fablico, que defienden sus derechos o ponen l\u00edmites a la violencia y la discriminaci\u00f3n, no es que sean malhumoradas o intolerantes, sino que est\u00e1n demandando la ciudadan\u00eda y los derechos que les corresponden\u201d, a\u00f1adi\u00f3.<\/p>\n<p>Hay personas que critican que s\u00f3lo se celebre el D\u00eda Internacional de la Mujer y no el del hombre, sin tomar en consideraci\u00f3n el significado pol\u00edtico de la conmemoraci\u00f3n, pues ellos quiz\u00e1 habr\u00e1n padecido discriminaci\u00f3n por su origen \u00e9tnico, cuestiones de salud o nivel econ\u00f3mico, pero no por ser hombres, pues \u201csiempre han sido ciudadanos\u201d, aclar\u00f3.<\/p>\n<p>Andrea Medina Rosas tambi\u00e9n cit\u00f3 el decenio de las mujeres, impulsado por la Organizaci\u00f3n de Naciones Unidas (ONU), que abarc\u00f3 de 1975 a 1985 y tuvo entre sus resultados la Convenci\u00f3n sobre la Eliminaci\u00f3n de todas las Formas de Discriminaci\u00f3n contra la Mujer.<\/p>\n<p>En 1995, continu\u00f3, se realiz\u00f3 la Cuarta Conferencia Mundial sobre la Mujer, cuyo objetivo fue renovar el compromiso de la comunidad internacional bajo la Conferencia de Beijing, instrumento que a la fecha marca las metas a trabajar y construir.<\/p>\n<p>Dicha conferencia contempla varios ejes como erradicar la pobreza y la violencia; la educaci\u00f3n y formaci\u00f3n de las mujeres; la salud; la toma de decisiones en espacios pol\u00edticos, el medio ambiente, la econom\u00eda mundial (hoy llamada feminista); que los medios de comunicaci\u00f3n aporten nuevos valores, y la ni\u00f1a en s\u00ed, como un ser con sus propios derechos.<\/p>\n<p>La tambi\u00e9n consultora independiente mostr\u00f3 que \u201cllevamos d\u00e9cadas, pero los cambios no son espont\u00e1neos, implican decisi\u00f3n, claridad y tiempo\u201d.<\/p>\n<p>Para ilustrar la situaci\u00f3n de las mujeres en M\u00e9xico, indic\u00f3 que de acuerdo al Instituto Nacional de Estad\u00edstica y Geograf\u00eda, el 42 por ciento de la Poblaci\u00f3n Econ\u00f3micamente Activa en el pa\u00eds son madres trabajadoras, de \u00e9stas el 97 por ciento realizan trabajo dom\u00e9stico y el 72 por ciento son solteras.<\/p>\n<p>Adem\u00e1s, el 17 por ciento de esas madres trabajadoras carece de instrucci\u00f3n escolar y el 75 por ciento de ellas no estudi\u00f3 o s\u00f3lo lleg\u00f3 a la secundaria. \u201cTenemos un siglo exigiendo formaci\u00f3n y todav\u00eda tenemos situaciones que no nos llevan a la plenitud de esos derechos\u201d.<\/p>\n<p>Para dar una muestra m\u00e1s de la situaci\u00f3n que viven las mujeres, precis\u00f3 que en el \u00e1rea metropolitana del Distrito Federal el 60 por ciento de las mujeres trabajadoras se desenvuelven en el sector informal, lo que significa que no cuentan con seguridad social (guarder\u00eda, servicios de salud, acceso a vivienda y que no tendr\u00e1n jubilaci\u00f3n) y s\u00f3lo el 15 por ciento del total labora en el sector formal, y de \u00e9ste el 10 por ciento pertenece a alguna organizaci\u00f3n sindical.<\/p>\n","protected":false},"excerpt":{"rendered":"<p>Andrea Medina Rosas, defensora de los Derechos Humanos, ofreci\u00f3 una conferencia a prop\u00f3sito del D\u00eda Internacional de la Mujer, el 3 de marzo en la Unidad de Servicios Bibliotecarios y de Informaci\u00f3n, durante la cual enlist\u00f3 los logros y retos que hay en materia de igualdad social y erradicaci\u00f3n de la violencia contra las mujeres.<\/p>\n\r\n<div class=\"seriesmeta\">Contenido 6 de 44 del n\u00famero <a href=\"https:\/\/www.uv.mx\/universo\/numero\/593\/\" class=\"series-328\" title=\"593\">593<\/a><\/div>","protected":false},"author":1664,"featured_media":4849,"comment_status":"closed","ping_status":"closed","sticky":false,"template":"","format":"standard","meta":[],"categories":[1],"tags":[],"series":[328],"_links":{"self":[{"href":"https:\/\/www.uv.mx\/universo\/wp-json\/wp\/v2\/posts\/4907"}],"collection":[{"href":"https:\/\/www.uv.mx\/universo\/wp-json\/wp\/v2\/posts"}],"about":[{"href":"https:\/\/www.uv.mx\/universo\/wp-json\/wp\/v2\/types\/post"}],"author":[{"embeddable":true,"href":"https:\/\/www.uv.mx\/universo\/wp-json\/wp\/v2\/users\/1664"}],"replies":[{"embeddable":true,"href":"https:\/\/www.uv.mx\/universo\/wp-json\/wp\/v2\/comments?post=4907"}],"version-history":[{"count":0,"href":"https:\/\/www.uv.mx\/universo\/wp-json\/wp\/v2\/posts\/4907\/revisions"}],"wp:featuredmedia":[{"embeddable":true,"href":"https:\/\/www.uv.mx\/universo\/wp-json\/wp\/v2\/media\/4849"}],"wp:attachment":[{"href":"https:\/\/www.uv.mx\/universo\/wp-json\/wp\/v2\/media?parent=4907"}],"wp:term":[{"taxonomy":"category","embeddable":true,"href":"https:\/\/www.uv.mx\/universo\/wp-json\/wp\/v2\/categories?post=4907"},{"taxonomy":"post_tag","embeddable":true,"href":"https:\/\/www.uv.mx\/universo\/wp-json\/wp\/v2\/tags?post=4907"},{"taxonomy":"series","embeddable":true,"href":"https:\/\/www.uv.mx\/universo\/wp-json\/wp\/v2\/series?post=4907"}],"curies":[{"name":"wp","href":"https:\/\/api.w.org\/{rel}","templated":true}]}}